{"id":10494,"date":"2020-03-01T22:07:48","date_gmt":"2020-03-01T21:07:48","guid":{"rendered":"https:\/\/szslucnalc.sk\/?p=10494"},"modified":"2020-03-01T22:07:49","modified_gmt":"2020-03-01T21:07:49","slug":"zivot-s-aspergerovym-syndromom-a-autismom","status":"publish","type":"post","link":"https:\/\/szslucnalc.sk\/?p=10494","title":{"rendered":"\u017divot s Aspergerov\u00fdm syndr\u00f3mom a autismom&#8230;"},"content":{"rendered":"\n<p>\u00a0&#8230;je pre mnoh\u00fdch z\u00a0n\u00e1s nezn\u00e1mym pojmom. Vidie\u0165, po\u010du\u0165 a by\u0165 s\u00a0de\u0165mi s\u00a0touto diagn\u00f3zou sme mali mo\u017enos\u0165 dva dni po sebe \u2013 20. a\u00a021. febru\u00e1ra 2020 na Z\u00e1kladnej \u0161kole pre sluchovo-postihnut\u00fdch v\u00a0Lu\u010denci. <\/p>\n\n\n\n<p>Autizmus aj\nAspergerov syndr\u00f3m s\u00fa zrejme najz\u00e1hadnej\u0161ou v\u00fdvinovou poruchou spr\u00e1vania. Pred\n70-timi rokmi bol z\u00e1hadou, ke\u010f rak\u00fasky psychiater Leo Kanner po prv\u00fdkr\u00e1t\nhovoril o de\u0165och postihnut\u00fdch \u201eneschopnos\u0165ou norm\u00e1lnej interakcie s ostatn\u00fdmi,\nsoci\u00e1lnou izol\u00e1ciou a stiahnut\u00edm sa do seba\u201c. A ost\u00e1va z\u00e1hadou e\u0161te dnes,\nnapriek pokroku vedeck\u00e9ho v\u00fdskumu a&nbsp;mno\u017estvu poznatkov z psychol\u00f3gie,\nbiol\u00f3gie a neurol\u00f3gie. T\u00fato z\u00e1hadu sme sa sna\u017eili rozl\u00fasknu\u0165. Deti sme u\u010dili,\nako sa maj\u00fa stara\u0165 o&nbsp;svoje tel\u00ed\u010dko a um\u00fdva\u0165 si z\u00fabky. Ve\u013emi pr\u00edjemn\u00fdm\nspestren\u00edm bola \u00fa\u010das\u0165 na karnevale det\u00ed, be\u017en\u00e9 hranie sa \u010di prech\u00e1dzka\ns&nbsp;nimi na \u010derstvom vzduchu. &nbsp;V\u010faka\nt\u00fdmto chv\u00ed\u013eam m\u00f4\u017eeme skon\u0161tatova\u0165, \u017ee najd\u00f4le\u017eitej\u0161ie je prija\u0165 det\u00ed\ns&nbsp;Aspergerov\u00fdm syndr\u00f3mom a&nbsp;autismom a&nbsp;integrova\u0165 ich medzi seba,\nmedzi n\u00e1s v\u0161etk\u00fdch&#8230;<\/p>\n\n\n\n<p>Dominika,\nSa\u0161ka, Kika, Bianka 3.A<\/p>\n","protected":false},"excerpt":{"rendered":"<p>&nbsp;&hellip;je pre mnoh&yacute;ch z&nbsp;n&aacute;s nezn&aacute;mym pojmom. Vidie&#357;, po&#269;u&#357; a by&#357; s&nbsp;de&#357;mi s&nbsp;touto diagn&oacute;zou sme mali mo&#382;nos&#357; dva dni po sebe &ndash; 20. a&nbsp;21. febru&aacute;ra 2020 na<span class=\"excerpt-hellip\"> [\u2026]<\/span><\/p>\n","protected":false},"author":2,"featured_media":10507,"comment_status":"closed","ping_status":"closed","sticky":false,"template":"","format":"standard","meta":{"footnotes":""},"categories":[6],"tags":[],"class_list":["post-10494","post","type-post","status-publish","format-standard","has-post-thumbnail","hentry","category-charita"],"aioseo_notices":[],"_links":{"self":[{"href":"https:\/\/szslucnalc.sk\/index.php?rest_route=\/wp\/v2\/posts\/10494","targetHints":{"allow":["GET"]}}],"collection":[{"href":"https:\/\/szslucnalc.sk\/index.php?rest_route=\/wp\/v2\/posts"}],"about":[{"href":"https:\/\/szslucnalc.sk\/index.php?rest_route=\/wp\/v2\/types\/post"}],"author":[{"embeddable":true,"href":"https:\/\/szslucnalc.sk\/index.php?rest_route=\/wp\/v2\/users\/2"}],"replies":[{"embeddable":true,"href":"https:\/\/szslucnalc.sk\/index.php?rest_route=%2Fwp%2Fv2%2Fcomments&post=10494"}],"version-history":[{"count":1,"href":"https:\/\/szslucnalc.sk\/index.php?rest_route=\/wp\/v2\/posts\/10494\/revisions"}],"predecessor-version":[{"id":10508,"href":"https:\/\/szslucnalc.sk\/index.php?rest_route=\/wp\/v2\/posts\/10494\/revisions\/10508"}],"wp:featuredmedia":[{"embeddable":true,"href":"https:\/\/szslucnalc.sk\/index.php?rest_route=\/wp\/v2\/media\/10507"}],"wp:attachment":[{"href":"https:\/\/szslucnalc.sk\/index.php?rest_route=%2Fwp%2Fv2%2Fmedia&parent=10494"}],"wp:term":[{"taxonomy":"category","embeddable":true,"href":"https:\/\/szslucnalc.sk\/index.php?rest_route=%2Fwp%2Fv2%2Fcategories&post=10494"},{"taxonomy":"post_tag","embeddable":true,"href":"https:\/\/szslucnalc.sk\/index.php?rest_route=%2Fwp%2Fv2%2Ftags&post=10494"}],"curies":[{"name":"wp","href":"https:\/\/api.w.org\/{rel}","templated":true}]}}