{"id":10531,"date":"2020-03-06T08:18:03","date_gmt":"2020-03-06T07:18:03","guid":{"rendered":"https:\/\/szslucnalc.sk\/?p=10531"},"modified":"2020-03-06T18:32:05","modified_gmt":"2020-03-06T17:32:05","slug":"aj-tento-rok-sme-sa-zapotili","status":"publish","type":"post","link":"https:\/\/szslucnalc.sk\/?p=10531","title":{"rendered":"SO\u010cka &#8211; aj tento rok sme sa zapotili"},"content":{"rendered":"\n<p><em>Ako ka\u017ed\u00fd rok aj tento sa na p\u00f4de na\u0161ej \u0161koly SZ\u0160&nbsp; 05.03.2020 uskuto\u010dnilo \u0161kolsk\u00e9 kolo prehliadky&nbsp; stredo\u0161kolsk\u00fdch odborn\u00fdch pr\u00e1c. Z\u00fa\u010dastnili sme sa jej my, \u017eiaci 3. ro\u010dn\u00edka. Tento rok sa zapojilo do prehliadky 10 pr\u00e1c r\u00f4znych odborov.<\/em><\/p>\n\n\n\n<p>Neboli\nto len pr\u00e1ce zameran\u00e9 na&nbsp; zdravotn\u00edcku\ntematiku, ale aj pr\u00e1ca s&nbsp;problematikou \u017eivotn\u00e9ho prostredia a&nbsp;umeleckej\ntvorby.&nbsp; Tvorba pr\u00e1c bola n\u00e1ro\u010dn\u00e1\na&nbsp;dos\u0165 sme sa s&nbsp;nimi popasovali, ale bol to z\u00e1\u017eitok, ktor\u00fd n\u00e1m priniesol\nmnoho nov\u00fdch sk\u00fasenost\u00ed a&nbsp;n\u00e1dej\u00ed. <\/p>\n\n\n\n<p>Pri\nobhajobe na\u0161ich pr\u00e1c nemohla ch\u00fdba\u0165&nbsp;\nnervozita a&nbsp;nap\u00e4tie. Obhajoba na\u0161ej pr\u00e1ce prebiehala pod dozorom\nodbornej komisie v zlo\u017een\u00ed: PhDr. Miroslava Sekulov\u00e1, Mgr. M\u00e1ria Papaiov\u00e1, Mgr.\nAngelika Hergelov\u00e1. Bolo to ve\u013emi n\u00e1ro\u010dn\u00e9, ale zvl\u00e1dli sme to. <\/p>\n\n\n\n<p>Na\nz\u00e1ver by sme ve\u013emi pekne chceli po\u010fakova\u0165 na\u0161im konzultantom za rady\na&nbsp;odborn\u00e9 vedenie pri na\u0161ich pr\u00e1cach a prezent\u00e1ci\u00e1ch. \u010eakujeme!<\/p>\n\n\n\n<p><em>Pon\u00fakame zoznam s\u00fa\u0165a\u017en\u00fdch SO\u010c-iek\na&nbsp;ich autorov :<\/em><\/p>\n\n\n\n<p><strong>1.Vplyv\nglob\u00e1lneho otep\u013eovanie na na\u0161u plan\u00e9tu <\/strong>: <em>autor<\/em> Filip Pri\u0161kin, <em>spoluautor<\/em>\n: Jakub Varga, 3.B,&nbsp; <\/p>\n\n\n\n<p><em>Odbor \u010d. 5\n\u017eivotn\u00e9 prostredie, geografia, geol\u00f3gia <\/em>&nbsp;<\/p>\n\n\n\n<p><strong><em>2.<\/em><\/strong><strong>Tetovanie\nako forma umenia \u010di predsudok &#8211;<\/strong><strong>\n<\/strong><em>autor: <\/em>Nina\nKu\u0161p\u00e1lov\u00e1<em>, 3.A <\/em><\/p>\n\n\n\n<p><em>Odbor\n\u010d. 16 \u2013 Te\u00f3ria kult\u00fary, umenia a umeleckej tvorby <\/em><\/p>\n\n\n\n<p><strong>3.\u017divot\ndet\u00ed s&nbsp;Aspergerov\u00fdm&nbsp; syndr\u00f3m<\/strong> &#8211; <em>&nbsp;autor: <\/em>Dominika Erd\u00f3diov\u00e1, <em>spoluautor <\/em>:\nKrist\u00edna Kojnokov\u00e1, Bianka Gergi\u0161\u00e1kov\u00e1, 3.A <\/p>\n\n\n\n<p><em>Odbor\n\u010d. 17 Pedagogika, psychol\u00f3gia, sociol\u00f3gia &#8211; <\/em><strong>1. miesto <\/strong><\/p>\n\n\n\n<p><strong>4.Prevencia\n\u00farazovosti v&nbsp;\u0161kolskom veku<\/strong><em> : autor<\/em> Annam\u00e1ria Moln\u00e1rov\u00e1, spoluautor:&nbsp; Simona Goceliakov\u00e1, Ter\u00e9zia Kajtorov\u00e1 ,3.B <\/p>\n\n\n\n<p><em>Odbor\n\u010d. 17 Pedagogika, psychol\u00f3gia, sociol\u00f3gia-&nbsp;\n<\/em><strong>2.\nmiesto <\/strong><em><\/em><\/p>\n\n\n\n<p><strong>5.Syndr\u00f3m trasen\u00e9ho die\u0165a\u0165a<\/strong>&nbsp; &#8211;<em> autor<\/em>:\nMonika Murin\u010dekov\u00e1<em>, spoluautor<\/em>\nAlexandra Pacherov\u00e1, Daniela Vrancov\u00e1 ,3.<em>B&nbsp;\n<strong>&nbsp;<\/strong><\/em><\/p>\n\n\n\n<p><em>Odbor\n\u010d. 17 Pedagogika, psychol\u00f3gia, sociol\u00f3gia &#8211; <\/em><strong>3.\nmiesto<\/strong><\/p>\n\n\n\n<p><strong>6.Srdce\nna dlani<\/strong> &#8211;<em>\nautor<\/em> Nat\u00e1lia Majanov\u00e1 , <em>spoluautor<\/em> Michaela Chrapkov\u00e1 3.A <\/p>\n\n\n\n<p><em>Odbor\n\u010d. 6 zdravotn\u00edctvo, farmakol\u00f3gia-&nbsp; <\/em><strong>1. miesto<\/strong><em> <\/em><\/p>\n\n\n\n<p><strong>7.Klimakt\u00e9rium <\/strong>&#8211;<em>&nbsp; autor<\/em> : Diana Fodorov\u00e1, <em>spoluautor<\/em>\n:&nbsp; Nikola Mi\u010dodov\u00e1, R\u00f3bert Michalek,\n3.B&nbsp; <\/p>\n\n\n\n<p><em>Odbor\n\u010d. 6 zdravotn\u00edctvo, farmakol\u00f3gia &#8211;&nbsp; <\/em><strong>2. miesto<\/strong><em> <\/em><strong><\/strong><\/p>\n\n\n\n<p><strong>8.Alternat\u00edvne\nmo\u017enosti faj\u010denia<\/strong>\n:<em> autor<\/em> Adri\u00e1n Kme\u0165, 3.A <\/p>\n\n\n\n<p><em>Odbor\n\u010d. 6 zdravotn\u00edctvo, farmakol\u00f3gia <\/em><\/p>\n\n\n\n<p><strong>9.O\u010dkovanie \u00e1no alebo nie ?<\/strong><em>&#8211;&nbsp; autor:<\/em>&nbsp;\nMonika Spodniakov\u00e1, <em>spoluautor<\/em>:&nbsp;\nJana Mr\u00e1zov\u00e1, Claudia Naszaliov\u00e1, 3.B<\/p>\n\n\n\n<p><em>Odbor\n\u010d. 6 zdravotn\u00edctvo, farmakol\u00f3gia <\/em><\/p>\n\n\n\n<p><strong>10.Boj\ns&nbsp;bielym jedom &#8211; <\/strong><em>&nbsp;autor<\/em> Simona Popov\u00e1, <em>spoluauto<\/em>r\nAnna \u010cie\u0161kov\u00e1, 3.A <\/p>\n\n\n\n<p>&nbsp;<em>Odbor \u010d. 6 zdravotn\u00edctvo, farmakol\u00f3gia <\/em><\/p>\n\n\n\n<p><strong><em>Gratulujeme v\u00ed\u0165azom\na&nbsp;postupuj\u00facim na krajsk\u00e9 kolo!<\/em><\/strong><\/p>\n\n\n\n<p><strong><em>Kolekt\u00edv\n3.A,B <\/em><\/strong><\/p>\n","protected":false},"excerpt":{"rendered":"<p>Ako ka&#382;d&yacute; rok aj tento sa na p&ocirc;de na&scaron;ej &scaron;koly SZ&Scaron;&nbsp; 05.03.2020 uskuto&#269;nilo &scaron;kolsk&eacute; kolo prehliadky&nbsp; stredo&scaron;kolsk&yacute;ch odborn&yacute;ch pr&aacute;c. Z&uacute;&#269;astnili sme sa jej my, &#382;iaci 3.<span class=\"excerpt-hellip\"> [\u2026]<\/span><\/p>\n","protected":false},"author":2,"featured_media":10614,"comment_status":"closed","ping_status":"closed","sticky":false,"template":"","format":"standard","meta":{"footnotes":""},"categories":[8],"tags":[],"class_list":["post-10531","post","type-post","status-publish","format-standard","has-post-thumbnail","hentry","category-ine"],"aioseo_notices":[],"_links":{"self":[{"href":"https:\/\/szslucnalc.sk\/index.php?rest_route=\/wp\/v2\/posts\/10531","targetHints":{"allow":["GET"]}}],"collection":[{"href":"https:\/\/szslucnalc.sk\/index.php?rest_route=\/wp\/v2\/posts"}],"about":[{"href":"https:\/\/szslucnalc.sk\/index.php?rest_route=\/wp\/v2\/types\/post"}],"author":[{"embeddable":true,"href":"https:\/\/szslucnalc.sk\/index.php?rest_route=\/wp\/v2\/users\/2"}],"replies":[{"embeddable":true,"href":"https:\/\/szslucnalc.sk\/index.php?rest_route=%2Fwp%2Fv2%2Fcomments&post=10531"}],"version-history":[{"count":2,"href":"https:\/\/szslucnalc.sk\/index.php?rest_route=\/wp\/v2\/posts\/10531\/revisions"}],"predecessor-version":[{"id":10634,"href":"https:\/\/szslucnalc.sk\/index.php?rest_route=\/wp\/v2\/posts\/10531\/revisions\/10634"}],"wp:featuredmedia":[{"embeddable":true,"href":"https:\/\/szslucnalc.sk\/index.php?rest_route=\/wp\/v2\/media\/10614"}],"wp:attachment":[{"href":"https:\/\/szslucnalc.sk\/index.php?rest_route=%2Fwp%2Fv2%2Fmedia&parent=10531"}],"wp:term":[{"taxonomy":"category","embeddable":true,"href":"https:\/\/szslucnalc.sk\/index.php?rest_route=%2Fwp%2Fv2%2Fcategories&post=10531"},{"taxonomy":"post_tag","embeddable":true,"href":"https:\/\/szslucnalc.sk\/index.php?rest_route=%2Fwp%2Fv2%2Ftags&post=10531"}],"curies":[{"name":"wp","href":"https:\/\/api.w.org\/{rel}","templated":true}]}}