{"id":10679,"date":"2020-03-24T14:40:35","date_gmt":"2020-03-24T13:40:35","guid":{"rendered":"https:\/\/szslucnalc.sk\/?p=10679"},"modified":"2020-03-24T14:51:28","modified_gmt":"2020-03-24T13:51:28","slug":"skoly-budu-zatvorene-az-do-odvolania-2","status":"publish","type":"post","link":"https:\/\/szslucnalc.sk\/?p=10679","title":{"rendered":"\u0160koly bud\u00fa zatvoren\u00e9 a\u017e do odvolania"},"content":{"rendered":"\n<p>Pozrite si tla\u010dov\u00fa konferenciu ministra \u0161kolstva &#8211; maturova\u0165 sa bude, ale nie p\u00edsomne, prij\u00edma\u010dky sa ods\u00favaj\u00fa &#8230;<\/p>\n\n\n\n<h3 class=\"wp-block-heading\">Maturanti zmaturuj\u00fa aj bez p\u00edsomn\u00fdch testov, uis\u0165uje minister<\/h3>\n\n\n\n<p>Stredo\u0161kol\u00e1ci tento rok nebud\u00fa ma\u0165 p\u00edsomn\u00e9 maturity, ktor\u00e9 sa mali kona\u0165 za\u010diatkom apr\u00edla.<\/p>\n\n\n\n<p>\u00dastne maturity zatia\u013e zru\u0161en\u00e9 nie s\u00fa, pod\u013ea pl\u00e1nu by sa mali kona\u0165 \nv&nbsp;term\u00edne 1. a\u017e 19. j\u00fana. Aj toto v\u0161ak ministerstvo pos\u00fava na neur\u010dito. \n\u00dastne maturity by sa mali kona\u0165 do dvoch t\u00fd\u017ed\u0148ov po tom, \u010do sa \u0161tudenti \nvr\u00e1tia do nasp\u00e4\u0165 do \u0161k\u00f4l, pod\u013ea ministra v\u0161ak najnesk\u00f4r do 30. j\u00fana, \na&nbsp;teda e\u0161te v&nbsp;tomto \u0161kolskom roku.<\/p>\n\n\n\n<p>\u201eM\u00f4\u017eem ubezpe\u010di\u0165 maturantov, \u017ee ur\u010dite zmaturuj\u00fa, zatia\u013e to tak \npl\u00e1nujeme.\u201c Ak sa \u0161tudenti nevr\u00e1tia do \u0161k\u00f4l ani v&nbsp;j\u00fani, minister \npotvrdil, \u017ee pripravuj\u00fa in\u00e9 sp\u00f4soby, aby \u0161tudenti v&nbsp;tomto roku \nzmaturovali.<\/p>\n\n\n\n<p>Minister \u0161kolstva zru\u0161il aj monitor, teda Testovanie 9, ktor\u00e9 mali p\u00edsa\u0165 deviataci na z\u00e1kladn\u00fdch \u0161kol\u00e1ch za\u010diatkom apr\u00edla.<\/p>\n\n\n\n<h3 class=\"wp-block-heading\">Term\u00edny pre prij\u00edma\u010dky na stredn\u00e9 \u0161koly<\/h3>\n\n\n\n<p>Ako sa dostan\u00fa deviataci tento rok na stredn\u00e9 \u0161koly?\n Prij\u00edma\u010dky pod\u013ea ministra \u201eur\u010dite bud\u00fa prebieha\u0165\u201c. \u017diaci si maj\u00fa poda\u0165 \nprihl\u00e1\u0161ky na stredn\u00e9 \u0161koly do 15. m\u00e1ja, a&nbsp;to riadite\u013eovi svojej \nz\u00e1kladnej \u0161koly. Riadite\u013e ich mus\u00ed zasla\u0165 na stredn\u00e9 \u0161koly do t\u00fd\u017ed\u0148a, \nkonkr\u00e9tne do 21. m\u00e1ja.<\/p>\n\n\n\n<p>Term\u00edn samotn\u00fdch prij\u00edma\u010diek na stredn\u00e9 \u0161koly je v\u0161ak neur\u010dit\u00fd. Maj\u00fa \nsa kona\u0165 najsk\u00f4r a\u017e dva t\u00fd\u017edne po tom, \u010do sa deviataci vr\u00e1tia do \u0161k\u00f4l. \n\u201eNevieme ur\u010di\u0165 presn\u00fd term\u00edn, preto to mus\u00edme stanovi\u0165 pod\u013ea toho, ako \nbud\u00fa zru\u0161en\u00e9 opatrenia,\u201c vysvet\u013eoval minister \u0161kolstva.<\/p>\n\n\n\n<p>Minister priznal, \u017ee organizovanie prij\u00edmania deviatakov na stredn\u00e9 \n\u0161koly e\u0161te musia dorie\u0161i\u0165. Pod\u013ea Gr\u00f6hlinga nastan\u00fa v&nbsp;septembri \u010di \nokt\u00f3bri ve\u013ek\u00e9 posuny u&nbsp;\u017eiakov, ktor\u00ed nast\u00fapia na stredn\u00fa \u0161kolu. \u201eLebo \nmo\u017eno bud\u00fa zle prijat\u00ed alebo zistia, \u017ee t\u00e1 \u0161kola nie je t\u00e1 spr\u00e1vna. \nBudeme sa s&nbsp;t\u00fdm musie\u0165 vysporiada\u0165,\u201c vysvetlil minister.<\/p>\n\n\n\n<p>Deviataci v&nbsp;prihl\u00e1\u0161ke nemusia doda\u0165 potvrdenie o&nbsp;zdravotnej  sp\u00f4sobilosti, \u010do bolo doteraz povinn\u00e9, aby tak nesp\u00f4sobili n\u00e1por na  ambulancie v\u0161eobecn\u00fdch lek\u00e1rov.<\/p>\n\n\n\n<p>Prevzat\u00e9 z denn\u00edka N &#8211; https:\/\/dennikn.sk\/1819200\/skoly-ostanu-zatvorene-az-do-odvolania-zrusene-su-pisomne-maturity-a-testovanie-deviatakov\/?ref=tit1 <\/p>\n","protected":false},"excerpt":{"rendered":"<p>Pozrite si tla&#269;ov&uacute; konferenciu ministra &scaron;kolstva &ndash; maturova&#357; sa bude, ale nie p&iacute;somne, prij&iacute;ma&#269;ky sa ods&uacute;vaj&uacute; &hellip; Maturanti zmaturuj&uacute; aj bez p&iacute;somn&yacute;ch testov, uis&#357;uje minister Stredo&scaron;kol&aacute;ci<span class=\"excerpt-hellip\"> [\u2026]<\/span><\/p>\n","protected":false},"author":2,"featured_media":10682,"comment_status":"closed","ping_status":"closed","sticky":false,"template":"","format":"standard","meta":{"footnotes":""},"categories":[8],"tags":[],"class_list":["post-10679","post","type-post","status-publish","format-standard","has-post-thumbnail","hentry","category-ine"],"aioseo_notices":[],"_links":{"self":[{"href":"https:\/\/szslucnalc.sk\/index.php?rest_route=\/wp\/v2\/posts\/10679","targetHints":{"allow":["GET"]}}],"collection":[{"href":"https:\/\/szslucnalc.sk\/index.php?rest_route=\/wp\/v2\/posts"}],"about":[{"href":"https:\/\/szslucnalc.sk\/index.php?rest_route=\/wp\/v2\/types\/post"}],"author":[{"embeddable":true,"href":"https:\/\/szslucnalc.sk\/index.php?rest_route=\/wp\/v2\/users\/2"}],"replies":[{"embeddable":true,"href":"https:\/\/szslucnalc.sk\/index.php?rest_route=%2Fwp%2Fv2%2Fcomments&post=10679"}],"version-history":[{"count":4,"href":"https:\/\/szslucnalc.sk\/index.php?rest_route=\/wp\/v2\/posts\/10679\/revisions"}],"predecessor-version":[{"id":10688,"href":"https:\/\/szslucnalc.sk\/index.php?rest_route=\/wp\/v2\/posts\/10679\/revisions\/10688"}],"wp:featuredmedia":[{"embeddable":true,"href":"https:\/\/szslucnalc.sk\/index.php?rest_route=\/wp\/v2\/media\/10682"}],"wp:attachment":[{"href":"https:\/\/szslucnalc.sk\/index.php?rest_route=%2Fwp%2Fv2%2Fmedia&parent=10679"}],"wp:term":[{"taxonomy":"category","embeddable":true,"href":"https:\/\/szslucnalc.sk\/index.php?rest_route=%2Fwp%2Fv2%2Fcategories&post=10679"},{"taxonomy":"post_tag","embeddable":true,"href":"https:\/\/szslucnalc.sk\/index.php?rest_route=%2Fwp%2Fv2%2Ftags&post=10679"}],"curies":[{"name":"wp","href":"https:\/\/api.w.org\/{rel}","templated":true}]}}