{"id":10745,"date":"2020-04-28T08:44:22","date_gmt":"2020-04-28T06:44:22","guid":{"rendered":"https:\/\/szslucnalc.sk\/?p=10745"},"modified":"2020-04-28T08:45:37","modified_gmt":"2020-04-28T06:45:37","slug":"o-maturitach","status":"publish","type":"post","link":"https:\/\/szslucnalc.sk\/?p=10745","title":{"rendered":"O maturit\u00e1ch &#8230;"},"content":{"rendered":"<p>\n<!--StartFragment--><\/p>\n\n\n<p><strong>Rozhodnutie o term\u00ednoch a\norganiz\u00e1cii internej \u010dasti maturitnej sk\u00fa\u0161ky v \u010dase mimoriadnej situ\u00e1cie v\n\u0161kolskom roku 2019\/2020 <\/strong><\/p>\n\n\n\n<p>23.04.2020<\/p>\n\n\n\n<p><strong>&nbsp;&nbsp;&nbsp;&nbsp; Minister \u0161kolstva, vedy,\nv\u00fdskumu a \u0161portu Slovenskej republiky pod\u013ea \u00a7 150 ods. 8 a \u00a7 161k z\u00e1kona \u010d. 245\/2008\nZ. z. o v\u00fdchove a vzdel\u00e1van\u00ed (\u0161kolsk\u00fd z\u00e1kon) a o zmene a doplnen\u00ed niektor\u00fdch\nz\u00e1konov v znen\u00ed neskor\u0161\u00edch predpisov ur\u010duje term\u00edny a organiz\u00e1ciu internej\n\u010dasti maturitnej sk\u00fa\u0161ky v stredn\u00fdch \u0161kol\u00e1ch nasledovne:<\/strong><\/p>\n\n\n\n<ol class=\"wp-block-list\"><li><strong>Vyu\u010dovanie<\/strong> sa pre posledn\u00e9 ro\u010dn\u00edky v stredn\u00fdch      \u0161kol\u00e1ch kon\u010d\u00ed 7. m\u00e1ja 2020. D\u00e1tum vystavenia vysved\u010denia z posledn\u00e9ho      ro\u010dn\u00edka strednej \u0161koly je 7. m\u00e1j 2020.<\/li><li>Vysved\u010denie      posledn\u00e9ho ro\u010dn\u00edka strednej \u0161koly vyd\u00e1 stredn\u00e1 \u0161kola spolu s maturitn\u00fdm      vysved\u010den\u00edm najnesk\u00f4r 30. j\u00fana 2020.<\/li><li>V      \u0161kolskom roku 2019\/2020 sa na gymn\u00e1zi\u00e1ch, stredn\u00fdch odborn\u00fdch \u0161kol\u00e1ch,      konzervat\u00f3ri\u00e1ch, \u0161kol\u00e1ch umeleck\u00e9ho priemyslu a stredn\u00fdch \u0161portov\u00fdch      \u0161kol\u00e1ch intern\u00e1 \u010das\u0165 maturitnej sk\u00fa\u0161ky vr\u00e1tane teoretickej \u010dasti a      praktickej \u010dasti odbornej zlo\u017eky maturitnej sk\u00fa\u0161ky <strong>vykon\u00e1va administrat\u00edvne<\/strong>.<\/li><li>Administrat\u00edvne      vykonanie internej \u010dasti maturitnej sk\u00fa\u0161ky sa uskuto\u010d\u0148uje nasledovne: <ol type=\"1\"><li>Hodnotenie       v predmete internej \u010dasti maturitnej sk\u00fa\u0161ky sa z\u00edska ako aritmetick\u00fd       priemer zn\u00e1mok z tohto predmetu alebo skupiny pr\u00edbuzn\u00fdch predmetov. Do       aritmetick\u00e9ho priemeru zn\u00e1mok sa zapo\u010d\u00edtaj\u00fa koncoro\u010dn\u00e9 zn\u00e1mky zo v\u0161etk\u00fdch       ro\u010dn\u00edkov a polro\u010dn\u00e9 zn\u00e1mky z posledn\u00fdch dvoch ro\u010dn\u00edkov. V osemro\u010dnom       vzdel\u00e1vacom programe sa do aritmetick\u00e9ho priemeru zn\u00e1mok zapo\u010d\u00edtaj\u00fa       koncoro\u010dn\u00e9 zn\u00e1mky z posledn\u00fdch \u0161tyroch ro\u010dn\u00edkov a polro\u010dn\u00e9 zn\u00e1mky z       posledn\u00fdch dvoch ro\u010dn\u00edkov.<\/li><li>Aritmetick\u00fd       priemer zn\u00e1mok sa zaokr\u00fah\u013euje na cel\u00e9 \u010d\u00edslo, pri\u010dom 1,5 sa zaokr\u00fah\u013euje na       1; 2,5 sa zaokr\u00fah\u013euje na 2; 3,5 sa zaokr\u00fah\u013euje na 3 a 4,5 sa zaokr\u00fah\u013euje       na 4. Aritmetick\u00fd priemer s desatinnou \u010das\u0165ou do 0,50 sa zaokr\u00fah\u013euje na       cel\u00e9 \u010d\u00edslo smerom nadol a nad 0,50 sa zaokr\u00fah\u013euje na cel\u00e9 \u010d\u00edslo smerom       nahor.<\/li><li>Riadite\u013e       strednej \u0161koly ur\u010d\u00ed do 7. m\u00e1ja 2020 skupiny pr\u00edbuzn\u00fdch predmetov, ktor\u00fdch       zn\u00e1mky sa zapo\u010d\u00edtaj\u00fa do hodnotenia maturitn\u00e9ho predmetu.<\/li><li>Aritmetick\u00fd       priemer a v\u00fdsledn\u00fa zn\u00e1mku v predmete internej \u010dasti maturitnej sk\u00fa\u0161ky       kontroluj\u00fa dvaja sk\u00fa\u0161aj\u00faci \u010dlenovia predmetovej maturitnej komisie a       schva\u013euje ho predseda \u0161kolskej maturitnej komisie do 11. m\u00e1ja 2020 (vi\u010f.       pr\u00edloha \u010d. 1).<\/li><li>V\u00fdsledn\u00e9       zn\u00e1mky spr\u00edstupn\u00ed \u0161kola plnolet\u00e9mu \u017eiakovi alebo z\u00e1konn\u00e9mu z\u00e1stupcovi       neplnolet\u00e9ho \u017eiaka do 12. m\u00e1ja 2020.<\/li><li>Ak       plnolet\u00fd \u017eiak alebo z\u00e1konn\u00fd z\u00e1stupca neplnolet\u00e9ho \u017eiaka do 15. m\u00e1ja 2020       nevyjadr\u00ed svoj nes\u00fahlas s v\u00fdslednou zn\u00e1mkou z niektor\u00e9ho predmetu       internej \u010dasti maturitnej sk\u00fa\u0161ky, stredn\u00e1 \u0161kola vystav\u00ed \u017eiakovi maturitn\u00e9       vysved\u010denie. V tomto pr\u00edpade plnolet\u00fd \u017eiak alebo z\u00e1konn\u00fd z\u00e1stupca       neplnolet\u00e9ho \u017eiaka nem\u00f4\u017ee po\u017eiada\u0165 o vykonanie internej \u010dasti maturitnej       sk\u00fa\u0161ky pod\u013ea bodu 11.<\/li><li>Ak       plnolet\u00fd \u017eiak alebo z\u00e1konn\u00fd z\u00e1stupca neplnolet\u00e9ho \u017eiaka nes\u00fahlas\u00ed s       v\u00fdslednou zn\u00e1mkou z niektor\u00e9ho predmetu maturitnej sk\u00fa\u0161ky a do 15. m\u00e1ja       2020 p\u00edsomne ozn\u00e1mi nes\u00fahlas strednej \u0161kole, \u017eiak vykon\u00e1 intern\u00fa \u010das\u0165       maturitnej sk\u00fa\u0161ky z tohto predmetu pod\u013ea bodu 11.<\/li><li>Administrat\u00edvne       vykonanie internej \u010dasti maturitnej sk\u00fa\u0161ky sa nevz\u0165ahuje na predmet       dobrovo\u013enej maturitnej sk\u00fa\u0161ky.<\/li><\/ol><\/li><li>\u017diados\u0165      o uskuto\u010dnenie internej \u010dasti maturitnej sk\u00fa\u0161ky z dobrovo\u013en\u00e9ho predmetu      m\u00f4\u017ee plnolet\u00fd \u017eiak alebo z\u00e1konn\u00fd z\u00e1stupca neplnolet\u00e9ho \u017eiaka p\u00edsomn\u00fdm      ozn\u00e1men\u00edm zru\u0161i\u0165 do 7. m\u00e1ja 2020, inak sa intern\u00e1 \u010das\u0165 maturitnej sk\u00fa\u0161ky z      dobrovo\u013en\u00e9ho predmetu vykon\u00e1va pod\u013ea bodu 11.<\/li><li>Ak bol      \u017eiak hodnoten\u00fd zo v\u0161etk\u00fdch predmetov, ktor\u00e9 s\u00fa s\u00fa\u010das\u0165ou administrat\u00edvneho      hodnotenia maturitn\u00e9ho predmetu, v\u00fdlu\u010dne \u201eabsolvoval,\u201c vykon\u00e1 intern\u00fa \u010das\u0165      maturitnej sk\u00fa\u0161ky pod\u013ea bodu 11.<\/li><li>Neabsolvovanie      ur\u010den\u00e9ho po\u010dtu vyu\u010dovac\u00edch hod\u00edn z d\u00f4vodu mimoriadneho preru\u0161enia      \u0161kolsk\u00e9ho vyu\u010dovania po\u010das mimoriadnej situ\u00e1cie a neabsolvovanie po\u010dtu      hod\u00edn praktick\u00e9ho vyu\u010dovania ur\u010den\u00e9ho v pr\u00edslu\u0161nom u\u010debnom pl\u00e1ne nie s\u00fa      d\u00f4vodom pre neklasifikovanie \u017eiakov v riadnom term\u00edne v druhom polroku a      nepripustenie k maturitnej sk\u00fa\u0161ke.<\/li><li>Pr\u00edslu\u0161n\u00e1      stavovsk\u00e1 organiz\u00e1cia alebo profesijn\u00e1 organiz\u00e1cia nedeleguje svojich      z\u00e1stupcov do predmetovej maturitnej komisie. \u00da\u010das\u0165 z\u00e1stupcu      zamestn\u00e1vate\u013eov v predmetovej maturitnej komisii pre \u017eiakov v syst\u00e9me      du\u00e1lneho vzdel\u00e1vania m\u00f4\u017ee by\u0165 na z\u00e1klade dohody medzi zamestn\u00e1vate\u013eom a      strednou \u0161kolou nahraden\u00e1 p\u00edsomn\u00fdm hodnoten\u00edm \u017eiaka, ktor\u00e9 doru\u010d\u00ed      zamestn\u00e1vate\u013e strednej \u0161kole najnesk\u00f4r tri dni pred konan\u00edm internej \u010dasti      maturitnej sk\u00fa\u0161ky.<\/li><li>Riadite\u013e      strednej \u0161koly vymenuje \u010dlenov predmetovej maturitnej komisie do 7. m\u00e1ja      2020.<\/li><li><strong>Okresn\u00e9      \u00farady v s\u00eddle kraja <\/strong><ol type=\"1\"><li>Okresn\u00e9       \u00farady v s\u00eddle kraja pre stredn\u00e9 \u0161koly v ich \u00fazemnej p\u00f4sobnosti do 19.       m\u00e1ja 2020 ur\u010dia konkr\u00e9tne term\u00edny internej \u010dasti maturitnej sk\u00fa\u0161ky.<\/li><li>Predseda       \u0161kolskej maturitnej komisie ozn\u00e1mi riadite\u013eovi svojej strednej \u0161koly do       29. apr\u00edla 2020 s\u00fahlas alebo nes\u00fahlas s vymenovan\u00edm za predsedu \u0161kolskej       maturitnej komisie. Okresn\u00e9 \u00farady v s\u00eddle kraja pre stredn\u00e9 \u0161koly v ich       \u00fazemnej p\u00f4sobnosti vymenuj\u00fa predsedu \u0161kolskej maturitnej komisie do 7.       m\u00e1ja 2020.<\/li><\/ol><\/li><li><strong>Intern\u00e1      \u010das\u0165 maturitnej sk\u00fa\u0161ky sa kon\u00e1 v term\u00edne od 25. m\u00e1ja do 13. j\u00fana 2020 pre      \u017eiakov, ktor\u00ed nes\u00fahlasia s v\u00fdslednou zn\u00e1mkou pod\u013ea bodu 4.6. alebo neboli      administrat\u00edvne hodnoten\u00ed.<\/strong> <ol type=\"1\"><li>Riadite\u013e       strednej \u0161koly na n\u00e1vrh predsedu predmetovej komisie najnesk\u00f4r do 7. m\u00e1ja       2020 schva\u013euje maturitn\u00e9 t\u00e9my internej \u010dasti maturitnej sk\u00fa\u0161ky, ktor\u00fdch       s\u00fa\u010das\u0165ou je aj zoznam u\u010debn\u00fdch pom\u00f4cok, ktor\u00e9 m\u00f4\u017ee \u017eiak po\u010das internej       \u010dasti maturitnej sk\u00fa\u0161ky pou\u017e\u00edva\u0165.<\/li><li>V\u00fdber       konkr\u00e9tnej formy praktickej \u010dasti odbornej zlo\u017eky maturitnej sk\u00fa\u0161ky       z\u00e1vis\u00ed od povahy \u0161tudijn\u00e9ho odboru, materi\u00e1lnych a person\u00e1lnych podmienok       strednej odbornej \u0161koly a aktu\u00e1lnej epidemiologickej situ\u00e1cie. Praktick\u00e1       \u010das\u0165 odbornej zlo\u017eky maturitnej sk\u00fa\u0161ky sa vykon\u00e1 vo forme a s obsahom,       ktor\u00e9 riadite\u013e strednej \u0161koly prisp\u00f4sob\u00ed pod\u013ea aktu\u00e1lnych mo\u017enost\u00ed       strednej \u0161koly, pracoviska praktick\u00e9ho vyu\u010dovania alebo pracoviska       zamestn\u00e1vate\u013ea.<\/li><li>Intern\u00e1       \u010das\u0165 maturitnej sk\u00fa\u0161ky je neverejn\u00e1 a m\u00f4\u017ee sa kona\u0165 aj di\u0161tan\u010dne.       Dodr\u017eiava sa forma internej \u010dasti maturitnej sk\u00fa\u0161ky ustanoven\u00e1 v pr\u00edlohe       k vyhl\u00e1\u0161ke Ministerstva \u0161kolstva Slovenskej republiky \u010d. 318\/2008 Z. z. o       ukon\u010dovan\u00ed \u0161t\u00fadia na stredn\u00fdch \u0161kol\u00e1ch v znen\u00ed neskor\u0161\u00edch predpisov.<\/li><li>Intern\u00e1       \u010das\u0165 maturitnej sk\u00fa\u0161ky sa kon\u00e1 di\u0161tan\u010dne, ak s\u00fa \u010dlenovia komisie a \u017eiak       spojen\u00ed prostredn\u00edctvom videokonferencie.<\/li><li>\u017diak       vykon\u00e1 intern\u00fa \u010das\u0165 maturitnej sk\u00fa\u0161ky zo v\u0161etk\u00fdch predmetov spravidla v       jeden de\u0148, najviac v\u0161ak v priebehu dvoch pracovn\u00fdch dn\u00ed.<\/li><li>Na       term\u00edny, organiz\u00e1ciu, formy, hodnotenie a klasifik\u00e1ciu internej \u010dasti       maturitnej sk\u00fa\u0161ky sa primerane vz\u0165ahuj\u00fa ustanovenia pr\u00edslu\u0161n\u00fdch pr\u00e1vnych       predpisov a rozhodnut\u00ed, ak toto rozhodnutie neustanovuje inak.<\/li><li>Riadite\u013e       strednej \u0161koly primerane uprav\u00ed podmienky konania internej \u010dasti       maturitnej sk\u00fa\u0161ky vzh\u013eadom na osobitn\u00e9 okolnosti v \u010dase mimoriadnej       situ\u00e1cie. Intern\u00e1 \u010das\u0165 maturitnej sk\u00fa\u0161ky mus\u00ed prebieha\u0165 v s\u00falade s       Opatren\u00edm \u00daradu verejn\u00e9ho zdravotn\u00edctva Slovenskej republiky pri ohrozen\u00ed       verejn\u00e9ho zdravia \u010d: OLP\/3170\/2020 zo d\u0148a 15. 4. 2020 (vi\u010f. pr\u00edloha \u010d.       2).<\/li><\/ol><\/li><li>Komunik\u00e1cia      medzi strednou \u0161kolou a plnolet\u00fdm \u017eiakom alebo z\u00e1konn\u00fdm z\u00e1stupcom      neplnolet\u00e9ho \u017eiaka sa uskuto\u010d\u0148uje cez informa\u010dn\u00fd syst\u00e9m strednej \u0161koly      alebo elektronicky v naskenovanej podobe alebo po\u0161tou. Rozhoduj\u00faci je      d\u00e1tum doru\u010denia strednej \u0161kole. (<em>pre potreby archiv\u00e1cie a&nbsp;kontroly dokumentova\u0165 \u00fadaj, \u017ee \u017eiak inform\u00e1ciu prijal a&nbsp;porozumel jej<\/em>) <\/li><li>Komision\u00e1lne      sk\u00fa\u0161ky za prv\u00fd polrok alebo za druh\u00fd polrok zrealizuje stredn\u00e1 \u0161kola pre      \u017eiakov riadne prihl\u00e1sen\u00fdch na intern\u00fa \u010das\u0165 maturitnej sk\u00fa\u0161ky do 7. m\u00e1ja      2020 di\u0161tan\u010dne alebo prezen\u010dne.<\/li><li>Opravn\u00e1      maturitn\u00e1 sk\u00fa\u0161ka za \u0161kolsk\u00fd rok 2018\/2019 prebieha nasledovne: <ol type=\"1\"><li>\u017diak       vykon\u00e1 opravn\u00fa maturitn\u00fa sk\u00fa\u0161ku z externej \u010dasti maturitnej sk\u00fa\u0161ky a       p\u00edsomnej formy internej \u010dasti maturitnej sk\u00fa\u0161ky v term\u00edne od 3. do 8.       septembra 2020 v s\u00falade s pr\u00edslu\u0161n\u00fdmi pr\u00e1vnymi predpismi.<\/li><li>\u017diak vykon\u00e1       opravn\u00fa maturitn\u00fa sk\u00fa\u0161ku z \u00fastnej formy internej \u010dasti maturitnej sk\u00fa\u0161ky       pod\u013ea bodu 11.<\/li><\/ol><\/li><li>\u017diak,      ktor\u00fd m\u00e1 z\u00e1ujem vykona\u0165 extern\u00fa \u010das\u0165 maturitnej sk\u00fa\u0161ky z cudzieho jazyka,      postupuje nasledovne: <ol type=\"1\"><li>\u017diak       sa prihl\u00e1si na extern\u00fa \u010das\u0165 maturitnej sk\u00fa\u0161ky do 30. j\u00fana 2020 na       strednej \u0161kole, na ktorej vykonal maturitn\u00fa sk\u00fa\u0161ku.<\/li><li>Extern\u00e1       \u010das\u0165 maturitnej sk\u00fa\u0161ky z cudzieho jazyka sa kon\u00e1 4. septembra 2020.<\/li><li>Ak       \u017eiak z externej \u010dasti maturitnej sk\u00fa\u0161ky z\u00edska \u00faspe\u0161nos\u0165 viac ako 33 %,       \u0161kola na \u017eiados\u0165 \u017eiaka vyd\u00e1 potvrdenie o v\u00fdsledku externej \u010dasti       maturitnej sk\u00fa\u0161ky z cudzieho jazyka.<\/li><\/ol><\/li><\/ol>\n\n\n\n<figure class=\"wp-block-gallery columns-4 is-cropped wp-block-gallery-1 is-layout-flex wp-block-gallery-is-layout-flex\"><ul class=\"blocks-gallery-grid\"><li class=\"blocks-gallery-item\"><figure><a href=\"https:\/\/szslucnalc.sk\/wp-content\/uploads\/2020\/04\/ako-zmaturujem.jpg\"><img loading=\"lazy\" decoding=\"async\" width=\"647\" height=\"912\" src=\"https:\/\/szslucnalc.sk\/wp-content\/uploads\/2020\/04\/ako-zmaturujem.jpg\" alt=\"\" data-id=\"10748\" data-full-url=\"https:\/\/szslucnalc.sk\/wp-content\/uploads\/2020\/04\/ako-zmaturujem.jpg\" data-link=\"https:\/\/szslucnalc.sk\/?attachment_id=10748\" class=\"wp-image-10748\" srcset=\"https:\/\/szslucnalc.sk\/wp-content\/uploads\/2020\/04\/ako-zmaturujem.jpg 647w, https:\/\/szslucnalc.sk\/wp-content\/uploads\/2020\/04\/ako-zmaturujem-213x300.jpg 213w, https:\/\/szslucnalc.sk\/wp-content\/uploads\/2020\/04\/ako-zmaturujem-104x146.jpg 104w, https:\/\/szslucnalc.sk\/wp-content\/uploads\/2020\/04\/ako-zmaturujem-35x50.jpg 35w, https:\/\/szslucnalc.sk\/wp-content\/uploads\/2020\/04\/ako-zmaturujem-53x75.jpg 53w, https:\/\/szslucnalc.sk\/wp-content\/uploads\/2020\/04\/ako-zmaturujem-532x750.jpg 532w, https:\/\/szslucnalc.sk\/wp-content\/uploads\/2020\/04\/ako-zmaturujem-341x480.jpg 341w\" sizes=\"auto, (max-width:767px) 480px, 647px\" \/><\/a><\/figure><\/li><li class=\"blocks-gallery-item\"><figure><a href=\"https:\/\/szslucnalc.sk\/wp-content\/uploads\/2020\/04\/ako-sa-vypo\u010d\u00edta-maturitn\u00e1-zn\u00e1mka.jpg\"><img loading=\"lazy\" decoding=\"async\" width=\"1024\" height=\"723\" src=\"https:\/\/szslucnalc.sk\/wp-content\/uploads\/2020\/04\/ako-sa-vypo\u010d\u00edta-maturitn\u00e1-zn\u00e1mka-1024x723.jpg\" alt=\"\" data-id=\"10747\" data-full-url=\"https:\/\/szslucnalc.sk\/wp-content\/uploads\/2020\/04\/ako-sa-vypo\u010d\u00edta-maturitn\u00e1-zn\u00e1mka.jpg\" data-link=\"https:\/\/szslucnalc.sk\/?attachment_id=10747\" class=\"wp-image-10747\" srcset=\"https:\/\/szslucnalc.sk\/wp-content\/uploads\/2020\/04\/ako-sa-vypo\u010d\u00edta-maturitn\u00e1-zn\u00e1mka-1024x723.jpg 1024w, https:\/\/szslucnalc.sk\/wp-content\/uploads\/2020\/04\/ako-sa-vypo\u010d\u00edta-maturitn\u00e1-zn\u00e1mka-300x212.jpg 300w, https:\/\/szslucnalc.sk\/wp-content\/uploads\/2020\/04\/ako-sa-vypo\u010d\u00edta-maturitn\u00e1-zn\u00e1mka-768x542.jpg 768w, https:\/\/szslucnalc.sk\/wp-content\/uploads\/2020\/04\/ako-sa-vypo\u010d\u00edta-maturitn\u00e1-zn\u00e1mka-207x146.jpg 207w, https:\/\/szslucnalc.sk\/wp-content\/uploads\/2020\/04\/ako-sa-vypo\u010d\u00edta-maturitn\u00e1-zn\u00e1mka-50x35.jpg 50w, https:\/\/szslucnalc.sk\/wp-content\/uploads\/2020\/04\/ako-sa-vypo\u010d\u00edta-maturitn\u00e1-zn\u00e1mka-106x75.jpg 106w, https:\/\/szslucnalc.sk\/wp-content\/uploads\/2020\/04\/ako-sa-vypo\u010d\u00edta-maturitn\u00e1-zn\u00e1mka-960x677.jpg 960w, https:\/\/szslucnalc.sk\/wp-content\/uploads\/2020\/04\/ako-sa-vypo\u010d\u00edta-maturitn\u00e1-zn\u00e1mka-680x480.jpg 680w, https:\/\/szslucnalc.sk\/wp-content\/uploads\/2020\/04\/ako-sa-vypo\u010d\u00edta-maturitn\u00e1-zn\u00e1mka.jpg 1291w\" sizes=\"auto, (max-width:767px) 480px, (max-width:1024px) 100vw, 1024px\" \/><\/a><\/figure><\/li><li class=\"blocks-gallery-item\"><figure><a href=\"https:\/\/szslucnalc.sk\/wp-content\/uploads\/2020\/04\/pr\u00edbuzn\u00e9-predmety.jpg\"><img loading=\"lazy\" decoding=\"async\" width=\"1024\" height=\"721\" src=\"https:\/\/szslucnalc.sk\/wp-content\/uploads\/2020\/04\/pr\u00edbuzn\u00e9-predmety-1024x721.jpg\" alt=\"\" data-id=\"10750\" data-full-url=\"https:\/\/szslucnalc.sk\/wp-content\/uploads\/2020\/04\/pr\u00edbuzn\u00e9-predmety.jpg\" data-link=\"https:\/\/szslucnalc.sk\/?attachment_id=10750\" class=\"wp-image-10750\" srcset=\"https:\/\/szslucnalc.sk\/wp-content\/uploads\/2020\/04\/pr\u00edbuzn\u00e9-predmety-1024x721.jpg 1024w, https:\/\/szslucnalc.sk\/wp-content\/uploads\/2020\/04\/pr\u00edbuzn\u00e9-predmety-300x211.jpg 300w, https:\/\/szslucnalc.sk\/wp-content\/uploads\/2020\/04\/pr\u00edbuzn\u00e9-predmety-768x540.jpg 768w, https:\/\/szslucnalc.sk\/wp-content\/uploads\/2020\/04\/pr\u00edbuzn\u00e9-predmety-207x146.jpg 207w, https:\/\/szslucnalc.sk\/wp-content\/uploads\/2020\/04\/pr\u00edbuzn\u00e9-predmety-50x35.jpg 50w, https:\/\/szslucnalc.sk\/wp-content\/uploads\/2020\/04\/pr\u00edbuzn\u00e9-predmety-107x75.jpg 107w, https:\/\/szslucnalc.sk\/wp-content\/uploads\/2020\/04\/pr\u00edbuzn\u00e9-predmety-960x676.jpg 960w, https:\/\/szslucnalc.sk\/wp-content\/uploads\/2020\/04\/pr\u00edbuzn\u00e9-predmety-682x480.jpg 682w, https:\/\/szslucnalc.sk\/wp-content\/uploads\/2020\/04\/pr\u00edbuzn\u00e9-predmety.jpg 1296w\" sizes=\"auto, (max-width:767px) 480px, (max-width:1024px) 100vw, 1024px\" \/><\/a><\/figure><\/li><li class=\"blocks-gallery-item\"><figure><a href=\"https:\/\/szslucnalc.sk\/wp-content\/uploads\/2020\/04\/hygiena.jpg\"><img loading=\"lazy\" decoding=\"async\" width=\"725\" height=\"1024\" src=\"https:\/\/szslucnalc.sk\/wp-content\/uploads\/2020\/04\/hygiena-725x1024.jpg\" alt=\"\" data-id=\"10749\" data-full-url=\"https:\/\/szslucnalc.sk\/wp-content\/uploads\/2020\/04\/hygiena.jpg\" data-link=\"https:\/\/szslucnalc.sk\/?attachment_id=10749\" class=\"wp-image-10749\" srcset=\"https:\/\/szslucnalc.sk\/wp-content\/uploads\/2020\/04\/hygiena-725x1024.jpg 725w, https:\/\/szslucnalc.sk\/wp-content\/uploads\/2020\/04\/hygiena-212x300.jpg 212w, https:\/\/szslucnalc.sk\/wp-content\/uploads\/2020\/04\/hygiena-768x1085.jpg 768w, https:\/\/szslucnalc.sk\/wp-content\/uploads\/2020\/04\/hygiena-1087x1536.jpg 1087w, https:\/\/szslucnalc.sk\/wp-content\/uploads\/2020\/04\/hygiena-1449x2048.jpg 1449w, https:\/\/szslucnalc.sk\/wp-content\/uploads\/2020\/04\/hygiena-103x146.jpg 103w, https:\/\/szslucnalc.sk\/wp-content\/uploads\/2020\/04\/hygiena-35x50.jpg 35w, https:\/\/szslucnalc.sk\/wp-content\/uploads\/2020\/04\/hygiena-53x75.jpg 53w, https:\/\/szslucnalc.sk\/wp-content\/uploads\/2020\/04\/hygiena-531x750.jpg 531w, https:\/\/szslucnalc.sk\/wp-content\/uploads\/2020\/04\/hygiena-340x480.jpg 340w, https:\/\/szslucnalc.sk\/wp-content\/uploads\/2020\/04\/hygiena.jpg 1587w\" sizes=\"auto, (max-width:767px) 480px, 725px\" \/><\/a><\/figure><\/li><\/ul><\/figure>\n","protected":false},"excerpt":{"rendered":"<p>Rozhodnutie o term&iacute;noch a organiz&aacute;cii internej &#269;asti maturitnej sk&uacute;&scaron;ky v &#269;ase mimoriadnej situ&aacute;cie v &scaron;kolskom roku 2019\/2020 23.04.2020 &nbsp;&nbsp;&nbsp;&nbsp; Minister &scaron;kolstva, vedy, v&yacute;skumu a &scaron;portu Slovenskej<span class=\"excerpt-hellip\"> [\u2026]<\/span><\/p>\n","protected":false},"author":2,"featured_media":10746,"comment_status":"closed","ping_status":"closed","sticky":false,"template":"","format":"standard","meta":{"footnotes":""},"categories":[8],"tags":[],"class_list":["post-10745","post","type-post","status-publish","format-standard","has-post-thumbnail","hentry","category-ine"],"aioseo_notices":[],"_links":{"self":[{"href":"https:\/\/szslucnalc.sk\/index.php?rest_route=\/wp\/v2\/posts\/10745","targetHints":{"allow":["GET"]}}],"collection":[{"href":"https:\/\/szslucnalc.sk\/index.php?rest_route=\/wp\/v2\/posts"}],"about":[{"href":"https:\/\/szslucnalc.sk\/index.php?rest_route=\/wp\/v2\/types\/post"}],"author":[{"embeddable":true,"href":"https:\/\/szslucnalc.sk\/index.php?rest_route=\/wp\/v2\/users\/2"}],"replies":[{"embeddable":true,"href":"https:\/\/szslucnalc.sk\/index.php?rest_route=%2Fwp%2Fv2%2Fcomments&post=10745"}],"version-history":[{"count":2,"href":"https:\/\/szslucnalc.sk\/index.php?rest_route=\/wp\/v2\/posts\/10745\/revisions"}],"predecessor-version":[{"id":10752,"href":"https:\/\/szslucnalc.sk\/index.php?rest_route=\/wp\/v2\/posts\/10745\/revisions\/10752"}],"wp:featuredmedia":[{"embeddable":true,"href":"https:\/\/szslucnalc.sk\/index.php?rest_route=\/wp\/v2\/media\/10746"}],"wp:attachment":[{"href":"https:\/\/szslucnalc.sk\/index.php?rest_route=%2Fwp%2Fv2%2Fmedia&parent=10745"}],"wp:term":[{"taxonomy":"category","embeddable":true,"href":"https:\/\/szslucnalc.sk\/index.php?rest_route=%2Fwp%2Fv2%2Fcategories&post=10745"},{"taxonomy":"post_tag","embeddable":true,"href":"https:\/\/szslucnalc.sk\/index.php?rest_route=%2Fwp%2Fv2%2Ftags&post=10745"}],"curies":[{"name":"wp","href":"https:\/\/api.w.org\/{rel}","templated":true}]}}