{"id":11410,"date":"2020-09-22T11:51:17","date_gmt":"2020-09-22T09:51:17","guid":{"rendered":"https:\/\/szslucnalc.sk\/?p=11410"},"modified":"2020-09-22T11:51:19","modified_gmt":"2020-09-22T09:51:19","slug":"biela-pastelka-2020","status":"publish","type":"post","link":"https:\/\/szslucnalc.sk\/?p=11410","title":{"rendered":"Biela pastelka 2020"},"content":{"rendered":"\n<p><em>\u201eAk ma postihne ne\u0161\u0165astn\u00fd osud, bude to nie\u010do, \u010do vypl\u00fdva zo spolo\u010dnej podstaty \u010dloveka a&nbsp;nie<\/em><\/p>\n\n\n\n<p><em>&nbsp;z m\u00f4jho zdravotn\u00e9ho postihnutia\u201c<\/em><\/p>\n\n\n\n<p><em>&nbsp;&nbsp;&nbsp;&nbsp;&nbsp;&nbsp;&nbsp;&nbsp;&nbsp;&nbsp;&nbsp;&nbsp;&nbsp;&nbsp;&nbsp;&nbsp;&nbsp;&nbsp;&nbsp;&nbsp;&nbsp;&nbsp;&nbsp;&nbsp;&nbsp;&nbsp;&nbsp;&nbsp;&nbsp;&nbsp;&nbsp;&nbsp;&nbsp;&nbsp;&nbsp;&nbsp;&nbsp;&nbsp;&nbsp;&nbsp;&nbsp;&nbsp;&nbsp;&nbsp;&nbsp;&nbsp;&nbsp;&nbsp;&nbsp;&nbsp;&nbsp;&nbsp;&nbsp;&nbsp;&nbsp;&nbsp;&nbsp;&nbsp;&nbsp;&nbsp;&nbsp;&nbsp;&nbsp;&nbsp;&nbsp;&nbsp;&nbsp;&nbsp;&nbsp;&nbsp;&nbsp;&nbsp;&nbsp;&nbsp;&nbsp;&nbsp;&nbsp;&nbsp;&nbsp;&nbsp;&nbsp;&nbsp;&nbsp;&nbsp;&nbsp;&nbsp;&nbsp;&nbsp;&nbsp; <\/em>Randolph Bourne<\/p>\n\n\n\n<p>V&nbsp;piatok 18. septembra 2020 sme sa my \u2013 tretiaci &#8211; op\u00e4\u0165 stali s\u00fa\u010das\u0165ou&nbsp; verejnej zbierky Biela pastelka, sl\u00fa\u017eiacej na pomoc nevidiacim a&nbsp;slabozrak\u00fdm. Ke\u010f\u017ee Biela pastelka patr\u00ed medzi 10 najv\u00e4\u010d\u0161\u00edch zbierok na Slovensku, je pre n\u00e1s \u201ezdravo\u0165\u00e1kov\u201c c\u0165ou a&nbsp;pote\u0161en\u00edm by\u0165 jej akt\u00edvnou s\u00fa\u010das\u0165ou. V&nbsp;piatok r\u00e1no, oble\u010den\u00ed v typick\u00fdch&nbsp;bielych tri\u010dk\u00e1ch a&nbsp;vybaven\u00ed potrebn\u00fdmi ochrann\u00fdmi pom\u00f4ckami v&nbsp;s\u00falade s&nbsp;hygienicko\u2013epidemiologick\u00fdmi nariadeniami, sme sa vybrali do ul\u00edc Lu\u010denca pouk\u00e1za\u0165 a&nbsp;pripomen\u00fa\u0165 na problematiku nevidiacich a&nbsp;slabozrak\u00fdch, obozn\u00e1mi\u0165 verejnos\u0165 s&nbsp;projektom a&nbsp;s\u00fa\u010dasne vyzbiera\u0165 finan\u010dn\u00e9 prostriedky. Tie bud\u00fa \u010falej pou\u017eit\u00e9 na r\u00f4zne projekty ako s\u00fa napr. integra\u010dn\u00e9 aktivity, obhajoba pr\u00e1v, odstra\u0148ovanie architektonick\u00fdch bari\u00e9r,&nbsp; kurzy pr\u00e1ce s&nbsp;PC a&nbsp;informa\u010dn\u00e1 pr\u00edstupnos\u0165 at\u010f.<\/p>\n\n\n\n<p>Pand\u00e9mia COVID -19&nbsp; vst\u00fapila do \u017eivota n\u00e1s v\u0161etk\u00fdch, zasiahla n\u00e1s na r\u00f4znych \u00farovniach a&nbsp;preto si o&nbsp;to viac v\u00e1\u017eime ak\u00fdko\u013evek pr\u00edspevok, ktor\u00fdm ob\u010dania Lu\u010denca prispeli do zbierky, \u010do pova\u017eujeme za prejav u\u0161\u013eachtilosti a solidarity .&nbsp;&nbsp;<\/p>\n\n\n\n<p>&nbsp;&nbsp;&nbsp;&nbsp;&nbsp;&nbsp;&nbsp;&nbsp;&nbsp;&nbsp;&nbsp;&nbsp;&nbsp;&nbsp;&nbsp;&nbsp;&nbsp;&nbsp;&nbsp;&nbsp;&nbsp;&nbsp;&nbsp;&nbsp;&nbsp;&nbsp;&nbsp;&nbsp;&nbsp;&nbsp;&nbsp;&nbsp;&nbsp;&nbsp;&nbsp;&nbsp;&nbsp;&nbsp;&nbsp;&nbsp;&nbsp;&nbsp;&nbsp;&nbsp;&nbsp;&nbsp;&nbsp;&nbsp;&nbsp;&nbsp;&nbsp;&nbsp;&nbsp;&nbsp;&nbsp;&nbsp;&nbsp;&nbsp;&nbsp;&nbsp;&nbsp;&nbsp;&nbsp;&nbsp;&nbsp;&nbsp;&nbsp;&nbsp;&nbsp;&nbsp;&nbsp;&nbsp;&nbsp;&nbsp;&nbsp;&nbsp;&nbsp;&nbsp;&nbsp;&nbsp;&nbsp;&nbsp;&nbsp;&nbsp;&nbsp;&nbsp; \u010eAKUJEME<\/p>\n","protected":false},"excerpt":{"rendered":"<p>&bdquo;Ak ma postihne ne&scaron;&#357;astn&yacute; osud, bude to nie&#269;o, &#269;o vypl&yacute;va zo spolo&#269;nej podstaty &#269;loveka a&nbsp;nie &nbsp;z m&ocirc;jho zdravotn&eacute;ho postihnutia&ldquo; &nbsp;&nbsp;&nbsp;&nbsp;&nbsp;&nbsp;&nbsp;&nbsp;&nbsp;&nbsp;&nbsp;&nbsp;&nbsp;&nbsp;&nbsp;&nbsp;&nbsp;&nbsp;&nbsp;&nbsp;&nbsp;&nbsp;&nbsp;&nbsp;&nbsp;&nbsp;&nbsp;&nbsp;&nbsp;&nbsp;&nbsp;&nbsp;&nbsp;&nbsp;&nbsp;&nbsp;&nbsp;&nbsp;&nbsp;&nbsp;&nbsp;&nbsp;&nbsp;&nbsp;&nbsp;&nbsp;&nbsp;&nbsp;&nbsp;&nbsp;&nbsp;&nbsp;&nbsp;&nbsp;&nbsp;&nbsp;&nbsp;&nbsp;&nbsp;&nbsp;&nbsp;&nbsp;&nbsp;&nbsp;&nbsp;&nbsp;&nbsp;&nbsp;&nbsp;&nbsp;&nbsp;&nbsp;&nbsp;&nbsp;&nbsp;&nbsp;&nbsp;&nbsp;&nbsp;&nbsp;&nbsp;&nbsp;&nbsp;&nbsp;&nbsp;&nbsp;&nbsp;&nbsp;&nbsp; Randolph Bourne V&nbsp;piatok 18. septembra 2020<span class=\"excerpt-hellip\"> [\u2026]<\/span><\/p>\n","protected":false},"author":2,"featured_media":11413,"comment_status":"closed","ping_status":"closed","sticky":false,"template":"","format":"standard","meta":{"footnotes":""},"categories":[8],"tags":[],"class_list":["post-11410","post","type-post","status-publish","format-standard","has-post-thumbnail","hentry","category-ine"],"aioseo_notices":[],"_links":{"self":[{"href":"https:\/\/szslucnalc.sk\/index.php?rest_route=\/wp\/v2\/posts\/11410","targetHints":{"allow":["GET"]}}],"collection":[{"href":"https:\/\/szslucnalc.sk\/index.php?rest_route=\/wp\/v2\/posts"}],"about":[{"href":"https:\/\/szslucnalc.sk\/index.php?rest_route=\/wp\/v2\/types\/post"}],"author":[{"embeddable":true,"href":"https:\/\/szslucnalc.sk\/index.php?rest_route=\/wp\/v2\/users\/2"}],"replies":[{"embeddable":true,"href":"https:\/\/szslucnalc.sk\/index.php?rest_route=%2Fwp%2Fv2%2Fcomments&post=11410"}],"version-history":[{"count":1,"href":"https:\/\/szslucnalc.sk\/index.php?rest_route=\/wp\/v2\/posts\/11410\/revisions"}],"predecessor-version":[{"id":11414,"href":"https:\/\/szslucnalc.sk\/index.php?rest_route=\/wp\/v2\/posts\/11410\/revisions\/11414"}],"wp:featuredmedia":[{"embeddable":true,"href":"https:\/\/szslucnalc.sk\/index.php?rest_route=\/wp\/v2\/media\/11413"}],"wp:attachment":[{"href":"https:\/\/szslucnalc.sk\/index.php?rest_route=%2Fwp%2Fv2%2Fmedia&parent=11410"}],"wp:term":[{"taxonomy":"category","embeddable":true,"href":"https:\/\/szslucnalc.sk\/index.php?rest_route=%2Fwp%2Fv2%2Fcategories&post=11410"},{"taxonomy":"post_tag","embeddable":true,"href":"https:\/\/szslucnalc.sk\/index.php?rest_route=%2Fwp%2Fv2%2Ftags&post=11410"}],"curies":[{"name":"wp","href":"https:\/\/api.w.org\/{rel}","templated":true}]}}