{"id":11443,"date":"2020-10-01T11:29:36","date_gmt":"2020-10-01T09:29:36","guid":{"rendered":"https:\/\/szslucnalc.sk\/?p=11443"},"modified":"2020-10-01T11:29:37","modified_gmt":"2020-10-01T09:29:37","slug":"dobyli-sme-divin","status":"publish","type":"post","link":"https:\/\/szslucnalc.sk\/?p=11443","title":{"rendered":"Dobyli sme Div\u00edn"},"content":{"rendered":"\n<p>Podhradie a&nbsp;bl\u00edzke okolie hradu Div\u00edn priv\u00edtalo s\u00fa\u0165a\u017eiacich na okresnom kole v&nbsp;cezpo\u013enom behu 30. 9. 2020 typick\u00fdm jesenn\u00fdm po\u010das\u00edm. Vysk\u00fa\u0161ali sme si ak\u00e9 je to beha\u0165 po mokrom ter\u00e9ne a hlavne ako \u0165a\u017eko sa beh\u00e1 po kopcoch. Pozn\u00e1te ten skvel\u00fd pocit ke\u010f dobeh\u00e1te? V\u0161etko v\u00e1s bol\u00ed ale aj tak sa c\u00edtite \u00fa\u017easne. Presne tak sme sa po behu c\u00edtili. V\u00fdborn\u00fd v\u00fdkon podala Ter\u00e9zia Kajtorov\u00e1 IV. B, ktor\u00e1 zv\u00ed\u0165azila. Na druhom mieste dobehla do cie\u013ea Janka Sihelsk\u00e1 III. A a ako piata Petra Csom\u00f3sov\u00e1 III. B. Tieto v\u00fdkony n\u00e1m zabezpe\u010dili, \u017ee sme ako \u0161kola v&nbsp;dru\u017estv\u00e1ch zv\u00ed\u0165azili. V&nbsp;kateg\u00f3rii chlapcov si druh\u00e9 miesto vybehal Filip Pri\u0161kin IV. B. \u010eakujeme, \u017ee sme sa mohli na tejto s\u00fa\u0165a\u017ei z\u00fa\u010dastni\u0165, nako\u013eko sme za\u017eili kr\u00e1sny de\u0148 v pr\u00edrode, na ktor\u00fd len tak \u013eahko nezabudneme. Bola to pre n\u00e1s pocta.<\/p>\n\n\n\n<p>&nbsp;&nbsp;&nbsp;&nbsp;&nbsp;&nbsp;&nbsp;&nbsp;&nbsp;&nbsp;&nbsp;&nbsp;&nbsp;&nbsp;&nbsp;&nbsp;&nbsp;&nbsp;&nbsp;&nbsp;&nbsp;&nbsp;&nbsp;&nbsp;&nbsp;&nbsp;&nbsp;&nbsp;&nbsp;&nbsp;&nbsp;&nbsp;&nbsp;&nbsp;&nbsp;&nbsp;&nbsp;&nbsp;&nbsp;&nbsp;&nbsp;&nbsp;&nbsp;&nbsp;&nbsp;&nbsp;&nbsp;&nbsp;&nbsp;&nbsp;&nbsp;&nbsp;&nbsp;&nbsp;&nbsp;&nbsp;&nbsp;&nbsp;&nbsp;&nbsp;&nbsp;&nbsp;&nbsp;&nbsp;&nbsp;&nbsp;&nbsp;&nbsp;&nbsp;&nbsp;&nbsp;&nbsp;&nbsp;&nbsp;&nbsp;&nbsp;&nbsp;&nbsp;&nbsp;&nbsp;&nbsp;&nbsp;&nbsp; Janka Sihelsk\u00e1 III. A<\/p>\n","protected":false},"excerpt":{"rendered":"<p>Podhradie a&nbsp;bl&iacute;zke okolie hradu Div&iacute;n priv&iacute;talo s&uacute;&#357;a&#382;iacich na okresnom kole v&nbsp;cezpo&#318;nom behu 30. 9. 2020 typick&yacute;m jesenn&yacute;m po&#269;as&iacute;m. Vysk&uacute;&scaron;ali sme si ak&eacute; je to beha&#357; po<span class=\"excerpt-hellip\"> [\u2026]<\/span><\/p>\n","protected":false},"author":2,"featured_media":11444,"comment_status":"closed","ping_status":"closed","sticky":false,"template":"","format":"standard","meta":{"footnotes":""},"categories":[8],"tags":[],"class_list":["post-11443","post","type-post","status-publish","format-standard","has-post-thumbnail","hentry","category-ine"],"aioseo_notices":[],"_links":{"self":[{"href":"https:\/\/szslucnalc.sk\/index.php?rest_route=\/wp\/v2\/posts\/11443","targetHints":{"allow":["GET"]}}],"collection":[{"href":"https:\/\/szslucnalc.sk\/index.php?rest_route=\/wp\/v2\/posts"}],"about":[{"href":"https:\/\/szslucnalc.sk\/index.php?rest_route=\/wp\/v2\/types\/post"}],"author":[{"embeddable":true,"href":"https:\/\/szslucnalc.sk\/index.php?rest_route=\/wp\/v2\/users\/2"}],"replies":[{"embeddable":true,"href":"https:\/\/szslucnalc.sk\/index.php?rest_route=%2Fwp%2Fv2%2Fcomments&post=11443"}],"version-history":[{"count":1,"href":"https:\/\/szslucnalc.sk\/index.php?rest_route=\/wp\/v2\/posts\/11443\/revisions"}],"predecessor-version":[{"id":11445,"href":"https:\/\/szslucnalc.sk\/index.php?rest_route=\/wp\/v2\/posts\/11443\/revisions\/11445"}],"wp:featuredmedia":[{"embeddable":true,"href":"https:\/\/szslucnalc.sk\/index.php?rest_route=\/wp\/v2\/media\/11444"}],"wp:attachment":[{"href":"https:\/\/szslucnalc.sk\/index.php?rest_route=%2Fwp%2Fv2%2Fmedia&parent=11443"}],"wp:term":[{"taxonomy":"category","embeddable":true,"href":"https:\/\/szslucnalc.sk\/index.php?rest_route=%2Fwp%2Fv2%2Fcategories&post=11443"},{"taxonomy":"post_tag","embeddable":true,"href":"https:\/\/szslucnalc.sk\/index.php?rest_route=%2Fwp%2Fv2%2Ftags&post=11443"}],"curies":[{"name":"wp","href":"https:\/\/api.w.org\/{rel}","templated":true}]}}