{"id":11636,"date":"2020-11-12T10:13:56","date_gmt":"2020-11-12T09:13:56","guid":{"rendered":"https:\/\/szslucnalc.sk\/?p=11636"},"modified":"2020-11-13T10:47:46","modified_gmt":"2020-11-13T09:47:46","slug":"europsky-tyzden-odbornych-zrucnosti-bude-tentokrat-online","status":"publish","type":"post","link":"https:\/\/szslucnalc.sk\/?p=11636","title":{"rendered":"Eur\u00f3psky t\u00fd\u017ede\u0148 odborn\u00fdch zru\u010dnost\u00ed bude tentokr\u00e1t online"},"content":{"rendered":"\n<p>Eur\u00f3psky t\u00fd\u017ede\u0148 odborn\u00fdch zru\u010dnost\u00ed m\u00e1 za hlavn\u00fd cie\u013e zv\u00fd\u0161i\u0165 povedomie o\u00a0v\u00fdzname a\u00a0pr\u00ednose odborn\u00e9ho vzdel\u00e1vania a\u00a0pr\u00edpravy. Akcia je iniciat\u00edvou Eur\u00f3pskej komisie, ktor\u00e1 sa realizuje ka\u017edoro\u010dne u\u017e piatykr\u00e1t. Ambas\u00e1dorkou Eur\u00f3pskeho t\u00fd\u017ed\u0148a odborn\u00fdch zru\u010dnost\u00ed na Slovensku je Noemi R\u00e1czov\u00e1, pedagogi\u010dka Strednej odbornej \u0161koly umeleck\u00e9ho priemyslu v Ko\u0161iciach.\u00a0&#8222;Odborn\u00e9 vzdel\u00e1vanie a pr\u00edprava s\u00fa celo\u017eivotn\u00fdm dobrodru\u017estvom. Objavovanie a rozv\u00edjanie v\u00e1\u0161ho talentu a zlep\u0161ovanie zru\u010dnost\u00ed by malo by\u0165 prioritou v ka\u017edom vzdel\u00e1van\u00ed. Je ve\u013emi d\u00f4le\u017eit\u00e9 milova\u0165 svoju pr\u00e1cu, u\u017e\u00edva\u0165 si ka\u017ed\u00fa s\u00fa\u010das\u0165 procesu u\u010denia sa a pr\u00e1ce. T\u00fdka sa to aj \u0161tudentov, aj u\u010dite\u013eov,&#8220;\u00a0zaznelo z \u00fast pani R\u00e1czovej. Aj na\u0161a \u0161kola sa zapoj\u00ed r\u00f4znymi online aktivitami \u2013 prezent\u00e1ciami z realizovan\u00fdch Erasmus projektov, videom, online D\u0148om otvoren\u00fdch dver\u00ed\u2026 Sledujte n\u00e1s a spoznajte na\u0161u zdravotku\u2026<\/p>\n","protected":false},"excerpt":{"rendered":"<p>Eur&oacute;psky t&yacute;&#382;de&#328; odborn&yacute;ch zru&#269;nost&iacute; m&aacute; za hlavn&yacute; cie&#318; zv&yacute;&scaron;i&#357; povedomie o&nbsp;v&yacute;zname a&nbsp;pr&iacute;nose odborn&eacute;ho vzdel&aacute;vania a&nbsp;pr&iacute;pravy. Akcia je iniciat&iacute;vou Eur&oacute;pskej komisie, ktor&aacute; sa realizuje ka&#382;doro&#269;ne u&#382; piatykr&aacute;t.<span class=\"excerpt-hellip\"> [\u2026]<\/span><\/p>\n","protected":false},"author":2,"featured_media":11643,"comment_status":"closed","ping_status":"closed","sticky":false,"template":"","format":"standard","meta":{"footnotes":""},"categories":[8],"tags":[],"class_list":["post-11636","post","type-post","status-publish","format-standard","has-post-thumbnail","hentry","category-ine"],"aioseo_notices":[],"_links":{"self":[{"href":"https:\/\/szslucnalc.sk\/index.php?rest_route=\/wp\/v2\/posts\/11636","targetHints":{"allow":["GET"]}}],"collection":[{"href":"https:\/\/szslucnalc.sk\/index.php?rest_route=\/wp\/v2\/posts"}],"about":[{"href":"https:\/\/szslucnalc.sk\/index.php?rest_route=\/wp\/v2\/types\/post"}],"author":[{"embeddable":true,"href":"https:\/\/szslucnalc.sk\/index.php?rest_route=\/wp\/v2\/users\/2"}],"replies":[{"embeddable":true,"href":"https:\/\/szslucnalc.sk\/index.php?rest_route=%2Fwp%2Fv2%2Fcomments&post=11636"}],"version-history":[{"count":4,"href":"https:\/\/szslucnalc.sk\/index.php?rest_route=\/wp\/v2\/posts\/11636\/revisions"}],"predecessor-version":[{"id":11655,"href":"https:\/\/szslucnalc.sk\/index.php?rest_route=\/wp\/v2\/posts\/11636\/revisions\/11655"}],"wp:featuredmedia":[{"embeddable":true,"href":"https:\/\/szslucnalc.sk\/index.php?rest_route=\/wp\/v2\/media\/11643"}],"wp:attachment":[{"href":"https:\/\/szslucnalc.sk\/index.php?rest_route=%2Fwp%2Fv2%2Fmedia&parent=11636"}],"wp:term":[{"taxonomy":"category","embeddable":true,"href":"https:\/\/szslucnalc.sk\/index.php?rest_route=%2Fwp%2Fv2%2Fcategories&post=11636"},{"taxonomy":"post_tag","embeddable":true,"href":"https:\/\/szslucnalc.sk\/index.php?rest_route=%2Fwp%2Fv2%2Ftags&post=11636"}],"curies":[{"name":"wp","href":"https:\/\/api.w.org\/{rel}","templated":true}]}}