{"id":11900,"date":"2021-02-03T15:14:15","date_gmt":"2021-02-03T14:14:15","guid":{"rendered":"https:\/\/szslucnalc.sk\/?p=11900"},"modified":"2021-02-03T15:16:18","modified_gmt":"2021-02-03T14:16:18","slug":"od-pondelka-sme-opat-vsetci-v-skole","status":"publish","type":"post","link":"https:\/\/szslucnalc.sk\/?p=11900","title":{"rendered":"Od pondelka sme op\u00e4\u0165 v\u0161etci v \u0161kole!"},"content":{"rendered":"\n<h5 class=\"wp-block-heading\"><strong>Ak\u00e9 \u0161koly sa otv\u00e1raj\u00fa<\/strong><\/h5>\n\n\n\n<p>Ministerstvo \u0161kolstva sa po rokovaniach s pandemickou komisiou rozhodlo <strong>od pondelka 8.2. 2021<\/strong> otvori\u0165 viacer\u00e9 br\u00e1ny \u0161k\u00f4l pre klasick\u00fa v\u00fdu\u010dbu. Minister \u0161kolstva Branislav Gr\u00f6hling (SaS) dnes na br\u00edfingu ozn\u00e1mil detailnej\u0161ie podmienky! Od pondelka 8. febru\u00e1ra sa otvoria matersk\u00e9 \u0161koly (M\u0160), \u0161peci\u00e1lne \u0161koly a prv\u00fd stupe\u0148 z\u00e1kladn\u00fdch \u0161k\u00f4l (Z\u0160). Do \u0161k\u00f4l sa od tohto d\u00e1tumu bud\u00fa m\u00f4c\u0165 vr\u00e1ti\u0165 aj \u017eiaci kon\u010diacich ro\u010dn\u00edkov stredn\u00fdch \u0161k\u00f4l (S\u0160). Otvoren\u00e9 bud\u00fa tie\u017e z\u00e1kladn\u00e9 umeleck\u00e9 \u0161koly na individu\u00e1lnu v\u00fdu\u010dbu, <strong>stredn\u00e9 zdravotn\u00edcke \u0161koly a ich intern\u00e1ty<\/strong>. Informoval o tom v stredu po\u010das tla\u010dovej konferencie minister \u0161kolstva Gr\u00f6hling. Ako uviedol v SZ\u0160 sa na \u017eiados\u0165 MZ SR otv\u00e1raj\u00fa prezen\u010dne <strong>v\u0161etky ro\u010dn\u00edky<\/strong>. Testovanie mlad\u0161\u00edch \u017eiakov nebude povinn\u00e9, av\u0161ak otestovan\u00fd mus\u00ed by\u0165 jeden z ich rodi\u010dov a u\u010ditelia. <strong>Stredo\u0161kol\u00e1ci sa pri n\u00e1vrate do \u0161kolsk\u00fdch lav\u00edc bud\u00fa rovnako musie\u0165 preuk\u00e1za\u0165 negat\u00edvnym testom, plat\u00ed to aj pre person\u00e1l S\u0160.<\/strong><\/p>\n","protected":false},"excerpt":{"rendered":"<p>Ak&eacute; &scaron;koly sa otv&aacute;raj&uacute; Ministerstvo &scaron;kolstva sa po rokovaniach s pandemickou komisiou rozhodlo od pondelka 8.2. 2021 otvori&#357; viacer&eacute; br&aacute;ny &scaron;k&ocirc;l pre klasick&uacute; v&yacute;u&#269;bu. Minister &scaron;kolstva<span class=\"excerpt-hellip\"> [\u2026]<\/span><\/p>\n","protected":false},"author":2,"featured_media":11904,"comment_status":"closed","ping_status":"closed","sticky":false,"template":"","format":"standard","meta":{"footnotes":""},"categories":[8],"tags":[],"class_list":["post-11900","post","type-post","status-publish","format-standard","has-post-thumbnail","hentry","category-ine"],"aioseo_notices":[],"_links":{"self":[{"href":"https:\/\/szslucnalc.sk\/index.php?rest_route=\/wp\/v2\/posts\/11900","targetHints":{"allow":["GET"]}}],"collection":[{"href":"https:\/\/szslucnalc.sk\/index.php?rest_route=\/wp\/v2\/posts"}],"about":[{"href":"https:\/\/szslucnalc.sk\/index.php?rest_route=\/wp\/v2\/types\/post"}],"author":[{"embeddable":true,"href":"https:\/\/szslucnalc.sk\/index.php?rest_route=\/wp\/v2\/users\/2"}],"replies":[{"embeddable":true,"href":"https:\/\/szslucnalc.sk\/index.php?rest_route=%2Fwp%2Fv2%2Fcomments&post=11900"}],"version-history":[{"count":1,"href":"https:\/\/szslucnalc.sk\/index.php?rest_route=\/wp\/v2\/posts\/11900\/revisions"}],"predecessor-version":[{"id":11903,"href":"https:\/\/szslucnalc.sk\/index.php?rest_route=\/wp\/v2\/posts\/11900\/revisions\/11903"}],"wp:featuredmedia":[{"embeddable":true,"href":"https:\/\/szslucnalc.sk\/index.php?rest_route=\/wp\/v2\/media\/11904"}],"wp:attachment":[{"href":"https:\/\/szslucnalc.sk\/index.php?rest_route=%2Fwp%2Fv2%2Fmedia&parent=11900"}],"wp:term":[{"taxonomy":"category","embeddable":true,"href":"https:\/\/szslucnalc.sk\/index.php?rest_route=%2Fwp%2Fv2%2Fcategories&post=11900"},{"taxonomy":"post_tag","embeddable":true,"href":"https:\/\/szslucnalc.sk\/index.php?rest_route=%2Fwp%2Fv2%2Ftags&post=11900"}],"curies":[{"name":"wp","href":"https:\/\/api.w.org\/{rel}","templated":true}]}}