{"id":12051,"date":"2021-03-02T12:36:45","date_gmt":"2021-03-02T11:36:45","guid":{"rendered":"https:\/\/szslucnalc.sk\/?p=12051"},"modified":"2021-03-03T07:44:38","modified_gmt":"2021-03-03T06:44:38","slug":"vychutnali-sme-si-umelecku-hodinku-v-podobe-prednesu","status":"publish","type":"post","link":"https:\/\/szslucnalc.sk\/?p=12051","title":{"rendered":"Umeleck\u00fd prednes cez r\u00fa\u0161ko?"},"content":{"rendered":"\n<p>Koronadoba n\u00e1s u\u010d\u00ed robi\u0165 z nemo\u017en\u00e9ho mo\u017en\u00e9. Stredu 24.02.2021 sme si spravili neoby\u010dajnou. Priate\u013esky sme sa stretli\u00a0 v\u0161etci t\u00ed, ktor\u00fdm sa p\u00e1\u010di umeleck\u00e9 slovo. V\u00a0na\u0161ej \u0161kole sa uskuto\u010dnilo \u0161kolsk\u00e9 kolo recita\u010dnej s\u00fa\u0165a\u017ee\u00a0 Hviezdoslavov Kub\u00edn aj napriek zlo\u017eitej pandemickej situ\u00e1cii. Bolo to naozaj pr\u00edjemn\u00e9, nachv\u00ed\u013eu sme sa ocitli mimo dne\u0161n\u00e9ho sveta a\u00a0ponorili sme sa do sveta fant\u00e1zie. A\u00a0vypo\u010duli sme si kr\u00e1snu literat\u00faru, kde v\u00ed\u0165az\u00ed dobro nad zlom. Zi\u0161li sme sa aj v\u00a0slu\u0161nom po\u010dte.\u00a0 Prednes pr\u00f3zy sme si vypo\u010duli od Kalo\u010daiovej, Jon\u00e1\u0161ovej a\u00a0Lacka a\u00a0 prednes po\u00e9zie sme si vychutnali od Sihelskej, Kalmanekovej, Hikkerovej, \u00a0Pe\u0165kovej, Skypalovej, Alexiovej a\u00a0Gregora. Mali sme pr\u00edjemn\u00fd umeleck\u00fd z\u00e1\u017eitok. Na\u0161e\u00a0 \u00a0sloven\u010din\u00e1rky mali \u0165a\u017ek\u00e9 rozhodnutie na pleciach- vybra\u0165 v\u00ed\u0165azov. V\u00a0kateg\u00f3rii PR\u00d3ZA si zasl\u00fa\u017eila 1. miesto Zuzana Kalo\u010daiov\u00e1 z\u00a0I.A triedy a\u00a01.miesto v\u00a0kateg\u00f3rii PO\u00c9ZIA z\u00edskala Janka Sihelsk\u00e1 z\u00a03.A triedy.\u00a0<\/p>\n\n\n\n<p><em>Dr\u017ete n\u00e1m palce v&nbsp;\u010fal\u0161om kole v&nbsp;reprezentovan\u00ed na\u0161ej \u0161koly.<\/em><\/p>\n\n\n\n<p><strong><em>Janka S.<\/em><\/strong><\/p>\n","protected":false},"excerpt":{"rendered":"<p>Koronadoba n&aacute;s u&#269;&iacute; robi&#357; z nemo&#382;n&eacute;ho mo&#382;n&eacute;. Stredu 24.02.2021 sme si spravili neoby&#269;ajnou. Priate&#318;sky sme sa stretli&nbsp; v&scaron;etci t&iacute;, ktor&yacute;m sa p&aacute;&#269;i umeleck&eacute; slovo. V&nbsp;na&scaron;ej &scaron;kole<span class=\"excerpt-hellip\"> [\u2026]<\/span><\/p>\n","protected":false},"author":2,"featured_media":12052,"comment_status":"closed","ping_status":"closed","sticky":false,"template":"","format":"standard","meta":{"footnotes":""},"categories":[8],"tags":[],"class_list":["post-12051","post","type-post","status-publish","format-standard","has-post-thumbnail","hentry","category-ine"],"aioseo_notices":[],"_links":{"self":[{"href":"https:\/\/szslucnalc.sk\/index.php?rest_route=\/wp\/v2\/posts\/12051","targetHints":{"allow":["GET"]}}],"collection":[{"href":"https:\/\/szslucnalc.sk\/index.php?rest_route=\/wp\/v2\/posts"}],"about":[{"href":"https:\/\/szslucnalc.sk\/index.php?rest_route=\/wp\/v2\/types\/post"}],"author":[{"embeddable":true,"href":"https:\/\/szslucnalc.sk\/index.php?rest_route=\/wp\/v2\/users\/2"}],"replies":[{"embeddable":true,"href":"https:\/\/szslucnalc.sk\/index.php?rest_route=%2Fwp%2Fv2%2Fcomments&post=12051"}],"version-history":[{"count":2,"href":"https:\/\/szslucnalc.sk\/index.php?rest_route=\/wp\/v2\/posts\/12051\/revisions"}],"predecessor-version":[{"id":12074,"href":"https:\/\/szslucnalc.sk\/index.php?rest_route=\/wp\/v2\/posts\/12051\/revisions\/12074"}],"wp:featuredmedia":[{"embeddable":true,"href":"https:\/\/szslucnalc.sk\/index.php?rest_route=\/wp\/v2\/media\/12052"}],"wp:attachment":[{"href":"https:\/\/szslucnalc.sk\/index.php?rest_route=%2Fwp%2Fv2%2Fmedia&parent=12051"}],"wp:term":[{"taxonomy":"category","embeddable":true,"href":"https:\/\/szslucnalc.sk\/index.php?rest_route=%2Fwp%2Fv2%2Fcategories&post=12051"},{"taxonomy":"post_tag","embeddable":true,"href":"https:\/\/szslucnalc.sk\/index.php?rest_route=%2Fwp%2Fv2%2Ftags&post=12051"}],"curies":[{"name":"wp","href":"https:\/\/api.w.org\/{rel}","templated":true}]}}