{"id":12791,"date":"2021-06-02T14:13:40","date_gmt":"2021-06-02T12:13:40","guid":{"rendered":"https:\/\/szslucnalc.sk\/?p=12791"},"modified":"2021-06-03T11:35:31","modified_gmt":"2021-06-03T09:35:31","slug":"navstivila-nas-prezidentka-sr-pani-zuzana-caputova","status":"publish","type":"post","link":"https:\/\/szslucnalc.sk\/?p=12791","title":{"rendered":"Nav\u0161t\u00edvila n\u00e1s prezidentka SR &#8211; pani Zuzana \u010caputov\u00e1"},"content":{"rendered":"\n<p>Na\u0161a zdravotka v tomto roku osl\u00e1vi 75 rokov svojej existencie a&nbsp;nikdy po\u010das svojej hist\u00f3rie nezaznamenala tak\u00e9 ocenenie, ako tento t\u00fd\u017ede\u0148. Sami si tro\u0161ku nad t\u00fdm l\u00e1meme hlavu: ako sa to prihodilo, \u017ee za dva dni n\u00e1s nav\u0161t\u00edvia dve v\u00fdznamn\u00e9 osobnosti politick\u00e9ho \u017eivota. Ist\u00e9 je, \u017ee prezidentsk\u00e1 kancel\u00e1ria nekoordinovala program pani prezidentky s&nbsp;ministerstvom \u0161kolstva. D\u00f4le\u017eitej\u0161ie je, \u017ee obidve in\u0161tit\u00facie us\u00fadili, \u017ee pr\u00e1ve na\u0161a \u0161kola m\u00e1 \u010do pon\u00faknu\u0165, \u017ee aj touto cestou je vhodn\u00e9 vzda\u0165 hold na\u0161ej pr\u00e1ci a&nbsp;spopularizova\u0165 \u0161t\u00fadium na zdravotn\u00edckych \u0161kol\u00e1ch.<\/p>\n\n\n\n<p>&nbsp;&nbsp;&nbsp;&nbsp;&nbsp;&nbsp; Ofici\u00e1lny program pani prezidentky Zuzany \u010caputovej na na\u0161ej \u0161kole sa za\u010dal 2. j\u00fana o&nbsp;9:30 pr\u00edchodom prezidentskej kol\u00f3ny. Pred B-budovou priv\u00edtala pani prezidentku prim\u00e1torka Lu\u010denca, pani Alexandra Pivkov\u00e1 a&nbsp;po nej riadite\u013e \u0161koly, p\u00e1n Miroslav Sekula. Riadite\u013e \u0161koly sprev\u00e1dzal pani prezidentku pri prehliadke odborn\u00fdch u\u010debn\u00ed, kde prebiehalo praktick\u00e9 vyu\u010dovanie v&nbsp;laborat\u00f3rnych podmienkach. P. prezidentka sa \u017eivo zauj\u00edmala o&nbsp;jednotliv\u00e9 v\u00fdkony, ktor\u00e9 demon\u0161trovali \u017eiaci druh\u00e9ho ro\u010dn\u00edka. Mohla vidie\u0165 pr\u00edpravu a&nbsp;aplik\u00e1ciu inzul\u00ednu a in\u00fdch injekci\u00ed pod ko\u017eu a&nbsp;do svalu, pr\u00edpravu inf\u00fazi\u00ed, transf\u00fazie &#8230; \u017diaci jej ochotne vysvetlili realizovan\u00fa \u010dinnos\u0165 a&nbsp;nemali probl\u00e9m odpoveda\u0165 na jej ot\u00e1zky.<\/p>\n\n\n\n<p>Na viac ot\u00e1zok a&nbsp;odpoved\u00ed sa vytvoril dostato\u010dn\u00fd priestor pri n\u00e1slednej diskusii prezidentky SR s&nbsp;vybran\u00fdmi \u0161tudentmi prv\u00e9ho a&nbsp;druh\u00e9ho ro\u010dn\u00edka. Menej ost\u00fdchav\u00ed, bezprostrednej\u0161\u00ed (\u010di menej disciplinovan\u00ed &#8211; s&nbsp;men\u0161\u00edm re\u0161pektom) sa prekvapivo uk\u00e1zali prv\u00e1ci, ke\u010f druh\u00e1kov takmer nepustili k&nbsp;slovu. Atmosf\u00e9ru rozhovoru si pochva\u013eovali obe strany. Pani prezidentka pochv\u00e1lila spont\u00e1nnos\u0165 a&nbsp;aktivitu \u017eiakov, t\u00ed zase ocenili jej prirodzenos\u0165, \u00faprimn\u00fd z\u00e1ujem a&nbsp;ochotu odpoveda\u0165 na najrozli\u010dnej\u0161ie ot\u00e1zky. V&nbsp;rozhovore sa postupne dotkli pandemickej situ\u00e1cie, nedostatku zdravotn\u00edckeho person\u00e1lu, d\u00f4le\u017eitosti \u0161tudijn\u00e9ho odboru praktick\u00e1 sestra, ale tie\u017e di\u0161tan\u010dn\u00e9mu vzdel\u00e1vaniu, u\u010debn\u00fdm osnov\u00e1m \u010di vyu\u010dovac\u00edm met\u00f3dam. \u017diakov napr\u00edklad zauj\u00edmalo \u010di bude p. prezidentka opakovane kandidova\u0165, alebo \u010di by si vedela predstavi\u0165 seba v&nbsp;zdravotn\u00edctve. V&nbsp;odpovedi prejavila zmysel pre humor, ke\u010f povedala, \u017ee si vysoko v\u00e1\u017ei aj pr\u00e1cu pilota, ale do kokpitu st\u00edha\u010dky by sa neposadila. Besedu musel pre nedostatok \u010dasu ukon\u010di\u0165 ved\u00faci protokolu.<\/p>\n\n\n\n<p>Po z\u00e1pise do kroniky \u0161koly nasledovalo fotenie a&nbsp;rozl\u00fa\u010dka. Za n\u00e1v\u0161tevu sa pani prezidentke po\u010fakoval kyticou a&nbsp;mal\u00fdm prezentom riadite\u013e \u0161koly a&nbsp;potleskom \u017eiaci a&nbsp;pedagogick\u00fd zbor. Zuzana \u010caputov\u00e1 priniesla do na\u0161ej \u0161koly noblesu, eleganciu, kult\u00faru prejavu sn\u00faben\u00fa s&nbsp;prirodzenos\u0165ou a&nbsp;\u013eudskos\u0165ou. \u010eakujeme, pani prezidentka!<\/p>\n\n\n\n<p>Zajtra priv\u00edtame ministra \u0161kolstva.<\/p>\n","protected":false},"excerpt":{"rendered":"<p>Na&scaron;a zdravotka v tomto roku osl&aacute;vi 75 rokov svojej existencie a&nbsp;nikdy po&#269;as svojej hist&oacute;rie nezaznamenala tak&eacute; ocenenie, ako tento t&yacute;&#382;de&#328;. Sami si tro&scaron;ku nad t&yacute;m l&aacute;meme<span class=\"excerpt-hellip\"> [\u2026]<\/span><\/p>\n","protected":false},"author":2,"featured_media":12823,"comment_status":"closed","ping_status":"closed","sticky":false,"template":"","format":"standard","meta":{"footnotes":""},"categories":[8],"tags":[],"class_list":["post-12791","post","type-post","status-publish","format-standard","has-post-thumbnail","hentry","category-ine"],"aioseo_notices":[],"_links":{"self":[{"href":"https:\/\/szslucnalc.sk\/index.php?rest_route=\/wp\/v2\/posts\/12791","targetHints":{"allow":["GET"]}}],"collection":[{"href":"https:\/\/szslucnalc.sk\/index.php?rest_route=\/wp\/v2\/posts"}],"about":[{"href":"https:\/\/szslucnalc.sk\/index.php?rest_route=\/wp\/v2\/types\/post"}],"author":[{"embeddable":true,"href":"https:\/\/szslucnalc.sk\/index.php?rest_route=\/wp\/v2\/users\/2"}],"replies":[{"embeddable":true,"href":"https:\/\/szslucnalc.sk\/index.php?rest_route=%2Fwp%2Fv2%2Fcomments&post=12791"}],"version-history":[{"count":2,"href":"https:\/\/szslucnalc.sk\/index.php?rest_route=\/wp\/v2\/posts\/12791\/revisions"}],"predecessor-version":[{"id":12824,"href":"https:\/\/szslucnalc.sk\/index.php?rest_route=\/wp\/v2\/posts\/12791\/revisions\/12824"}],"wp:featuredmedia":[{"embeddable":true,"href":"https:\/\/szslucnalc.sk\/index.php?rest_route=\/wp\/v2\/media\/12823"}],"wp:attachment":[{"href":"https:\/\/szslucnalc.sk\/index.php?rest_route=%2Fwp%2Fv2%2Fmedia&parent=12791"}],"wp:term":[{"taxonomy":"category","embeddable":true,"href":"https:\/\/szslucnalc.sk\/index.php?rest_route=%2Fwp%2Fv2%2Fcategories&post=12791"},{"taxonomy":"post_tag","embeddable":true,"href":"https:\/\/szslucnalc.sk\/index.php?rest_route=%2Fwp%2Fv2%2Ftags&post=12791"}],"curies":[{"name":"wp","href":"https:\/\/api.w.org\/{rel}","templated":true}]}}