{"id":12826,"date":"2021-06-03T20:54:23","date_gmt":"2021-06-03T18:54:23","guid":{"rendered":"https:\/\/szslucnalc.sk\/?p=12826"},"modified":"2021-06-05T20:44:06","modified_gmt":"2021-06-05T18:44:06","slug":"privitali-sme-aj-ministra-skolstva","status":"publish","type":"post","link":"https:\/\/szslucnalc.sk\/?p=12826","title":{"rendered":"Priv\u00edtali sme ministra \u0161kolstva."},"content":{"rendered":"\n<p>Jeho pr\u00edchod (3. 6. tesne popoludn\u00ed) vlastne pr\u00edjazd bol dos\u0165 netradi\u010dn\u00fd, lebo vyu\u017eil na presun medzi \u0161kolami v meste aj s \u010das\u0165ou deleg\u00e1cie mestsk\u00e9 bicykle. Bicyklovanie v obleku je v na\u0161ich kon\u010din\u00e1ch dos\u0165 netradi\u010dn\u00fdm druhom \u0161portu, ale ke\u010f ide o dobr\u00fa vec &#8211; podporu ekologickej a zdravej dopravy, pre\u010do nie.  Pred hlavn\u00fdm vchodom do \u0161kolskej budovy na ministra B. Gr\u0151hlinga \u010dakal riadite\u013e \u0161koly M. Sekula s riadite\u013eom odboru vzdel\u00e1vania BBSK M. Marti\u0161om a tretiakmi, ktor\u00ed si odsko\u010dili z nemocnice urobi\u0165 s ministrom self\u00ed\u010dko. Od \u00favodu n\u00e1v\u0161tevy  p\u00e1n minister udr\u017eiaval uvo\u013enen\u00fa atmosf\u00e9ru pri komunik\u00e1cii so \u017eiakmi i pedag\u00f3gmi \u0161koly. Postupne si prezrel prebiehaj\u00face vyu\u010dovanie v odborn\u00fdch i \u0161tandardn\u00fdch u\u010debniach a v \u010fal\u0161ej \u010dasti n\u00e1v\u0161tevy absolvoval rozhovor s veden\u00edm \u0161koly i samospr\u00e1vneho kraja v riadite\u013eni. Hlavnou t\u00e9mou debaty bol \u0161tudijn\u00fd odbor praktick\u00e1 sestra a v\u00fdrazn\u00fd nedostatok zdravotn\u00edckych pracovn\u00edkov v SR. Re\u010d pri\u0161la aj na pl\u00e1ny \u0161koly do bud\u00facna s rekon\u0161trukciou \u0161portov\u00e9ho are\u00e1lu a stavbou telocvi\u010dne. Pred rozl\u00fa\u010dkou nasledovalo \u010fal\u0161ie fotenie a na self\u00ed\u010dka si pri\u0161li prv\u00e1\u010dky i druh\u00e1\u010dky. <\/p>\n\n\n\n<p>O tom kto \u0161kolu nav\u0161t\u00edvi bud\u00faci t\u00fd\u017ede\u0148 v\u00e1s budeme v\u010das informova\u0165. \ud83d\ude42<\/p>\n","protected":false},"excerpt":{"rendered":"<p>Jeho pr&iacute;chod (3. 6. tesne popoludn&iacute;) vlastne pr&iacute;jazd bol dos&#357; netradi&#269;n&yacute;, lebo vyu&#382;il na presun medzi &scaron;kolami v meste aj s &#269;as&#357;ou deleg&aacute;cie mestsk&eacute; bicykle. Bicyklovanie<span class=\"excerpt-hellip\"> [\u2026]<\/span><\/p>\n","protected":false},"author":2,"featured_media":12836,"comment_status":"closed","ping_status":"closed","sticky":false,"template":"","format":"standard","meta":{"footnotes":""},"categories":[8],"tags":[],"class_list":["post-12826","post","type-post","status-publish","format-standard","has-post-thumbnail","hentry","category-ine"],"aioseo_notices":[],"_links":{"self":[{"href":"https:\/\/szslucnalc.sk\/index.php?rest_route=\/wp\/v2\/posts\/12826","targetHints":{"allow":["GET"]}}],"collection":[{"href":"https:\/\/szslucnalc.sk\/index.php?rest_route=\/wp\/v2\/posts"}],"about":[{"href":"https:\/\/szslucnalc.sk\/index.php?rest_route=\/wp\/v2\/types\/post"}],"author":[{"embeddable":true,"href":"https:\/\/szslucnalc.sk\/index.php?rest_route=\/wp\/v2\/users\/2"}],"replies":[{"embeddable":true,"href":"https:\/\/szslucnalc.sk\/index.php?rest_route=%2Fwp%2Fv2%2Fcomments&post=12826"}],"version-history":[{"count":2,"href":"https:\/\/szslucnalc.sk\/index.php?rest_route=\/wp\/v2\/posts\/12826\/revisions"}],"predecessor-version":[{"id":12879,"href":"https:\/\/szslucnalc.sk\/index.php?rest_route=\/wp\/v2\/posts\/12826\/revisions\/12879"}],"wp:featuredmedia":[{"embeddable":true,"href":"https:\/\/szslucnalc.sk\/index.php?rest_route=\/wp\/v2\/media\/12836"}],"wp:attachment":[{"href":"https:\/\/szslucnalc.sk\/index.php?rest_route=%2Fwp%2Fv2%2Fmedia&parent=12826"}],"wp:term":[{"taxonomy":"category","embeddable":true,"href":"https:\/\/szslucnalc.sk\/index.php?rest_route=%2Fwp%2Fv2%2Fcategories&post=12826"},{"taxonomy":"post_tag","embeddable":true,"href":"https:\/\/szslucnalc.sk\/index.php?rest_route=%2Fwp%2Fv2%2Ftags&post=12826"}],"curies":[{"name":"wp","href":"https:\/\/api.w.org\/{rel}","templated":true}]}}