{"id":13016,"date":"2021-06-24T09:05:00","date_gmt":"2021-06-24T07:05:00","guid":{"rendered":"https:\/\/szslucnalc.sk\/?p=13016"},"modified":"2021-06-25T08:44:04","modified_gmt":"2021-06-25T06:44:04","slug":"navsteva-psychiatrie","status":"publish","type":"post","link":"https:\/\/szslucnalc.sk\/?p=13016","title":{"rendered":"N\u00e1v\u0161teva Kremnice"},"content":{"rendered":"\n<p class=\"wp-block-paragraph\">V dne\u0161n\u00fa hor\u00facu stredu sme sa stretli v\u0161etci tretiaci s&nbsp;pobalen\u00fdmi&nbsp;batohmi a kabelkami na vlakovej stanici v Lu\u010denci.&nbsp;Nast\u00fapili&nbsp;sme do autobusu, ktor\u00fd n\u00e1s odviezol pred Psychiatrick\u00fa nemocnicu prof. Matulaya v Kremnici. Na za\u010diatku sme sa rozdelili na 3 skupinky. Ka\u017ed\u00e1 skupina dostala zdravotn\u00edckeho pracovn\u00edka, ktor\u00fd&nbsp;n\u00e1s previedol are\u00e1lom nemocnice. Okrem are\u00e1lu nemocnice n\u00e1s zdravotn\u00edci obozn\u00e1mili aj s interi\u00e9rom. Vieme, ako&nbsp;vyzer\u00e1 o\u0161etrovacia jednotka, ak\u00e9 maj\u00fa pacienti izby , jed\u00e1le\u0148, pracovne,&nbsp;soci\u00e1lne&nbsp;zariadenia. Videli sme ve\u013ea zauj\u00edmav\u00fdch vec\u00ed a dozvedeli sme sa mno\u017estvo&nbsp;u\u017eito\u010dn\u00fdch&nbsp;inform\u00e1cii. Napr\u00edklad v\u00e1m m\u00f4\u017eem prezradi\u0165, \u017ee n\u00e1m uk\u00e1zali a&nbsp;vysvetlili&nbsp;elektro\u0161okov\u00fa lie\u010dbu. Je to pre n\u00e1s nie\u010do celkom nov\u00e9, \u010do ma oslovilo a zaujalo. Dozvedeli sme sa, \u017ee t\u00e1to lie\u010dba je ve\u013emi&nbsp;\u00fa\u010dinn\u00e1&nbsp;u pacientov v depresii.<br>Nav\u0161t\u00edvili sme staj\u0148u s troma pon\u00edkmi a&nbsp;dvoma kon\u00edkmi. Na vlastn\u00e9 o\u010di sme videli, ako&nbsp;prebieha rehabilit\u00e1cia na koni pod veden\u00edm fyzioterapeutky. Dozvedeli sme sa, \u017ee pacienti, ktor\u00ed&nbsp;maj\u00fa pohybov\u00fd re\u017eim D, s\u00fa od r\u00e1na akt\u00edvni. Pom\u00e1haj\u00fa pri \u00faprave are\u00e1lu nemocnice &#8211; kosia, hrab\u00fa, staraj\u00fa sa o&nbsp;kvetiny, o \u010distotu interi\u00e9ru a&nbsp;j exteri\u00e9ru. Nemocnica disponuje diel\u0148ami, v ktor\u00fdch maj\u00fa &nbsp;pacienti&nbsp;zamestnania. Ergoterapia je zameran\u00e1 na pletenie&nbsp;n\u00e1ramkov,&nbsp;n\u00e1hrdeln\u00edkov, ma\u013eovan\u00edm, kreslen\u00edm, \u0161trikovan\u00edm a r\u00f4znymi&nbsp;\u010fal\u0161\u00edmi&nbsp;technikami. Pacienti s\u00fa ve\u013emi \u0161ikovn\u00ed a dokonca ka\u017ed\u00fd vydaren\u00fd produkt sa pred\u00e1 a za z\u00e1robok sa kupuj\u00fa nov\u00e9 materi\u00e1ly.&nbsp;Rozl\u00fa\u010dili&nbsp;sme sa&nbsp;so psychiatriou a&nbsp;vybrali sa pop\u00e1s\u0165 si o\u010di nad kr\u00e1snou architekt\u00farou v historickom centre mesta. Nav\u0161t\u00edvili sme miestne re\u0161taur\u00e1cie a poriadne sa nas\u00fdtili. Po dobrom jedle sme sa rozdelili sme na dve skupinky. Jedna skupinka mala namieren\u00e9 do mestsk\u00e9ho m\u00fazea a druh\u00e1 za hradby hradu. Na\u0161u&nbsp;exkurziu a&nbsp;\u201epr\u00edjemne\u201c&nbsp;slne\u010dn\u00fd de\u0148 sme ukon\u010dili spevom, ktor\u00fd sa \u0161\u00edril cel\u00fdm autobusom. \u010eakujeme za exkurziu, na\u0161i mil\u00ed profesori.<\/p>\n\n\n\n<p class=\"wp-block-paragraph\">Janka Sihelsk\u00e1 III.A<\/p>\n","protected":false},"excerpt":{"rendered":"<p>V dne&scaron;n&uacute; hor&uacute;cu stredu sme sa stretli v&scaron;etci tretiaci s&nbsp;pobalen&yacute;mi&nbsp;batohmi a kabelkami na vlakovej stanici v Lu&#269;enci.&nbsp;Nast&uacute;pili&nbsp;sme do autobusu, ktor&yacute; n&aacute;s odviezol pred Psychiatrick&uacute; nemocnicu prof.<span class=\"excerpt-hellip\"> [\u2026]<\/span><\/p>\n","protected":false},"author":1001014,"featured_media":13009,"comment_status":"closed","ping_status":"closed","sticky":false,"template":"","format":"standard","meta":{"footnotes":""},"categories":[7],"tags":[],"class_list":["post-13016","post","type-post","status-publish","format-standard","has-post-thumbnail","hentry","category-profesia"],"aioseo_notices":[],"aioseo_head":"\n\t\t<!-- All in One SEO 5.0.0.1 - aioseo.com -->\n\t<meta name=\"description\" content=\"V dne\u0161n\u00fa hor\u00facu stredu sme sa stretli v\u0161etci tretiaci s pobalen\u00fdmi batohmi a kabelkami na vlakovej stanici v Lu\u010denci. Nast\u00fapili sme do autobusu, ktor\u00fd n\u00e1s odviezol pred Psychiatrick\u00fa nemocnicu prof. Matulaya v Kremnici. Na za\u010diatku sme sa rozdelili na 3 skupinky. Ka\u017ed\u00e1 skupina dostala zdravotn\u00edckeho pracovn\u00edka, ktor\u00fd n\u00e1s previedol are\u00e1lom nemocnice. Okrem are\u00e1lu nemocnice n\u00e1s zdravotn\u00edci obozn\u00e1mili aj s interi\u00e9rom.\" \/>\n\t<meta name=\"robots\" content=\"max-image-preview:large\" \/>\n\t<meta name=\"author\" content=\"Stefan Forgon\"\/>\n\t<link rel=\"canonical\" href=\"https:\/\/szslucnalc.sk\/?p=13016\" \/>\n\t<meta name=\"generator\" content=\"All in One SEO (AIOSEO) 5.0.0.1\" \/>\n\t\t<meta property=\"og:locale\" content=\"sk_SK\" \/>\n\t\t<meta property=\"og:site_name\" content=\"Stredn\u00e1 zdravotn\u00edcka \u0161kola Lu\u010denec - Stredn\u00e1 zdravotn\u00edcka \u0161kola\" \/>\n\t\t<meta property=\"og:type\" content=\"article\" \/>\n\t\t<meta property=\"og:title\" content=\"N\u00e1v\u0161teva Kremnice - Stredn\u00e1 zdravotn\u00edcka \u0161kola Lu\u010denec\" \/>\n\t\t<meta property=\"og:description\" content=\"V dne\u0161n\u00fa hor\u00facu stredu sme sa stretli v\u0161etci tretiaci s pobalen\u00fdmi batohmi a kabelkami na vlakovej stanici v Lu\u010denci. Nast\u00fapili sme do autobusu, ktor\u00fd n\u00e1s odviezol pred Psychiatrick\u00fa nemocnicu prof. Matulaya v Kremnici. Na za\u010diatku sme sa rozdelili na 3 skupinky. Ka\u017ed\u00e1 skupina dostala zdravotn\u00edckeho pracovn\u00edka, ktor\u00fd n\u00e1s previedol are\u00e1lom nemocnice. Okrem are\u00e1lu nemocnice n\u00e1s zdravotn\u00edci obozn\u00e1mili aj s interi\u00e9rom.\" \/>\n\t\t<meta property=\"og:url\" content=\"https:\/\/szslucnalc.sk\/?p=13016\" \/>\n\t\t<meta property=\"og:image\" content=\"https:\/\/szslucnalc.sk\/wp-content\/uploads\/2021\/06\/kremnica-3.jpg\" \/>\n\t\t<meta property=\"og:image:secure_url\" content=\"https:\/\/szslucnalc.sk\/wp-content\/uploads\/2021\/06\/kremnica-3.jpg\" \/>\n\t\t<meta property=\"og:image:width\" content=\"2016\" \/>\n\t\t<meta property=\"og:image:height\" content=\"1512\" \/>\n\t\t<meta property=\"article:published_time\" content=\"2021-06-24T07:05:00+00:00\" \/>\n\t\t<meta property=\"article:modified_time\" content=\"2021-06-25T06:44:04+00:00\" \/>\n\t\t<meta name=\"twitter:card\" content=\"summary_large_image\" \/>\n\t\t<meta name=\"twitter:title\" content=\"N\u00e1v\u0161teva Kremnice - Stredn\u00e1 zdravotn\u00edcka \u0161kola Lu\u010denec\" \/>\n\t\t<meta name=\"twitter:description\" content=\"V dne\u0161n\u00fa hor\u00facu stredu sme sa stretli v\u0161etci tretiaci s pobalen\u00fdmi batohmi a kabelkami na vlakovej stanici v Lu\u010denci. Nast\u00fapili sme do autobusu, ktor\u00fd n\u00e1s odviezol pred Psychiatrick\u00fa nemocnicu prof. Matulaya v Kremnici. Na za\u010diatku sme sa rozdelili na 3 skupinky. Ka\u017ed\u00e1 skupina dostala zdravotn\u00edckeho pracovn\u00edka, ktor\u00fd n\u00e1s previedol are\u00e1lom nemocnice. Okrem are\u00e1lu nemocnice n\u00e1s zdravotn\u00edci obozn\u00e1mili aj s interi\u00e9rom.\" \/>\n\t\t<meta name=\"twitter:image\" content=\"https:\/\/szslucnalc.sk\/wp-content\/uploads\/2021\/06\/kremnica-3.jpg\" \/>\n\t\t<script type=\"application\/ld+json\" class=\"aioseo-schema\">\n\t\t\t{\"@context\":\"https:\\\/\\\/schema.org\",\"@graph\":[{\"@type\":\"BlogPosting\",\"@id\":\"https:\\\/\\\/szslucnalc.sk\\\/?p=13016#blogposting\",\"name\":\"N\\u00e1v\\u0161teva Kremnice - Stredn\\u00e1 zdravotn\\u00edcka \\u0161kola Lu\\u010denec\",\"headline\":\"N\\u00e1v\\u0161teva Kremnice\",\"author\":{\"@id\":\"https:\\\/\\\/szslucnalc.sk\\\/?author=1001014#author\"},\"publisher\":{\"@id\":\"https:\\\/\\\/szslucnalc.sk\\\/#organization\"},\"image\":{\"@type\":\"ImageObject\",\"url\":\"https:\\\/\\\/szslucnalc.sk\\\/wp-content\\\/uploads\\\/2021\\\/06\\\/kremnica-3.jpg\",\"width\":2016,\"height\":1512},\"datePublished\":\"2021-06-24T09:05:00+02:00\",\"dateModified\":\"2021-06-25T08:44:04+02:00\",\"inLanguage\":\"sk-SK\",\"mainEntityOfPage\":{\"@id\":\"https:\\\/\\\/szslucnalc.sk\\\/?p=13016#webpage\"},\"isPartOf\":{\"@id\":\"https:\\\/\\\/szslucnalc.sk\\\/?p=13016#webpage\"},\"articleSection\":\"Profesia\"},{\"@type\":\"BreadcrumbList\",\"@id\":\"https:\\\/\\\/szslucnalc.sk\\\/?p=13016#breadcrumblist\",\"itemListElement\":[{\"@type\":\"ListItem\",\"@id\":\"https:\\\/\\\/szslucnalc.sk#listItem\",\"position\":1,\"name\":\"Home\",\"item\":\"https:\\\/\\\/szslucnalc.sk\",\"nextItem\":{\"@type\":\"ListItem\",\"@id\":\"https:\\\/\\\/szslucnalc.sk\\\/?cat=7#listItem\",\"name\":\"Profesia\"}},{\"@type\":\"ListItem\",\"@id\":\"https:\\\/\\\/szslucnalc.sk\\\/?cat=7#listItem\",\"position\":2,\"name\":\"Profesia\",\"item\":\"https:\\\/\\\/szslucnalc.sk\\\/?cat=7\",\"nextItem\":{\"@type\":\"ListItem\",\"@id\":\"https:\\\/\\\/szslucnalc.sk\\\/?p=13016#listItem\",\"name\":\"N\\u00e1v\\u0161teva Kremnice\"},\"previousItem\":{\"@type\":\"ListItem\",\"@id\":\"https:\\\/\\\/szslucnalc.sk#listItem\",\"name\":\"Home\"}},{\"@type\":\"ListItem\",\"@id\":\"https:\\\/\\\/szslucnalc.sk\\\/?p=13016#listItem\",\"position\":3,\"name\":\"N\\u00e1v\\u0161teva Kremnice\",\"previousItem\":{\"@type\":\"ListItem\",\"@id\":\"https:\\\/\\\/szslucnalc.sk\\\/?cat=7#listItem\",\"name\":\"Profesia\"}}]},{\"@type\":\"Organization\",\"@id\":\"https:\\\/\\\/szslucnalc.sk\\\/#organization\",\"name\":\"Stredn\\u00e1 zdravotn\\u00edcka \\u0161kola Lu\\u010denec\",\"description\":\"Stredn\\u00e1 zdravotn\\u00edcka \\u0161kola\",\"url\":\"https:\\\/\\\/szslucnalc.sk\\\/\"},{\"@type\":\"Person\",\"@id\":\"https:\\\/\\\/szslucnalc.sk\\\/?author=1001014#author\",\"url\":\"https:\\\/\\\/szslucnalc.sk\\\/?author=1001014\",\"name\":\"Stefan Forgon\"},{\"@type\":\"WebPage\",\"@id\":\"https:\\\/\\\/szslucnalc.sk\\\/?p=13016#webpage\",\"url\":\"https:\\\/\\\/szslucnalc.sk\\\/?p=13016\",\"name\":\"N\\u00e1v\\u0161teva Kremnice - Stredn\\u00e1 zdravotn\\u00edcka \\u0161kola Lu\\u010denec\",\"description\":\"V dne\\u0161n\\u00fa hor\\u00facu stredu sme sa stretli v\\u0161etci tretiaci s pobalen\\u00fdmi batohmi a kabelkami na vlakovej stanici v Lu\\u010denci. Nast\\u00fapili sme do autobusu, ktor\\u00fd n\\u00e1s odviezol pred Psychiatrick\\u00fa nemocnicu prof. Matulaya v Kremnici. Na za\\u010diatku sme sa rozdelili na 3 skupinky. Ka\\u017ed\\u00e1 skupina dostala zdravotn\\u00edckeho pracovn\\u00edka, ktor\\u00fd n\\u00e1s previedol are\\u00e1lom nemocnice. Okrem are\\u00e1lu nemocnice n\\u00e1s zdravotn\\u00edci obozn\\u00e1mili aj s interi\\u00e9rom.\",\"inLanguage\":\"sk-SK\",\"isPartOf\":{\"@id\":\"https:\\\/\\\/szslucnalc.sk\\\/#website\"},\"breadcrumb\":{\"@id\":\"https:\\\/\\\/szslucnalc.sk\\\/?p=13016#breadcrumblist\"},\"author\":{\"@id\":\"https:\\\/\\\/szslucnalc.sk\\\/?author=1001014#author\"},\"creator\":{\"@id\":\"https:\\\/\\\/szslucnalc.sk\\\/?author=1001014#author\"},\"image\":{\"@type\":\"ImageObject\",\"url\":\"https:\\\/\\\/szslucnalc.sk\\\/wp-content\\\/uploads\\\/2021\\\/06\\\/kremnica-3.jpg\",\"@id\":\"https:\\\/\\\/szslucnalc.sk\\\/?p=13016\\\/#mainImage\",\"width\":2016,\"height\":1512},\"primaryImageOfPage\":{\"@id\":\"https:\\\/\\\/szslucnalc.sk\\\/?p=13016#mainImage\"},\"datePublished\":\"2021-06-24T09:05:00+02:00\",\"dateModified\":\"2021-06-25T08:44:04+02:00\"},{\"@type\":\"WebSite\",\"@id\":\"https:\\\/\\\/szslucnalc.sk\\\/#website\",\"url\":\"https:\\\/\\\/szslucnalc.sk\\\/\",\"name\":\"Stredn\\u00e1 zdravotn\\u00edcka \\u0161kola Lu\\u010denec\",\"description\":\"Stredn\\u00e1 zdravotn\\u00edcka \\u0161kola\",\"inLanguage\":\"sk-SK\",\"publisher\":{\"@id\":\"https:\\\/\\\/szslucnalc.sk\\\/#organization\"}}]}\n\t\t<\/script>\n\t\t<!-- All in One SEO -->\n\n","aioseo_head_json":{"title":"N\u00e1v\u0161teva Kremnice - Stredn\u00e1 zdravotn\u00edcka \u0161kola Lu\u010denec","description":"V dne\u0161n\u00fa hor\u00facu stredu sme sa stretli v\u0161etci tretiaci s pobalen\u00fdmi batohmi a kabelkami na vlakovej stanici v Lu\u010denci. Nast\u00fapili sme do autobusu, ktor\u00fd n\u00e1s odviezol pred Psychiatrick\u00fa nemocnicu prof. Matulaya v Kremnici. Na za\u010diatku sme sa rozdelili na 3 skupinky. Ka\u017ed\u00e1 skupina dostala zdravotn\u00edckeho pracovn\u00edka, ktor\u00fd n\u00e1s previedol are\u00e1lom nemocnice. Okrem are\u00e1lu nemocnice n\u00e1s zdravotn\u00edci obozn\u00e1mili aj s interi\u00e9rom.","canonical_url":"https:\/\/szslucnalc.sk\/?p=13016","robots":"max-image-preview:large","keywords":"","webmasterTools":{"miscellaneous":""},"schema":{"@context":"https:\/\/schema.org","@graph":[{"@type":"BlogPosting","@id":"https:\/\/szslucnalc.sk\/?p=13016#blogposting","name":"N\u00e1v\u0161teva Kremnice - Stredn\u00e1 zdravotn\u00edcka \u0161kola Lu\u010denec","headline":"N\u00e1v\u0161teva Kremnice","author":{"@id":"https:\/\/szslucnalc.sk\/?author=1001014#author"},"publisher":{"@id":"https:\/\/szslucnalc.sk\/#organization"},"image":{"@type":"ImageObject","url":"https:\/\/szslucnalc.sk\/wp-content\/uploads\/2021\/06\/kremnica-3.jpg","width":2016,"height":1512},"datePublished":"2021-06-24T09:05:00+02:00","dateModified":"2021-06-25T08:44:04+02:00","inLanguage":"sk-SK","mainEntityOfPage":{"@id":"https:\/\/szslucnalc.sk\/?p=13016#webpage"},"isPartOf":{"@id":"https:\/\/szslucnalc.sk\/?p=13016#webpage"},"articleSection":"Profesia"},{"@type":"BreadcrumbList","@id":"https:\/\/szslucnalc.sk\/?p=13016#breadcrumblist","itemListElement":[{"@type":"ListItem","@id":"https:\/\/szslucnalc.sk#listItem","position":1,"name":"Home","item":"https:\/\/szslucnalc.sk","nextItem":{"@type":"ListItem","@id":"https:\/\/szslucnalc.sk\/?cat=7#listItem","name":"Profesia"}},{"@type":"ListItem","@id":"https:\/\/szslucnalc.sk\/?cat=7#listItem","position":2,"name":"Profesia","item":"https:\/\/szslucnalc.sk\/?cat=7","nextItem":{"@type":"ListItem","@id":"https:\/\/szslucnalc.sk\/?p=13016#listItem","name":"N\u00e1v\u0161teva Kremnice"},"previousItem":{"@type":"ListItem","@id":"https:\/\/szslucnalc.sk#listItem","name":"Home"}},{"@type":"ListItem","@id":"https:\/\/szslucnalc.sk\/?p=13016#listItem","position":3,"name":"N\u00e1v\u0161teva Kremnice","previousItem":{"@type":"ListItem","@id":"https:\/\/szslucnalc.sk\/?cat=7#listItem","name":"Profesia"}}]},{"@type":"Organization","@id":"https:\/\/szslucnalc.sk\/#organization","name":"Stredn\u00e1 zdravotn\u00edcka \u0161kola Lu\u010denec","description":"Stredn\u00e1 zdravotn\u00edcka \u0161kola","url":"https:\/\/szslucnalc.sk\/"},{"@type":"Person","@id":"https:\/\/szslucnalc.sk\/?author=1001014#author","url":"https:\/\/szslucnalc.sk\/?author=1001014","name":"Stefan Forgon"},{"@type":"WebPage","@id":"https:\/\/szslucnalc.sk\/?p=13016#webpage","url":"https:\/\/szslucnalc.sk\/?p=13016","name":"N\u00e1v\u0161teva Kremnice - Stredn\u00e1 zdravotn\u00edcka \u0161kola Lu\u010denec","description":"V dne\u0161n\u00fa hor\u00facu stredu sme sa stretli v\u0161etci tretiaci s pobalen\u00fdmi batohmi a kabelkami na vlakovej stanici v Lu\u010denci. Nast\u00fapili sme do autobusu, ktor\u00fd n\u00e1s odviezol pred Psychiatrick\u00fa nemocnicu prof. Matulaya v Kremnici. Na za\u010diatku sme sa rozdelili na 3 skupinky. Ka\u017ed\u00e1 skupina dostala zdravotn\u00edckeho pracovn\u00edka, ktor\u00fd n\u00e1s previedol are\u00e1lom nemocnice. Okrem are\u00e1lu nemocnice n\u00e1s zdravotn\u00edci obozn\u00e1mili aj s interi\u00e9rom.","inLanguage":"sk-SK","isPartOf":{"@id":"https:\/\/szslucnalc.sk\/#website"},"breadcrumb":{"@id":"https:\/\/szslucnalc.sk\/?p=13016#breadcrumblist"},"author":{"@id":"https:\/\/szslucnalc.sk\/?author=1001014#author"},"creator":{"@id":"https:\/\/szslucnalc.sk\/?author=1001014#author"},"image":{"@type":"ImageObject","url":"https:\/\/szslucnalc.sk\/wp-content\/uploads\/2021\/06\/kremnica-3.jpg","@id":"https:\/\/szslucnalc.sk\/?p=13016\/#mainImage","width":2016,"height":1512},"primaryImageOfPage":{"@id":"https:\/\/szslucnalc.sk\/?p=13016#mainImage"},"datePublished":"2021-06-24T09:05:00+02:00","dateModified":"2021-06-25T08:44:04+02:00"},{"@type":"WebSite","@id":"https:\/\/szslucnalc.sk\/#website","url":"https:\/\/szslucnalc.sk\/","name":"Stredn\u00e1 zdravotn\u00edcka \u0161kola Lu\u010denec","description":"Stredn\u00e1 zdravotn\u00edcka \u0161kola","inLanguage":"sk-SK","publisher":{"@id":"https:\/\/szslucnalc.sk\/#organization"}}]},"og:locale":"sk_SK","og:site_name":"Stredn\u00e1 zdravotn\u00edcka \u0161kola Lu\u010denec - Stredn\u00e1 zdravotn\u00edcka \u0161kola","og:type":"article","og:title":"N\u00e1v\u0161teva Kremnice - Stredn\u00e1 zdravotn\u00edcka \u0161kola Lu\u010denec","og:description":"V dne\u0161n\u00fa hor\u00facu stredu sme sa stretli v\u0161etci tretiaci s pobalen\u00fdmi batohmi a kabelkami na vlakovej stanici v Lu\u010denci. Nast\u00fapili sme do autobusu, ktor\u00fd n\u00e1s odviezol pred Psychiatrick\u00fa nemocnicu prof. Matulaya v Kremnici. Na za\u010diatku sme sa rozdelili na 3 skupinky. Ka\u017ed\u00e1 skupina dostala zdravotn\u00edckeho pracovn\u00edka, ktor\u00fd n\u00e1s previedol are\u00e1lom nemocnice. Okrem are\u00e1lu nemocnice n\u00e1s zdravotn\u00edci obozn\u00e1mili aj s interi\u00e9rom.","og:url":"https:\/\/szslucnalc.sk\/?p=13016","og:image":"https:\/\/szslucnalc.sk\/wp-content\/uploads\/2021\/06\/kremnica-3.jpg","og:image:secure_url":"https:\/\/szslucnalc.sk\/wp-content\/uploads\/2021\/06\/kremnica-3.jpg","og:image:width":2016,"og:image:height":1512,"article:published_time":"2021-06-24T07:05:00+00:00","article:modified_time":"2021-06-25T06:44:04+00:00","twitter:card":"summary_large_image","twitter:title":"N\u00e1v\u0161teva Kremnice - Stredn\u00e1 zdravotn\u00edcka \u0161kola Lu\u010denec","twitter:description":"V dne\u0161n\u00fa hor\u00facu stredu sme sa stretli v\u0161etci tretiaci s pobalen\u00fdmi batohmi a kabelkami na vlakovej stanici v Lu\u010denci. Nast\u00fapili sme do autobusu, ktor\u00fd n\u00e1s odviezol pred Psychiatrick\u00fa nemocnicu prof. Matulaya v Kremnici. Na za\u010diatku sme sa rozdelili na 3 skupinky. Ka\u017ed\u00e1 skupina dostala zdravotn\u00edckeho pracovn\u00edka, ktor\u00fd n\u00e1s previedol are\u00e1lom nemocnice. Okrem are\u00e1lu nemocnice n\u00e1s zdravotn\u00edci obozn\u00e1mili aj s interi\u00e9rom.","twitter:image":"https:\/\/szslucnalc.sk\/wp-content\/uploads\/2021\/06\/kremnica-3.jpg"},"aioseo_meta_data":{"post_id":"13016","title":null,"description":null,"keywords":null,"keyphrases":null,"primary_term":null,"canonical_url":null,"og_title":null,"og_description":null,"og_object_type":"default","og_image_type":"default","og_image_url":null,"og_image_width":null,"og_image_height":null,"og_image_custom_url":null,"og_image_custom_fields":null,"og_video":null,"og_custom_url":null,"og_article_section":null,"og_article_tags":null,"twitter_use_og":false,"twitter_card":"default","twitter_image_type":"default","twitter_image_url":null,"twitter_image_custom_url":null,"twitter_image_custom_fields":null,"twitter_title":null,"twitter_description":null,"schema":{"blockGraphs":[],"customGraphs":[],"default":{"data":{"Article":[],"Course":[],"Dataset":[],"FAQPage":[],"Movie":[],"Person":[],"Product":[],"ProductReview":[],"Car":[],"Recipe":[],"Service":[],"SoftwareApplication":[],"WebPage":[]},"graphName":"","isEnabled":true},"graphs":[]},"schema_type":"default","schema_type_options":null,"pillar_content":false,"robots_default":true,"robots_noindex":false,"robots_noarchive":false,"robots_nosnippet":false,"robots_nofollow":false,"robots_noimageindex":false,"robots_noodp":false,"robots_notranslate":false,"robots_max_snippet":null,"robots_max_videopreview":null,"robots_max_imagepreview":"large","priority":null,"frequency":null,"local_seo":null,"breadcrumb_settings":null,"limit_modified_date":false,"ai":null,"created":"2023-09-15 16:57:10","updated":"2025-06-26 14:39:59","seo_analyzer_scan_date":null,"focus_keyword":null,"additional_keywords":null,"truseo_locale":null},"aioseo_breadcrumb":"<div class=\"aioseo-breadcrumbs\"><span class=\"aioseo-breadcrumb\">\n\t\t\t<a href=\"https:\/\/szslucnalc.sk\" title=\"Home\">Home<\/a>\n\t\t<\/span><span class=\"aioseo-breadcrumb-separator\">&raquo;<\/span><span class=\"aioseo-breadcrumb\">\n\t\t\t<a href=\"https:\/\/szslucnalc.sk\/?cat=7\" title=\"Profesia\">Profesia<\/a>\n\t\t<\/span><span class=\"aioseo-breadcrumb-separator\">&raquo;<\/span><span class=\"aioseo-breadcrumb\">\n\t\t\tN\u00e1v\u0161teva Kremnice\n\t\t<\/span><\/div>","aioseo_breadcrumb_json":[{"label":"Home","link":"https:\/\/szslucnalc.sk"},{"label":"Profesia","link":"https:\/\/szslucnalc.sk\/?cat=7"},{"label":"N\u00e1v\u0161teva Kremnice","link":"https:\/\/szslucnalc.sk\/?p=13016"}],"_links":{"self":[{"href":"https:\/\/szslucnalc.sk\/index.php?rest_route=\/wp\/v2\/posts\/13016","targetHints":{"allow":["GET"]}}],"collection":[{"href":"https:\/\/szslucnalc.sk\/index.php?rest_route=\/wp\/v2\/posts"}],"about":[{"href":"https:\/\/szslucnalc.sk\/index.php?rest_route=\/wp\/v2\/types\/post"}],"author":[{"embeddable":true,"href":"https:\/\/szslucnalc.sk\/index.php?rest_route=\/wp\/v2\/users\/1001014"}],"replies":[{"embeddable":true,"href":"https:\/\/szslucnalc.sk\/index.php?rest_route=%2Fwp%2Fv2%2Fcomments&post=13016"}],"version-history":[{"count":3,"href":"https:\/\/szslucnalc.sk\/index.php?rest_route=\/wp\/v2\/posts\/13016\/revisions"}],"predecessor-version":[{"id":13039,"href":"https:\/\/szslucnalc.sk\/index.php?rest_route=\/wp\/v2\/posts\/13016\/revisions\/13039"}],"wp:featuredmedia":[{"embeddable":true,"href":"https:\/\/szslucnalc.sk\/index.php?rest_route=\/wp\/v2\/media\/13009"}],"wp:attachment":[{"href":"https:\/\/szslucnalc.sk\/index.php?rest_route=%2Fwp%2Fv2%2Fmedia&parent=13016"}],"wp:term":[{"taxonomy":"category","embeddable":true,"href":"https:\/\/szslucnalc.sk\/index.php?rest_route=%2Fwp%2Fv2%2Fcategories&post=13016"},{"taxonomy":"post_tag","embeddable":true,"href":"https:\/\/szslucnalc.sk\/index.php?rest_route=%2Fwp%2Fv2%2Ftags&post=13016"}],"curies":[{"name":"wp","href":"https:\/\/api.w.org\/{rel}","templated":true}]}}