{"id":13120,"date":"2021-06-30T18:12:50","date_gmt":"2021-06-30T16:12:50","guid":{"rendered":"https:\/\/szslucnalc.sk\/?p=13120"},"modified":"2021-06-30T18:49:11","modified_gmt":"2021-06-30T16:49:11","slug":"hura-prazdniny-2","status":"publish","type":"post","link":"https:\/\/szslucnalc.sk\/?p=13120","title":{"rendered":"Hur\u00e1 pr\u00e1zdniny!"},"content":{"rendered":"\n<p>Ke\u010f sa kon\u010dil minul\u00fd \u0161kolsk\u00fd rok, ani vo sne by n\u00e1s nenapadlo, \u017ee k\u00fdm v&nbsp;tom predch\u00e1dzaj\u00facom sa vyme\u0161kali 3 mesiace, v&nbsp;tomto \u0161kolskom roku to bud\u00fa a\u017e 4 mesiace di\u0161tan\u010dn\u00e9ho vzdel\u00e1vania a&nbsp;to budeme \u0161iroko-\u010faleko jedin\u00e1 \u0161kola, ktor\u00e1 si zachov\u00e1 viac ako polovicu vyu\u010dovania prezen\u010dnou formou. Ke\u010f\u017ee technick\u00fa str\u00e1nku vzdel\u00e1vania na dia\u013eku sme zvl\u00e1dli na z\u00e1klade predch\u00e1dzaj\u00facich sk\u00fasenosti, ostalo n\u00e1m popasova\u0165 sa&nbsp; s&nbsp;em\u00f3ciami, pocitmi, n\u00e1ladou, psychickou pohodou. A&nbsp;to sa t\u00fdkalo nie len \u017eiakov ale aj u\u010dite\u013eov. Napriek v\u0161etk\u00e9mu sme aj toto obdobie viac menej zvl\u00e1dli, na\u0161i \u0161tvrt\u00e1ci \u00faspe\u0161ne ukon\u010dili \u0161tvrt\u00fd ro\u010dn\u00edk a&nbsp;u\u017e od 8. febru\u00e1ra prebiehalo na na\u0161ej \u0161kole vyu\u010dovanie prezen\u010dnou formou. Tretiaci zvl\u00e1dli odborn\u00fa klinick\u00fa prax a v&nbsp;zna\u010dnej miere prebehlo aj o\u010dkovanie \u017eiakov a u\u010dite\u013eov, od \u010doho si s\u013eubujeme lep\u0161ie zvl\u00e1dnutie potencion\u00e1lnej tretej vlny pand\u00e9mie Covid 19. Takto \u201eposilnen\u00ed\u201c n\u00e1ro\u010dn\u00fdmi situ\u00e1ciami m\u00e1me teraz pred sebou zasl\u00fa\u017een\u00e9 dva mesiace oddychu, ktor\u00e9 si sn\u00e1\u010f v\u0161etci naplno u\u017eij\u00fa, na\u010derpaj\u00fa potrebn\u00e9 sily, aby sme sa streli op\u00e4\u0165 v&nbsp;septembri s&nbsp;vedom\u00edm, \u017ee \u201ecovid n\u00e1s u\u017e sn\u00e1\u010f nezasko\u010d\u00ed!\u201c.<\/p>\n\n\n\n<p>Uznanie za zvl\u00e1dnutie n\u00e1ro\u010dn\u00e9ho obdobia si zasl\u00fa\u017eia pochvalu v\u0161etci \u017eiaci, za v\u00fdnimo\u010dn\u00e9 v\u00fdsledky bola udelen\u00e1 <strong><u>pochvala riadite\u013eom \u0161koly<\/u><\/strong> t\u00fdmto \u017eiakom:<\/p>\n\n\n\n<p><strong><em>Zuzane Kalo\u010daiovej<\/em><\/strong> \u2013 za reprezent\u00e1ciu \u0161koly v&nbsp;recita\u010dnej s\u00fa\u0165a\u017ei Hviezdoslavov Kub\u00edn<\/p>\n\n\n\n<p><strong><em>Vikt\u00f3rii Jon\u00e1\u0161ovej<\/em> <\/strong>\u2013 za vzorn\u00e9 \u0161t\u00fadium, za reprezent\u00e1ciu \u0161koly v&nbsp;recita\u010dnej s\u00fa\u0165a\u017ei Hviezdoslavov Kub\u00edn a&nbsp;v olympi\u00e1de zo SJL<\/p>\n\n\n\n<p><strong><em>D\u00e1vidovi Brezovick\u00e9mu<\/em><\/strong><em> \u2013<\/em><strong> <\/strong>za vzorn\u00e9 \u0161t\u00fadium, reprezent\u00e1ciu \u0161koly v&nbsp;dejepisnej s\u00fa\u0165a\u017ei Archeol\u00f3gia a&nbsp;jej multimedi\u00e1lna prezent\u00e1cia<\/p>\n\n\n\n<p><strong><em>Michaele Lupt\u00e1kovej<\/em><\/strong><strong> <\/strong>\u2013 za vzorn\u00e9 \u0161t\u00fadium a reprezent\u00e1ciu \u0161koly v&nbsp;s\u00fa\u0165a\u017ei prvej pomoci<\/p>\n\n\n\n<p><strong><em>Janke Sihelskej<\/em><\/strong> \u2013 za v\u00fdborn\u00fd prospech, reprezent\u00e1ciu \u0161koly v&nbsp;\u0161porte, v&nbsp;olympi\u00e1de zo SJL, v recita\u010dnej s\u00fa\u0165a\u017ei Hviezdoslavov Kub\u00edn a celo\u0161t\u00e1tnom kole s\u00fa\u0165a\u017ei SO\u010c<\/p>\n\n\n\n<p><strong><em>Bianke Budz\u00e1kovej<\/em><\/strong> \u2013 za vzorn\u00e9 \u0161t\u00fadium, reprezent\u00e1ciu \u0161koly v celo\u0161t\u00e1tnom kole s\u00fa\u0165a\u017ei SO\u010c&nbsp;&nbsp;a&nbsp;v&nbsp;olympi\u00e1de z&nbsp;NEJ<\/p>\n\n\n\n<p>Te\u0161\u00edme sa na V\u00e1s v&nbsp;\u0161kolskom roku 2021\/2022!<\/p>\n\n\n\n<p>S. Krn\u00e1\u010dov\u00e1<\/p>\n","protected":false},"excerpt":{"rendered":"<p>Ke&#271; sa kon&#269;il minul&yacute; &scaron;kolsk&yacute; rok, ani vo sne by n&aacute;s nenapadlo, &#382;e k&yacute;m v&nbsp;tom predch&aacute;dzaj&uacute;com sa vyme&scaron;kali 3 mesiace, v&nbsp;tomto &scaron;kolskom roku to bud&uacute; a&#382;<span class=\"excerpt-hellip\"> [\u2026]<\/span><\/p>\n","protected":false},"author":2,"featured_media":13119,"comment_status":"closed","ping_status":"closed","sticky":false,"template":"","format":"standard","meta":{"footnotes":""},"categories":[8],"tags":[],"class_list":["post-13120","post","type-post","status-publish","format-standard","has-post-thumbnail","hentry","category-ine"],"aioseo_notices":[],"_links":{"self":[{"href":"https:\/\/szslucnalc.sk\/index.php?rest_route=\/wp\/v2\/posts\/13120","targetHints":{"allow":["GET"]}}],"collection":[{"href":"https:\/\/szslucnalc.sk\/index.php?rest_route=\/wp\/v2\/posts"}],"about":[{"href":"https:\/\/szslucnalc.sk\/index.php?rest_route=\/wp\/v2\/types\/post"}],"author":[{"embeddable":true,"href":"https:\/\/szslucnalc.sk\/index.php?rest_route=\/wp\/v2\/users\/2"}],"replies":[{"embeddable":true,"href":"https:\/\/szslucnalc.sk\/index.php?rest_route=%2Fwp%2Fv2%2Fcomments&post=13120"}],"version-history":[{"count":3,"href":"https:\/\/szslucnalc.sk\/index.php?rest_route=\/wp\/v2\/posts\/13120\/revisions"}],"predecessor-version":[{"id":13124,"href":"https:\/\/szslucnalc.sk\/index.php?rest_route=\/wp\/v2\/posts\/13120\/revisions\/13124"}],"wp:featuredmedia":[{"embeddable":true,"href":"https:\/\/szslucnalc.sk\/index.php?rest_route=\/wp\/v2\/media\/13119"}],"wp:attachment":[{"href":"https:\/\/szslucnalc.sk\/index.php?rest_route=%2Fwp%2Fv2%2Fmedia&parent=13120"}],"wp:term":[{"taxonomy":"category","embeddable":true,"href":"https:\/\/szslucnalc.sk\/index.php?rest_route=%2Fwp%2Fv2%2Fcategories&post=13120"},{"taxonomy":"post_tag","embeddable":true,"href":"https:\/\/szslucnalc.sk\/index.php?rest_route=%2Fwp%2Fv2%2Ftags&post=13120"}],"curies":[{"name":"wp","href":"https:\/\/api.w.org\/{rel}","templated":true}]}}