{"id":13379,"date":"2021-08-06T08:27:20","date_gmt":"2021-08-06T06:27:20","guid":{"rendered":"https:\/\/szslucnalc.sk\/?p=13379"},"modified":"2021-08-06T08:27:22","modified_gmt":"2021-08-06T06:27:22","slug":"letna-skola-profesia-v-rukach","status":"publish","type":"post","link":"https:\/\/szslucnalc.sk\/?p=13379","title":{"rendered":"Letn\u00e1 \u0161kola \u201eProfesia v ruk\u00e1ch\u201c"},"content":{"rendered":"\n<p><\/p>\n\n\n\n<p>Letn\u00e1 \u0161kola, sa bude realizova\u0165 na na\u0161ej zdravotn\u00edckej \u0161kole prv\u00fdkr\u00e1t v&nbsp;tomto roku. \u0160kola v&nbsp;lete? Pre\u010do nie? Pr\u00e1ve po tak n\u00e1ro\u010dnom \u0161kolskom roku, ktor\u00fd sme absolvovali, je to viac ne\u017e \u017eiad\u00face. Nepriazniv\u00e1 epidemiologick\u00e1 situ\u00e1cia spojen\u00e1 s&nbsp;covidom sa dotkla n\u00e1s v\u0161etk\u00fdch, zvl\u00e1\u0161\u0165 \u0161tudentov na \u0161kol\u00e1ch, ktor\u00ed si tak \u0165a\u017eko osvojovali vedomosti a&nbsp;praktick\u00e9 zru\u010dnosti prostredn\u00edctvom monitorov v&nbsp;priebehu di\u0161tan\u010dnej formy vyu\u010dovania. Je to a\u017e nemo\u017en\u00e9.<\/p>\n\n\n\n<p>Cie\u013eom je zapoji\u0165 do letnej \u0161koly \u010do najv\u00e4\u010d\u0161\u00ed po\u010det \u0161tudentov, na ktor\u00fdch sa odzrkadlil dopad covid situ\u00e1cie a&nbsp;n\u00e1sledne di\u0161tan\u010dn\u00e9 vzdel\u00e1vanie. Budeme realizova\u0165 praktick\u00e9 v\u00fdkony a&nbsp;n\u00e1jdeme mo\u017enosti, pri ktor\u00fdch bud\u00fa \u017eiaci \u010do najviac motivovan\u00ed a&nbsp;z\u00e1rove\u0148 spokojn\u00ed po absolvovan\u00ed letnej \u0161koly.<\/p>\n\n\n\n<p>Projekt bude realizovan\u00fd v&nbsp;obdob\u00ed dvoch augustov\u00fdch t\u00fd\u017ed\u0148ov na SZ\u0160 v&nbsp;Lu\u010denci, &nbsp;s&nbsp;dobrovo\u013enou mo\u017enos\u0165ou zapojenia sa \u017eiakov 1. -3. ro\u010dn\u00edka. Mil\u00ed na\u0161i \u0161tudenti, te\u0161\u00edme sa na stretnutie s&nbsp;Vami a&nbsp;na \u010das, ktor\u00fd budeme venova\u0165 tomu d\u00f4le\u017eit\u00e9mu. Tomu aby ste boli \u0161ikovn\u00ed zdravo\u0165\u00e1ci.<\/p>\n\n\n\n<p>Va\u0161i u\u010ditelia<\/p>\n","protected":false},"excerpt":{"rendered":"<p>Letn&aacute; &scaron;kola, sa bude realizova&#357; na na&scaron;ej zdravotn&iacute;ckej &scaron;kole prv&yacute;kr&aacute;t v&nbsp;tomto roku. &Scaron;kola v&nbsp;lete? Pre&#269;o nie? Pr&aacute;ve po tak n&aacute;ro&#269;nom &scaron;kolskom roku, ktor&yacute; sme absolvovali, je<span class=\"excerpt-hellip\"> [\u2026]<\/span><\/p>\n","protected":false},"author":2,"featured_media":13377,"comment_status":"closed","ping_status":"closed","sticky":false,"template":"","format":"standard","meta":{"footnotes":""},"categories":[8],"tags":[],"class_list":["post-13379","post","type-post","status-publish","format-standard","has-post-thumbnail","hentry","category-ine"],"aioseo_notices":[],"_links":{"self":[{"href":"https:\/\/szslucnalc.sk\/index.php?rest_route=\/wp\/v2\/posts\/13379","targetHints":{"allow":["GET"]}}],"collection":[{"href":"https:\/\/szslucnalc.sk\/index.php?rest_route=\/wp\/v2\/posts"}],"about":[{"href":"https:\/\/szslucnalc.sk\/index.php?rest_route=\/wp\/v2\/types\/post"}],"author":[{"embeddable":true,"href":"https:\/\/szslucnalc.sk\/index.php?rest_route=\/wp\/v2\/users\/2"}],"replies":[{"embeddable":true,"href":"https:\/\/szslucnalc.sk\/index.php?rest_route=%2Fwp%2Fv2%2Fcomments&post=13379"}],"version-history":[{"count":1,"href":"https:\/\/szslucnalc.sk\/index.php?rest_route=\/wp\/v2\/posts\/13379\/revisions"}],"predecessor-version":[{"id":13380,"href":"https:\/\/szslucnalc.sk\/index.php?rest_route=\/wp\/v2\/posts\/13379\/revisions\/13380"}],"wp:featuredmedia":[{"embeddable":true,"href":"https:\/\/szslucnalc.sk\/index.php?rest_route=\/wp\/v2\/media\/13377"}],"wp:attachment":[{"href":"https:\/\/szslucnalc.sk\/index.php?rest_route=%2Fwp%2Fv2%2Fmedia&parent=13379"}],"wp:term":[{"taxonomy":"category","embeddable":true,"href":"https:\/\/szslucnalc.sk\/index.php?rest_route=%2Fwp%2Fv2%2Fcategories&post=13379"},{"taxonomy":"post_tag","embeddable":true,"href":"https:\/\/szslucnalc.sk\/index.php?rest_route=%2Fwp%2Fv2%2Ftags&post=13379"}],"curies":[{"name":"wp","href":"https:\/\/api.w.org\/{rel}","templated":true}]}}