{"id":13518,"date":"2021-08-31T11:15:23","date_gmt":"2021-08-31T09:15:23","guid":{"rendered":"https:\/\/szslucnalc.sk\/?p=13518"},"modified":"2021-08-31T11:45:26","modified_gmt":"2021-08-31T09:45:26","slug":"s-erasmus-do-sveta","status":"publish","type":"post","link":"https:\/\/szslucnalc.sk\/?p=13518","title":{"rendered":"S Erasmus + do sveta&#8230;"},"content":{"rendered":"\n<figure class=\"wp-block-image size-full is-style-default\"><a href=\"https:\/\/szslucnalc.sk\/wp-content\/uploads\/2021\/08\/akreditacia-SZS-Lucenec.pdf\"><img loading=\"lazy\" decoding=\"async\" width=\"160\" height=\"46\" src=\"https:\/\/szslucnalc.sk\/wp-content\/uploads\/2018\/05\/erasmuslogo-m.jpg\" alt=\"\" class=\"wp-image-3719\" srcset=\"https:\/\/szslucnalc.sk\/wp-content\/uploads\/2018\/05\/erasmuslogo-m.jpg 160w, https:\/\/szslucnalc.sk\/wp-content\/uploads\/2018\/05\/erasmuslogo-m-50x14.jpg 50w, https:\/\/szslucnalc.sk\/wp-content\/uploads\/2018\/05\/erasmuslogo-m-150x43.jpg 150w\" sizes=\"auto, (max-width:767px) 160px, 160px\" \/><\/a><\/figure>\n\n\n\n<p>Dlh\u00e1 cesta za poznan\u00edm \u2013 aj tak by sa dala definova\u0165 odborn\u00e1 st\u00e1\u017e, ktor\u00e1 n\u00e1s nasleduj\u00faci \u0161kolsk\u00fd rok \u010dak\u00e1. V\u00a0minulom \u0161kolskom roku sa n\u00e1m v\u010faka projektu <strong>Modern\u00e9 vzdel\u00e1vanie pre prax II<\/strong> v\u00a0celkom sume 178 000 \u20ac darilo realizova\u0165 aktivity v\u00a0r\u00e1mci extra hod\u00edn, pr\u00e1ce u\u010dite\u013eov v\u00a0jednotliv\u00fdch kluboch na \u0161kole (pokra\u010dujeme aj tento rok), ale od septembra u\u017e pl\u00e1nujeme vycestova\u0165 do zahrani\u010dia. Iba pred t\u00fd\u017ed\u0148om k\u00a0n\u00e1m dorazila inform\u00e1cia o\u00a0schv\u00e1lenom projekte<a href=\"https:\/\/szslucnalc.sk\/wp-content\/uploads\/2021\/08\/akreditacia-SZS-Lucenec.pdf\" data-type=\"URL\" data-id=\"https:\/\/szslucnalc.sk\/wp-content\/uploads\/2021\/08\/akreditacia-SZS-Lucenec.pdf\"> <\/a><strong>Odborn\u00e1 prax v\u00a0zahrani\u010d\u00ed \u2013 cesta za poznan\u00edm<\/strong> v\u00a0r\u00e1mci K\u013e\u00fa\u010dovej akcie 1 \u2013 Vzdel\u00e1vacia mobilita jednotlivcov programuErasmus+ so schv\u00e1len\u00fdm grantom 68 235 \u20ac. \u017diaci a odborn\u00ed u\u010ditelia vycestuj\u00fa do troch kraj\u00edn \u2013 \u010ceskej republiky, Nemecka a Portugalska, aby z\u00edskali mno\u017estvo odborn\u00fdch zru\u010dnost\u00ed a sk\u00fasenost\u00ed, ale aj spoznali hostite\u013esk\u00e9 krajiny. Taktie\u017e n\u00e1s \u010dak\u00e1 rozv\u00edjanie jazykov\u00fdch zru\u010dnost\u00ed cez projekt <strong>Integr\u00e1cia CLIL do vzdel\u00e1vania<\/strong> v celkovej sume 11 800 \u20ac, pomocou ktor\u00e9ho 3 u\u010ditelia cudzieho jazyka a 4 u\u010dite\u013eky odborn\u00fdch predmetov\u00a0 absolvuj\u00fa jazykov\u00e9 kurzy vo Ve\u013ekej Brit\u00e1nii a v Nemecku. Najaktu\u00e1lnej\u0161ie d\u00e1vame do pozornosti projekt <strong>Plus pre profesiu<\/strong> cez Erasmus + &#8211; Vzdel\u00e1vacia mobilita jednotlivcov v\u00a0r\u00e1mci KA\u00a0 1 &#8211; OVP &#8211; odborn\u00e9 vzdel\u00e1vanie a pr\u00edprava vo v\u00fd\u0161ke grantu 46 000 \u20ac. U\u017e tento mesiac vycestuje skupinka 6 \u017eiakov s\u00a02 odborn\u00fdmi u\u010dite\u013ekami do \u010ceskej republiky \u2013 do Brna, kde absolvuj\u00fa odborn\u00fa st\u00e1\u017e priamo vo Fakultnej nemocnici u\u00a0sv. Anny v\u00a0spolupr\u00e1ci so Strednou zdravotn\u00edckou \u0161kolou v\u00a0Brne. \u00a0V\u00a0septembri n\u00e1sledne odcestuj\u00fa do \u010cesk\u00fdch Bud\u011bjov\u00edc 2 odborn\u00ed u\u010ditelia, aby rozv\u00edjali svoj osobn\u00fd a\u00a0profesion\u00e1lny rast v oblasti vyu\u017e\u00edvania IKT a\u00a0 v\u00fdu\u010dbov\u00e9ho syst\u00e9mu Moodle s cie\u013eom do bud\u00facna internacionalizova\u0165 \u0161kolu cez e &#8211; Twinning s partnersk\u00fdmi \u0161kolami. Tak\u00e1 ist\u00e1 misia je napl\u00e1novan\u00e1 pre 2 u\u010dite\u013eov v Hradci Kr\u00e1lov\u00e9 na Vy\u0161\u0161ej odbornej \u0161kole zdravotn\u00edckej a Strednej zdravotn\u00edckej \u0161kole, a e\u0161te 16 \u017eiakov absolvuje odborn\u00fa st\u00e1\u017e vo Fakultnej nemocnici v\u00a0Praha \u2013 Motol, v\u00a0Nemocnici na Franti\u0161ku a\u00a0vo Fakultnej nemocnici v\u00a0 Hradci Kr\u00e1lov\u00e9. Ver\u00edme, \u017ee napriek zhor\u0161uj\u00facej sa pandemickej situ\u00e1cii sa n\u00e1m podar\u00ed napl\u00e1novan\u00e9 aktivity zrealizova\u0165. M\u00f4\u017ee k\u00a0tomu prispie\u0165 miera zao\u010dkovanosti na\u0161ich \u017eiakov 3. a\u00a04. ro\u010dn\u00edka, ktor\u00ed v\u010faka tomu bud\u00fa m\u00f4c\u0165 bez komplik\u00e1ci\u00ed vycestova\u0165 do zahrani\u010dia. Pr\u00edkladom pre svojich \u017eiakov v\u00a0tomto smere s\u00fa ich u\u010ditelia. Odborn\u00e9 u\u010dite\u013eky, ktor\u00e9 bud\u00fa \u017eiakov sprev\u00e1dza\u0165 v\u00a0zdravotn\u00edckych zariadeniach v\u00a0\u010ceskej republike, ale aj v\u00a0Nemecku a\u00a0v Portugalsku boli zao\u010dkovan\u00e9 medzi prv\u00fdmi, nako\u013eko od febru\u00e1ra tohto roku priamo o\u0161etrovali Covid pozit\u00edvnych pacientov. E\u0161te st\u00e1le je tu \u0161anca aj pre t\u00fdch, ktor\u00fdm sa e\u0161te zao\u010dkova\u0165 nepodarilo, aby to stihli zrealizova\u0165 tak, aby sa mohli z\u00fa\u010dastni\u0165 t\u00fdchto zauj\u00edmav\u00fdch aktiv\u00edt v\u00a0zahrani\u010d\u00ed. Ve\u013ea zdravia, \u0161\u0165astn\u00fa cestu a\u00a0\u00faspe\u0161n\u00fd n\u00e1vrat domov\ud83d\ude0a<\/p>\n\n\n\n<p>PhDr. Miroslava Sekulov\u00e1, projektov\u00fd koordin\u00e1tor<\/p>\n\n\n\n<p>PS : V\u0161etk\u00fdm z\u00e1ujemcov o&nbsp;absolvovanie st\u00e1\u017e\u00ed d\u00e1vame do pozornosti prihl\u00e1\u0161ku, odoslanie \u017eivotopisu <a href=\"https:\/\/europass.cedefop.europa.eu\/sk\/europass-documents\">https:\/\/europass.cedefop.europa.eu\/sk\/europass-documents<\/a><\/p>\n\n\n\n<p>&nbsp;(odo\u0161lite emailom, cez EDU Page \u0161koly alebo osobne spolu s&nbsp;motiva\u010dn\u00fdm listom) Mgr. Be\u00e1tke Mur\u00edn &#8211; <a href=\"mailto:bjurigova@gmail.com\">bjurigova@gmail.com<\/a><\/p>\n\n\n\n<p><a href=\"https:\/\/szslucnalc.sk\/wp-content\/uploads\/2021\/08\/prihlaska_ziaka_na_mobilitu_uciacich_sa_a-1.docx\">Prihl\u00e1\u0161ka<\/a><\/p>\n\n\n\n<p><a href=\"https:\/\/szslucnalc.sk\/wp-content\/uploads\/2021\/08\/vyberove_konanie_na_mobilitu-1.docx\">V\u00fdberov\u00e9 konanie<\/a><\/p>\n\n\n\n<p>.<\/p>\n","protected":false},"excerpt":{"rendered":"<p>Dlh&aacute; cesta za poznan&iacute;m &ndash; aj tak by sa dala definova&#357; odborn&aacute; st&aacute;&#382;, ktor&aacute; n&aacute;s nasleduj&uacute;ci &scaron;kolsk&yacute; rok &#269;ak&aacute;. V&nbsp;minulom &scaron;kolskom roku sa n&aacute;m v&#271;aka projektu<span class=\"excerpt-hellip\"> [\u2026]<\/span><\/p>\n","protected":false},"author":2,"featured_media":13525,"comment_status":"closed","ping_status":"closed","sticky":false,"template":"","format":"standard","meta":{"footnotes":""},"categories":[8],"tags":[],"class_list":["post-13518","post","type-post","status-publish","format-standard","has-post-thumbnail","hentry","category-ine"],"aioseo_notices":[],"_links":{"self":[{"href":"https:\/\/szslucnalc.sk\/index.php?rest_route=\/wp\/v2\/posts\/13518","targetHints":{"allow":["GET"]}}],"collection":[{"href":"https:\/\/szslucnalc.sk\/index.php?rest_route=\/wp\/v2\/posts"}],"about":[{"href":"https:\/\/szslucnalc.sk\/index.php?rest_route=\/wp\/v2\/types\/post"}],"author":[{"embeddable":true,"href":"https:\/\/szslucnalc.sk\/index.php?rest_route=\/wp\/v2\/users\/2"}],"replies":[{"embeddable":true,"href":"https:\/\/szslucnalc.sk\/index.php?rest_route=%2Fwp%2Fv2%2Fcomments&post=13518"}],"version-history":[{"count":7,"href":"https:\/\/szslucnalc.sk\/index.php?rest_route=\/wp\/v2\/posts\/13518\/revisions"}],"predecessor-version":[{"id":13534,"href":"https:\/\/szslucnalc.sk\/index.php?rest_route=\/wp\/v2\/posts\/13518\/revisions\/13534"}],"wp:featuredmedia":[{"embeddable":true,"href":"https:\/\/szslucnalc.sk\/index.php?rest_route=\/wp\/v2\/media\/13525"}],"wp:attachment":[{"href":"https:\/\/szslucnalc.sk\/index.php?rest_route=%2Fwp%2Fv2%2Fmedia&parent=13518"}],"wp:term":[{"taxonomy":"category","embeddable":true,"href":"https:\/\/szslucnalc.sk\/index.php?rest_route=%2Fwp%2Fv2%2Fcategories&post=13518"},{"taxonomy":"post_tag","embeddable":true,"href":"https:\/\/szslucnalc.sk\/index.php?rest_route=%2Fwp%2Fv2%2Ftags&post=13518"}],"curies":[{"name":"wp","href":"https:\/\/api.w.org\/{rel}","templated":true}]}}