{"id":13535,"date":"2021-09-03T11:34:46","date_gmt":"2021-09-03T09:34:46","guid":{"rendered":"https:\/\/szslucnalc.sk\/?p=13535"},"modified":"2021-09-03T19:29:10","modified_gmt":"2021-09-03T17:29:10","slug":"otvorili-sme-novy-skolsky-rok","status":"publish","type":"post","link":"https:\/\/szslucnalc.sk\/?p=13535","title":{"rendered":"Otvorili sme nov\u00fd \u0161kolsk\u00fd rok"},"content":{"rendered":"\n<p class=\"wp-block-paragraph\">N\u00e1stup na \u0161kolskom dvore, hymna, pr\u00edhovor, predstavenie pedagogick\u00e9ho zboru, kvietky a potlesk. Proste klasika a predsa vec, ktor\u00e1 n\u00e1m u\u017e je vz\u00e1cna, uvedomuj\u00fac si, \u017ee to tak nemus\u00ed by\u0165. Doba kovidov\u00e1 n\u00e1s u\u010d\u00ed v\u00e1\u017ei\u0165 si be\u017en\u00e9, samozrejm\u00e9 veci, ktor\u00e9 n\u00e1m m\u00f4\u017eu by\u0165 odopret\u00e9. O to viac by sme sa mali z nich te\u0161i\u0165, k\u00fdm sa d\u00e1 a o to viac by sme mali by\u0165 disciplinovanej\u0161\u00ed a tolerantnej\u0161\u00ed. Ver\u00edme \u017ee k tolerancii a oh\u013eaduplnosti jedinca vo\u010di ostatn\u00fdm patr\u00ed re\u0161pektovanie pandemick\u00fdch opatren\u00ed a o\u010dkovanie. D\u00fafame, \u017ee n\u00e1m to pom\u00f4\u017ee pre\u017ei\u0165 \u010do najnorm\u00e1lnej\u0161\u00ed \u0161kolsk\u00fd rok, ktor\u00fd obohat\u00ed na\u0161ich \u017eiakov i u\u010dite\u013eov. <\/p>\n","protected":false},"excerpt":{"rendered":"<p>N&aacute;stup na &scaron;kolskom dvore, hymna, pr&iacute;hovor, predstavenie pedagogick&eacute;ho zboru, kvietky a potlesk. Proste klasika a predsa vec, ktor&aacute; n&aacute;m u&#382; je vz&aacute;cna, uvedomuj&uacute;c si, &#382;e to<span class=\"excerpt-hellip\"> [\u2026]<\/span><\/p>\n","protected":false},"author":2,"featured_media":13564,"comment_status":"closed","ping_status":"closed","sticky":false,"template":"","format":"standard","meta":{"footnotes":""},"categories":[8],"tags":[],"class_list":["post-13535","post","type-post","status-publish","format-standard","has-post-thumbnail","hentry","category-ine"],"aioseo_notices":[],"aioseo_head":"\n\t\t<!-- All in One SEO 5.0.0.1 - aioseo.com -->\n\t<meta name=\"description\" content=\"N\u00e1stup na \u0161kolskom dvore, hymna, pr\u00edhovor, predstavenie pedagogick\u00e9ho zboru, kvietky a potlesk. Proste klasika a predsa vec, ktor\u00e1 n\u00e1m u\u017e je vz\u00e1cna, uvedomuj\u00fac si, \u017ee to tak nemus\u00ed by\u0165. Doba kovidov\u00e1 n\u00e1s u\u010d\u00ed v\u00e1\u017ei\u0165 si be\u017en\u00e9, samozrejm\u00e9 veci, ktor\u00e9 n\u00e1m m\u00f4\u017eu by\u0165 odopret\u00e9. O to viac by sme sa mali z nich te\u0161i\u0165, k\u00fdm sa\" \/>\n\t<meta name=\"robots\" content=\"max-image-preview:large\" \/>\n\t<meta name=\"author\" content=\"Miroslav Sekula\"\/>\n\t<link rel=\"canonical\" href=\"https:\/\/szslucnalc.sk\/?p=13535\" \/>\n\t<meta name=\"generator\" content=\"All in One SEO (AIOSEO) 5.0.0.1\" \/>\n\t\t<meta property=\"og:locale\" content=\"sk_SK\" \/>\n\t\t<meta property=\"og:site_name\" content=\"Stredn\u00e1 zdravotn\u00edcka \u0161kola Lu\u010denec - Stredn\u00e1 zdravotn\u00edcka \u0161kola\" \/>\n\t\t<meta property=\"og:type\" content=\"article\" \/>\n\t\t<meta property=\"og:title\" content=\"Otvorili sme nov\u00fd \u0161kolsk\u00fd rok - Stredn\u00e1 zdravotn\u00edcka \u0161kola Lu\u010denec\" \/>\n\t\t<meta property=\"og:description\" content=\"N\u00e1stup na \u0161kolskom dvore, hymna, pr\u00edhovor, predstavenie pedagogick\u00e9ho zboru, kvietky a potlesk. Proste klasika a predsa vec, ktor\u00e1 n\u00e1m u\u017e je vz\u00e1cna, uvedomuj\u00fac si, \u017ee to tak nemus\u00ed by\u0165. Doba kovidov\u00e1 n\u00e1s u\u010d\u00ed v\u00e1\u017ei\u0165 si be\u017en\u00e9, samozrejm\u00e9 veci, ktor\u00e9 n\u00e1m m\u00f4\u017eu by\u0165 odopret\u00e9. O to viac by sme sa mali z nich te\u0161i\u0165, k\u00fdm sa\" \/>\n\t\t<meta property=\"og:url\" content=\"https:\/\/szslucnalc.sk\/?p=13535\" \/>\n\t\t<meta property=\"og:image\" content=\"https:\/\/szslucnalc.sk\/wp-content\/uploads\/2021\/09\/P1001588-scaled.jpg\" \/>\n\t\t<meta property=\"og:image:secure_url\" content=\"https:\/\/szslucnalc.sk\/wp-content\/uploads\/2021\/09\/P1001588-scaled.jpg\" \/>\n\t\t<meta property=\"og:image:width\" content=\"2560\" \/>\n\t\t<meta property=\"og:image:height\" content=\"1922\" \/>\n\t\t<meta property=\"article:published_time\" content=\"2021-09-03T09:34:46+00:00\" \/>\n\t\t<meta property=\"article:modified_time\" content=\"2021-09-03T17:29:10+00:00\" \/>\n\t\t<meta name=\"twitter:card\" content=\"summary_large_image\" \/>\n\t\t<meta name=\"twitter:title\" content=\"Otvorili sme nov\u00fd \u0161kolsk\u00fd rok - Stredn\u00e1 zdravotn\u00edcka \u0161kola Lu\u010denec\" \/>\n\t\t<meta name=\"twitter:description\" content=\"N\u00e1stup na \u0161kolskom dvore, hymna, pr\u00edhovor, predstavenie pedagogick\u00e9ho zboru, kvietky a potlesk. Proste klasika a predsa vec, ktor\u00e1 n\u00e1m u\u017e je vz\u00e1cna, uvedomuj\u00fac si, \u017ee to tak nemus\u00ed by\u0165. Doba kovidov\u00e1 n\u00e1s u\u010d\u00ed v\u00e1\u017ei\u0165 si be\u017en\u00e9, samozrejm\u00e9 veci, ktor\u00e9 n\u00e1m m\u00f4\u017eu by\u0165 odopret\u00e9. O to viac by sme sa mali z nich te\u0161i\u0165, k\u00fdm sa\" \/>\n\t\t<meta name=\"twitter:image\" content=\"https:\/\/szslucnalc.sk\/wp-content\/uploads\/2021\/09\/P1001588-scaled.jpg\" \/>\n\t\t<script type=\"application\/ld+json\" class=\"aioseo-schema\">\n\t\t\t{\"@context\":\"https:\\\/\\\/schema.org\",\"@graph\":[{\"@type\":\"BlogPosting\",\"@id\":\"https:\\\/\\\/szslucnalc.sk\\\/?p=13535#blogposting\",\"name\":\"Otvorili sme nov\\u00fd \\u0161kolsk\\u00fd rok - Stredn\\u00e1 zdravotn\\u00edcka \\u0161kola Lu\\u010denec\",\"headline\":\"Otvorili sme nov\\u00fd \\u0161kolsk\\u00fd rok\",\"author\":{\"@id\":\"https:\\\/\\\/szslucnalc.sk\\\/?author=2#author\"},\"publisher\":{\"@id\":\"https:\\\/\\\/szslucnalc.sk\\\/#organization\"},\"image\":{\"@type\":\"ImageObject\",\"url\":\"https:\\\/\\\/szslucnalc.sk\\\/wp-content\\\/uploads\\\/2021\\\/09\\\/P1001588-scaled.jpg\",\"width\":2560,\"height\":1922},\"datePublished\":\"2021-09-03T11:34:46+02:00\",\"dateModified\":\"2021-09-03T19:29:10+02:00\",\"inLanguage\":\"sk-SK\",\"mainEntityOfPage\":{\"@id\":\"https:\\\/\\\/szslucnalc.sk\\\/?p=13535#webpage\"},\"isPartOf\":{\"@id\":\"https:\\\/\\\/szslucnalc.sk\\\/?p=13535#webpage\"},\"articleSection\":\"In\\u00e9\"},{\"@type\":\"BreadcrumbList\",\"@id\":\"https:\\\/\\\/szslucnalc.sk\\\/?p=13535#breadcrumblist\",\"itemListElement\":[{\"@type\":\"ListItem\",\"@id\":\"https:\\\/\\\/szslucnalc.sk#listItem\",\"position\":1,\"name\":\"Home\",\"item\":\"https:\\\/\\\/szslucnalc.sk\",\"nextItem\":{\"@type\":\"ListItem\",\"@id\":\"https:\\\/\\\/szslucnalc.sk\\\/?cat=8#listItem\",\"name\":\"In\\u00e9\"}},{\"@type\":\"ListItem\",\"@id\":\"https:\\\/\\\/szslucnalc.sk\\\/?cat=8#listItem\",\"position\":2,\"name\":\"In\\u00e9\",\"item\":\"https:\\\/\\\/szslucnalc.sk\\\/?cat=8\",\"nextItem\":{\"@type\":\"ListItem\",\"@id\":\"https:\\\/\\\/szslucnalc.sk\\\/?p=13535#listItem\",\"name\":\"Otvorili sme nov\\u00fd \\u0161kolsk\\u00fd rok\"},\"previousItem\":{\"@type\":\"ListItem\",\"@id\":\"https:\\\/\\\/szslucnalc.sk#listItem\",\"name\":\"Home\"}},{\"@type\":\"ListItem\",\"@id\":\"https:\\\/\\\/szslucnalc.sk\\\/?p=13535#listItem\",\"position\":3,\"name\":\"Otvorili sme nov\\u00fd \\u0161kolsk\\u00fd rok\",\"previousItem\":{\"@type\":\"ListItem\",\"@id\":\"https:\\\/\\\/szslucnalc.sk\\\/?cat=8#listItem\",\"name\":\"In\\u00e9\"}}]},{\"@type\":\"Organization\",\"@id\":\"https:\\\/\\\/szslucnalc.sk\\\/#organization\",\"name\":\"Stredn\\u00e1 zdravotn\\u00edcka \\u0161kola Lu\\u010denec\",\"description\":\"Stredn\\u00e1 zdravotn\\u00edcka \\u0161kola\",\"url\":\"https:\\\/\\\/szslucnalc.sk\\\/\"},{\"@type\":\"Person\",\"@id\":\"https:\\\/\\\/szslucnalc.sk\\\/?author=2#author\",\"url\":\"https:\\\/\\\/szslucnalc.sk\\\/?author=2\",\"name\":\"Miroslav Sekula\"},{\"@type\":\"WebPage\",\"@id\":\"https:\\\/\\\/szslucnalc.sk\\\/?p=13535#webpage\",\"url\":\"https:\\\/\\\/szslucnalc.sk\\\/?p=13535\",\"name\":\"Otvorili sme nov\\u00fd \\u0161kolsk\\u00fd rok - Stredn\\u00e1 zdravotn\\u00edcka \\u0161kola Lu\\u010denec\",\"description\":\"N\\u00e1stup na \\u0161kolskom dvore, hymna, pr\\u00edhovor, predstavenie pedagogick\\u00e9ho zboru, kvietky a potlesk. Proste klasika a predsa vec, ktor\\u00e1 n\\u00e1m u\\u017e je vz\\u00e1cna, uvedomuj\\u00fac si, \\u017ee to tak nemus\\u00ed by\\u0165. Doba kovidov\\u00e1 n\\u00e1s u\\u010d\\u00ed v\\u00e1\\u017ei\\u0165 si be\\u017en\\u00e9, samozrejm\\u00e9 veci, ktor\\u00e9 n\\u00e1m m\\u00f4\\u017eu by\\u0165 odopret\\u00e9. O to viac by sme sa mali z nich te\\u0161i\\u0165, k\\u00fdm sa\",\"inLanguage\":\"sk-SK\",\"isPartOf\":{\"@id\":\"https:\\\/\\\/szslucnalc.sk\\\/#website\"},\"breadcrumb\":{\"@id\":\"https:\\\/\\\/szslucnalc.sk\\\/?p=13535#breadcrumblist\"},\"author\":{\"@id\":\"https:\\\/\\\/szslucnalc.sk\\\/?author=2#author\"},\"creator\":{\"@id\":\"https:\\\/\\\/szslucnalc.sk\\\/?author=2#author\"},\"image\":{\"@type\":\"ImageObject\",\"url\":\"https:\\\/\\\/szslucnalc.sk\\\/wp-content\\\/uploads\\\/2021\\\/09\\\/P1001588-scaled.jpg\",\"@id\":\"https:\\\/\\\/szslucnalc.sk\\\/?p=13535\\\/#mainImage\",\"width\":2560,\"height\":1922},\"primaryImageOfPage\":{\"@id\":\"https:\\\/\\\/szslucnalc.sk\\\/?p=13535#mainImage\"},\"datePublished\":\"2021-09-03T11:34:46+02:00\",\"dateModified\":\"2021-09-03T19:29:10+02:00\"},{\"@type\":\"WebSite\",\"@id\":\"https:\\\/\\\/szslucnalc.sk\\\/#website\",\"url\":\"https:\\\/\\\/szslucnalc.sk\\\/\",\"name\":\"Stredn\\u00e1 zdravotn\\u00edcka \\u0161kola Lu\\u010denec\",\"description\":\"Stredn\\u00e1 zdravotn\\u00edcka \\u0161kola\",\"inLanguage\":\"sk-SK\",\"publisher\":{\"@id\":\"https:\\\/\\\/szslucnalc.sk\\\/#organization\"}}]}\n\t\t<\/script>\n\t\t<!-- All in One SEO -->\n\n","aioseo_head_json":{"title":"Otvorili sme nov\u00fd \u0161kolsk\u00fd rok - Stredn\u00e1 zdravotn\u00edcka \u0161kola Lu\u010denec","description":"N\u00e1stup na \u0161kolskom dvore, hymna, pr\u00edhovor, predstavenie pedagogick\u00e9ho zboru, kvietky a potlesk. Proste klasika a predsa vec, ktor\u00e1 n\u00e1m u\u017e je vz\u00e1cna, uvedomuj\u00fac si, \u017ee to tak nemus\u00ed by\u0165. Doba kovidov\u00e1 n\u00e1s u\u010d\u00ed v\u00e1\u017ei\u0165 si be\u017en\u00e9, samozrejm\u00e9 veci, ktor\u00e9 n\u00e1m m\u00f4\u017eu by\u0165 odopret\u00e9. O to viac by sme sa mali z nich te\u0161i\u0165, k\u00fdm sa","canonical_url":"https:\/\/szslucnalc.sk\/?p=13535","robots":"max-image-preview:large","keywords":"","webmasterTools":{"miscellaneous":""},"schema":{"@context":"https:\/\/schema.org","@graph":[{"@type":"BlogPosting","@id":"https:\/\/szslucnalc.sk\/?p=13535#blogposting","name":"Otvorili sme nov\u00fd \u0161kolsk\u00fd rok - Stredn\u00e1 zdravotn\u00edcka \u0161kola Lu\u010denec","headline":"Otvorili sme nov\u00fd \u0161kolsk\u00fd rok","author":{"@id":"https:\/\/szslucnalc.sk\/?author=2#author"},"publisher":{"@id":"https:\/\/szslucnalc.sk\/#organization"},"image":{"@type":"ImageObject","url":"https:\/\/szslucnalc.sk\/wp-content\/uploads\/2021\/09\/P1001588-scaled.jpg","width":2560,"height":1922},"datePublished":"2021-09-03T11:34:46+02:00","dateModified":"2021-09-03T19:29:10+02:00","inLanguage":"sk-SK","mainEntityOfPage":{"@id":"https:\/\/szslucnalc.sk\/?p=13535#webpage"},"isPartOf":{"@id":"https:\/\/szslucnalc.sk\/?p=13535#webpage"},"articleSection":"In\u00e9"},{"@type":"BreadcrumbList","@id":"https:\/\/szslucnalc.sk\/?p=13535#breadcrumblist","itemListElement":[{"@type":"ListItem","@id":"https:\/\/szslucnalc.sk#listItem","position":1,"name":"Home","item":"https:\/\/szslucnalc.sk","nextItem":{"@type":"ListItem","@id":"https:\/\/szslucnalc.sk\/?cat=8#listItem","name":"In\u00e9"}},{"@type":"ListItem","@id":"https:\/\/szslucnalc.sk\/?cat=8#listItem","position":2,"name":"In\u00e9","item":"https:\/\/szslucnalc.sk\/?cat=8","nextItem":{"@type":"ListItem","@id":"https:\/\/szslucnalc.sk\/?p=13535#listItem","name":"Otvorili sme nov\u00fd \u0161kolsk\u00fd rok"},"previousItem":{"@type":"ListItem","@id":"https:\/\/szslucnalc.sk#listItem","name":"Home"}},{"@type":"ListItem","@id":"https:\/\/szslucnalc.sk\/?p=13535#listItem","position":3,"name":"Otvorili sme nov\u00fd \u0161kolsk\u00fd rok","previousItem":{"@type":"ListItem","@id":"https:\/\/szslucnalc.sk\/?cat=8#listItem","name":"In\u00e9"}}]},{"@type":"Organization","@id":"https:\/\/szslucnalc.sk\/#organization","name":"Stredn\u00e1 zdravotn\u00edcka \u0161kola Lu\u010denec","description":"Stredn\u00e1 zdravotn\u00edcka \u0161kola","url":"https:\/\/szslucnalc.sk\/"},{"@type":"Person","@id":"https:\/\/szslucnalc.sk\/?author=2#author","url":"https:\/\/szslucnalc.sk\/?author=2","name":"Miroslav Sekula"},{"@type":"WebPage","@id":"https:\/\/szslucnalc.sk\/?p=13535#webpage","url":"https:\/\/szslucnalc.sk\/?p=13535","name":"Otvorili sme nov\u00fd \u0161kolsk\u00fd rok - Stredn\u00e1 zdravotn\u00edcka \u0161kola Lu\u010denec","description":"N\u00e1stup na \u0161kolskom dvore, hymna, pr\u00edhovor, predstavenie pedagogick\u00e9ho zboru, kvietky a potlesk. Proste klasika a predsa vec, ktor\u00e1 n\u00e1m u\u017e je vz\u00e1cna, uvedomuj\u00fac si, \u017ee to tak nemus\u00ed by\u0165. Doba kovidov\u00e1 n\u00e1s u\u010d\u00ed v\u00e1\u017ei\u0165 si be\u017en\u00e9, samozrejm\u00e9 veci, ktor\u00e9 n\u00e1m m\u00f4\u017eu by\u0165 odopret\u00e9. O to viac by sme sa mali z nich te\u0161i\u0165, k\u00fdm sa","inLanguage":"sk-SK","isPartOf":{"@id":"https:\/\/szslucnalc.sk\/#website"},"breadcrumb":{"@id":"https:\/\/szslucnalc.sk\/?p=13535#breadcrumblist"},"author":{"@id":"https:\/\/szslucnalc.sk\/?author=2#author"},"creator":{"@id":"https:\/\/szslucnalc.sk\/?author=2#author"},"image":{"@type":"ImageObject","url":"https:\/\/szslucnalc.sk\/wp-content\/uploads\/2021\/09\/P1001588-scaled.jpg","@id":"https:\/\/szslucnalc.sk\/?p=13535\/#mainImage","width":2560,"height":1922},"primaryImageOfPage":{"@id":"https:\/\/szslucnalc.sk\/?p=13535#mainImage"},"datePublished":"2021-09-03T11:34:46+02:00","dateModified":"2021-09-03T19:29:10+02:00"},{"@type":"WebSite","@id":"https:\/\/szslucnalc.sk\/#website","url":"https:\/\/szslucnalc.sk\/","name":"Stredn\u00e1 zdravotn\u00edcka \u0161kola Lu\u010denec","description":"Stredn\u00e1 zdravotn\u00edcka \u0161kola","inLanguage":"sk-SK","publisher":{"@id":"https:\/\/szslucnalc.sk\/#organization"}}]},"og:locale":"sk_SK","og:site_name":"Stredn\u00e1 zdravotn\u00edcka \u0161kola Lu\u010denec - Stredn\u00e1 zdravotn\u00edcka \u0161kola","og:type":"article","og:title":"Otvorili sme nov\u00fd \u0161kolsk\u00fd rok - Stredn\u00e1 zdravotn\u00edcka \u0161kola Lu\u010denec","og:description":"N\u00e1stup na \u0161kolskom dvore, hymna, pr\u00edhovor, predstavenie pedagogick\u00e9ho zboru, kvietky a potlesk. Proste klasika a predsa vec, ktor\u00e1 n\u00e1m u\u017e je vz\u00e1cna, uvedomuj\u00fac si, \u017ee to tak nemus\u00ed by\u0165. Doba kovidov\u00e1 n\u00e1s u\u010d\u00ed v\u00e1\u017ei\u0165 si be\u017en\u00e9, samozrejm\u00e9 veci, ktor\u00e9 n\u00e1m m\u00f4\u017eu by\u0165 odopret\u00e9. O to viac by sme sa mali z nich te\u0161i\u0165, k\u00fdm sa","og:url":"https:\/\/szslucnalc.sk\/?p=13535","og:image":"https:\/\/szslucnalc.sk\/wp-content\/uploads\/2021\/09\/P1001588-scaled.jpg","og:image:secure_url":"https:\/\/szslucnalc.sk\/wp-content\/uploads\/2021\/09\/P1001588-scaled.jpg","og:image:width":2560,"og:image:height":1922,"article:published_time":"2021-09-03T09:34:46+00:00","article:modified_time":"2021-09-03T17:29:10+00:00","twitter:card":"summary_large_image","twitter:title":"Otvorili sme nov\u00fd \u0161kolsk\u00fd rok - Stredn\u00e1 zdravotn\u00edcka \u0161kola Lu\u010denec","twitter:description":"N\u00e1stup na \u0161kolskom dvore, hymna, pr\u00edhovor, predstavenie pedagogick\u00e9ho zboru, kvietky a potlesk. Proste klasika a predsa vec, ktor\u00e1 n\u00e1m u\u017e je vz\u00e1cna, uvedomuj\u00fac si, \u017ee to tak nemus\u00ed by\u0165. Doba kovidov\u00e1 n\u00e1s u\u010d\u00ed v\u00e1\u017ei\u0165 si be\u017en\u00e9, samozrejm\u00e9 veci, ktor\u00e9 n\u00e1m m\u00f4\u017eu by\u0165 odopret\u00e9. O to viac by sme sa mali z nich te\u0161i\u0165, k\u00fdm sa","twitter:image":"https:\/\/szslucnalc.sk\/wp-content\/uploads\/2021\/09\/P1001588-scaled.jpg"},"aioseo_meta_data":{"post_id":"13535","title":null,"description":null,"keywords":null,"keyphrases":null,"primary_term":null,"canonical_url":null,"og_title":null,"og_description":null,"og_object_type":"default","og_image_type":"default","og_image_url":null,"og_image_width":null,"og_image_height":null,"og_image_custom_url":null,"og_image_custom_fields":null,"og_video":null,"og_custom_url":null,"og_article_section":null,"og_article_tags":null,"twitter_use_og":false,"twitter_card":"default","twitter_image_type":"default","twitter_image_url":null,"twitter_image_custom_url":null,"twitter_image_custom_fields":null,"twitter_title":null,"twitter_description":null,"schema":{"blockGraphs":[],"customGraphs":[],"default":{"data":{"Article":[],"Course":[],"Dataset":[],"FAQPage":[],"Movie":[],"Person":[],"Product":[],"ProductReview":[],"Car":[],"Recipe":[],"Service":[],"SoftwareApplication":[],"WebPage":[]},"graphName":"","isEnabled":true},"graphs":[]},"schema_type":"default","schema_type_options":null,"pillar_content":false,"robots_default":true,"robots_noindex":false,"robots_noarchive":false,"robots_nosnippet":false,"robots_nofollow":false,"robots_noimageindex":false,"robots_noodp":false,"robots_notranslate":false,"robots_max_snippet":null,"robots_max_videopreview":null,"robots_max_imagepreview":"large","priority":null,"frequency":null,"local_seo":null,"breadcrumb_settings":null,"limit_modified_date":false,"ai":null,"created":"2023-09-15 16:58:13","updated":"2025-06-26 14:41:39","seo_analyzer_scan_date":null,"focus_keyword":null,"additional_keywords":null,"truseo_locale":null},"aioseo_breadcrumb":"<div class=\"aioseo-breadcrumbs\"><span class=\"aioseo-breadcrumb\">\n\t\t\t<a href=\"https:\/\/szslucnalc.sk\" title=\"Home\">Home<\/a>\n\t\t<\/span><span class=\"aioseo-breadcrumb-separator\">&raquo;<\/span><span class=\"aioseo-breadcrumb\">\n\t\t\t<a href=\"https:\/\/szslucnalc.sk\/?cat=8\" title=\"In\u00e9\">In\u00e9<\/a>\n\t\t<\/span><span class=\"aioseo-breadcrumb-separator\">&raquo;<\/span><span class=\"aioseo-breadcrumb\">\n\t\t\tOtvorili sme nov\u00fd \u0161kolsk\u00fd rok\n\t\t<\/span><\/div>","aioseo_breadcrumb_json":[{"label":"Home","link":"https:\/\/szslucnalc.sk"},{"label":"In\u00e9","link":"https:\/\/szslucnalc.sk\/?cat=8"},{"label":"Otvorili sme nov\u00fd \u0161kolsk\u00fd rok","link":"https:\/\/szslucnalc.sk\/?p=13535"}],"_links":{"self":[{"href":"https:\/\/szslucnalc.sk\/index.php?rest_route=\/wp\/v2\/posts\/13535","targetHints":{"allow":["GET"]}}],"collection":[{"href":"https:\/\/szslucnalc.sk\/index.php?rest_route=\/wp\/v2\/posts"}],"about":[{"href":"https:\/\/szslucnalc.sk\/index.php?rest_route=\/wp\/v2\/types\/post"}],"author":[{"embeddable":true,"href":"https:\/\/szslucnalc.sk\/index.php?rest_route=\/wp\/v2\/users\/2"}],"replies":[{"embeddable":true,"href":"https:\/\/szslucnalc.sk\/index.php?rest_route=%2Fwp%2Fv2%2Fcomments&post=13535"}],"version-history":[{"count":1,"href":"https:\/\/szslucnalc.sk\/index.php?rest_route=\/wp\/v2\/posts\/13535\/revisions"}],"predecessor-version":[{"id":13536,"href":"https:\/\/szslucnalc.sk\/index.php?rest_route=\/wp\/v2\/posts\/13535\/revisions\/13536"}],"wp:featuredmedia":[{"embeddable":true,"href":"https:\/\/szslucnalc.sk\/index.php?rest_route=\/wp\/v2\/media\/13564"}],"wp:attachment":[{"href":"https:\/\/szslucnalc.sk\/index.php?rest_route=%2Fwp%2Fv2%2Fmedia&parent=13535"}],"wp:term":[{"taxonomy":"category","embeddable":true,"href":"https:\/\/szslucnalc.sk\/index.php?rest_route=%2Fwp%2Fv2%2Fcategories&post=13535"},{"taxonomy":"post_tag","embeddable":true,"href":"https:\/\/szslucnalc.sk\/index.php?rest_route=%2Fwp%2Fv2%2Ftags&post=13535"}],"curies":[{"name":"wp","href":"https:\/\/api.w.org\/{rel}","templated":true}]}}