{"id":13669,"date":"2021-09-13T20:45:36","date_gmt":"2021-09-13T18:45:36","guid":{"rendered":"https:\/\/szslucnalc.sk\/?p=13669"},"modified":"2021-09-13T21:26:33","modified_gmt":"2021-09-13T19:26:33","slug":"sme-v-brne-s-erasmus","status":"publish","type":"post","link":"https:\/\/szslucnalc.sk\/?p=13669","title":{"rendered":"Sme v Brne s Erasmus +"},"content":{"rendered":"\n<p class=\"wp-block-paragraph\">Po druhej vlne Covidu, tesne pred tou tre\u0165ou, sa to podarilo a&nbsp;kone\u010dne sme mohli vyrazi\u0165 na zahrani\u010dn\u00fa st\u00e1\u017e. V&nbsp;nede\u013eu, 12.septembra, sme sa vybrali za nov\u00fdmi z\u00e1\u017eitkami, sk\u00fasenos\u0165ami a&nbsp;pozn\u00e1van\u00edm na dva t\u00fd\u017edne do Brna. Samotn\u00e1 cesta overila na\u0161u kond\u00edciu &#8211; pren\u00e1\u0161a\u0165 tie megakufre si vy\u017eadovalo fyzick\u00fa zdatnos\u0165 nielen n\u00e1s, ale i ostatn\u00fdch cestuj\u00facich, ktor\u00ed n\u00e1m ve\u013emi ochotne pri prestupovan\u00ed pom\u00e1hali. Zrejme hlavne preto, aby v\u010das nast\u00fapili do vlaku, ktor\u00fd sme mierne povedan\u00e9 blokovali. Nakoniec sa to podarilo zvl\u00e1dnu\u0165 a&nbsp;v&nbsp;rovnakom duchu sme zah\u00e1jili n\u00e1\u0161 pobyt &#8211; teda s heslom &#8211; spolo\u010dne to d\u00e1me.&nbsp; Dnes r\u00e1no pred siedmou hodinou n\u00e1s pri vstupe do nemocnice \u010dakala Mgr. Helena \u010cerm\u00e1kov\u00e1, ved\u00faca u\u010dite\u013eka praktick\u00e9ho vyu\u010dovania SZ\u0160 Brno, Jaselsk\u00e1, ktor\u00e1 n\u00e1s priv\u00edtala a&nbsp;uviedla u&nbsp;p.&nbsp;n\u00e1mestn\u00ed\u010dky pre o\u0161etrovate\u013esk\u00fa starostlivos\u0165 Mgr. Jany Zv\u011b\u0159inovej. Po milom a&nbsp;\u00faprimnom \u00favode n\u00e1s spolu s&nbsp;na\u0161ou pani z\u00e1stupky\u0148ou  pre odborn\u00e9 vzdel\u00e1vanie a&nbsp;z\u00e1rove\u0148 projektovou koordin\u00e1torkou PhDr. M. Sekulovou obozn\u00e1mili s&nbsp;programom st\u00e1\u017ee. Pripravili pre n\u00e1s nie len odborn\u00fa prax, ale aj exkuzie na r\u00f4znych klinik\u00e1ch a&nbsp;\u0161pecializovan\u00fdch centr\u00e1ch.&nbsp; Prv\u00fd de\u0148 sme sa na jednotliv\u00fdch oddeleniach  oboznamovali s&nbsp;ich prev\u00e1dzkou, osobitos\u0165ami o\u0161etrovate\u013eskej starostlivosti a&nbsp;zajtra n\u00e1s u\u017e \u010dak\u00e1 aj realiz\u00e1cia praktick\u00fdch v\u00fdkonov, pod doh\u013eadom vyu\u010duj\u00facich zo SZ\u0160 Brno, Jaselsk\u00e1 a&nbsp;na\u0161ej Mgr. S. Krn\u00e1\u010dovej. Zoznamujeme sa s&nbsp;pr\u00e1cou na oddeleniach Fakultn\u00ed nemocnice u&nbsp;sv. Anny v Brne a&nbsp;to: I. Intern\u00ed kardioangiologick\u00e1 klinika, I. Chirurgick\u00e1 klinika a&nbsp;II. Intern\u00ed klinika.<\/p>\n\n\n\n<p class=\"wp-block-paragraph\">Mus\u00edme kon\u0161tatova\u0165, \u017ee je n\u00e1m tu super.&nbsp; Spozn\u00e1vame susedov spoza rieky Morava &#8211; in\u00fd kraj, kult\u00faru, \u013eud\u00ed, ale hlavne m\u00e1me mo\u017enos\u0165 na vlastn\u00e9 o\u010di vidie\u0165, ako prebieha odborn\u00e1 klinick\u00e1 prax na\u0161ich rovesn\u00edkov na SZ\u0160 v&nbsp;zahrani\u010d\u00ed.  Ve\u013emi si v\u00e1\u017eime,  \u017ee tu m\u00f4\u017eeme pracova\u0165. Okrem mo\u017enosti z\u00edskava\u0165 nov\u00e9 a overova\u0165 si  osvojen\u00e9 zru\u010dnost\u00ed, n\u00e1m asi najviac u\u010darovalo materi\u00e1lno- technick\u00e9 zabezpe\u010denie jednotliv\u00fdch oddelen\u00ed, ale aj \u00fastretovos\u0165 a&nbsp;spolupr\u00e1ca zamestnancov fakultnej nemocnice i na\u0161ich moravsk\u00fdch spolu\u017eiakov. Napriek tomu, \u017ee sme tu len \u201e na n\u00e1v\u0161teve\u201c, c\u00edtime, \u017ee sme s\u00fa\u010das\u0165ou funguj\u00faceho t\u00edmu,  za \u010do sme nesmierne v\u010fa\u010dn\u00ed.<\/p>\n","protected":false},"excerpt":{"rendered":"<p>Po druhej vlne Covidu, tesne pred tou tre&#357;ou, sa to podarilo a&nbsp;kone&#269;ne sme mohli vyrazi&#357; na zahrani&#269;n&uacute; st&aacute;&#382;. V&nbsp;nede&#318;u, 12.septembra, sme sa vybrali za nov&yacute;mi z&aacute;&#382;itkami,<span class=\"excerpt-hellip\"> [\u2026]<\/span><\/p>\n","protected":false},"author":2,"featured_media":13687,"comment_status":"closed","ping_status":"closed","sticky":false,"template":"","format":"standard","meta":{"footnotes":""},"categories":[7],"tags":[],"class_list":["post-13669","post","type-post","status-publish","format-standard","has-post-thumbnail","hentry","category-profesia"],"aioseo_notices":[],"aioseo_head":"\n\t\t<!-- All in One SEO 5.0.0.1 - aioseo.com -->\n\t<meta name=\"description\" content=\"Po druhej vlne Covidu, tesne pred tou tre\u0165ou, sa to podarilo a kone\u010dne sme mohli vyrazi\u0165 na zahrani\u010dn\u00fa st\u00e1\u017e. V nede\u013eu, 12.septembra, sme sa vybrali za nov\u00fdmi z\u00e1\u017eitkami, sk\u00fasenos\u0165ami a pozn\u00e1van\u00edm na dva t\u00fd\u017edne do Brna. Samotn\u00e1 cesta overila na\u0161u kond\u00edciu - pren\u00e1\u0161a\u0165 tie megakufre si vy\u017eadovalo fyzick\u00fa zdatnos\u0165 nielen n\u00e1s, ale i ostatn\u00fdch cestuj\u00facich, ktor\u00ed n\u00e1m ve\u013emi\" \/>\n\t<meta name=\"robots\" content=\"max-image-preview:large\" \/>\n\t<meta name=\"author\" content=\"Miroslav Sekula\"\/>\n\t<link rel=\"canonical\" href=\"https:\/\/szslucnalc.sk\/?p=13669\" \/>\n\t<meta name=\"generator\" content=\"All in One SEO (AIOSEO) 5.0.0.1\" \/>\n\t\t<meta property=\"og:locale\" content=\"sk_SK\" \/>\n\t\t<meta property=\"og:site_name\" content=\"Stredn\u00e1 zdravotn\u00edcka \u0161kola Lu\u010denec - Stredn\u00e1 zdravotn\u00edcka \u0161kola\" \/>\n\t\t<meta property=\"og:type\" content=\"article\" \/>\n\t\t<meta property=\"og:title\" content=\"Sme v Brne s Erasmus + - Stredn\u00e1 zdravotn\u00edcka \u0161kola Lu\u010denec\" \/>\n\t\t<meta property=\"og:description\" content=\"Po druhej vlne Covidu, tesne pred tou tre\u0165ou, sa to podarilo a kone\u010dne sme mohli vyrazi\u0165 na zahrani\u010dn\u00fa st\u00e1\u017e. V nede\u013eu, 12.septembra, sme sa vybrali za nov\u00fdmi z\u00e1\u017eitkami, sk\u00fasenos\u0165ami a pozn\u00e1van\u00edm na dva t\u00fd\u017edne do Brna. Samotn\u00e1 cesta overila na\u0161u kond\u00edciu - pren\u00e1\u0161a\u0165 tie megakufre si vy\u017eadovalo fyzick\u00fa zdatnos\u0165 nielen n\u00e1s, ale i ostatn\u00fdch cestuj\u00facich, ktor\u00ed n\u00e1m ve\u013emi\" \/>\n\t\t<meta property=\"og:url\" content=\"https:\/\/szslucnalc.sk\/?p=13669\" \/>\n\t\t<meta property=\"og:image\" content=\"https:\/\/szslucnalc.sk\/wp-content\/uploads\/2021\/09\/IMG-20210913-WA0000-2.jpg\" \/>\n\t\t<meta property=\"og:image:secure_url\" content=\"https:\/\/szslucnalc.sk\/wp-content\/uploads\/2021\/09\/IMG-20210913-WA0000-2.jpg\" \/>\n\t\t<meta property=\"og:image:width\" content=\"719\" \/>\n\t\t<meta property=\"og:image:height\" content=\"720\" \/>\n\t\t<meta property=\"article:published_time\" content=\"2021-09-13T18:45:36+00:00\" \/>\n\t\t<meta property=\"article:modified_time\" content=\"2021-09-13T19:26:33+00:00\" \/>\n\t\t<meta name=\"twitter:card\" content=\"summary_large_image\" \/>\n\t\t<meta name=\"twitter:title\" content=\"Sme v Brne s Erasmus + - Stredn\u00e1 zdravotn\u00edcka \u0161kola Lu\u010denec\" \/>\n\t\t<meta name=\"twitter:description\" content=\"Po druhej vlne Covidu, tesne pred tou tre\u0165ou, sa to podarilo a kone\u010dne sme mohli vyrazi\u0165 na zahrani\u010dn\u00fa st\u00e1\u017e. V nede\u013eu, 12.septembra, sme sa vybrali za nov\u00fdmi z\u00e1\u017eitkami, sk\u00fasenos\u0165ami a pozn\u00e1van\u00edm na dva t\u00fd\u017edne do Brna. Samotn\u00e1 cesta overila na\u0161u kond\u00edciu - pren\u00e1\u0161a\u0165 tie megakufre si vy\u017eadovalo fyzick\u00fa zdatnos\u0165 nielen n\u00e1s, ale i ostatn\u00fdch cestuj\u00facich, ktor\u00ed n\u00e1m ve\u013emi\" \/>\n\t\t<meta name=\"twitter:image\" content=\"https:\/\/szslucnalc.sk\/wp-content\/uploads\/2021\/09\/IMG-20210913-WA0000-2.jpg\" \/>\n\t\t<script type=\"application\/ld+json\" class=\"aioseo-schema\">\n\t\t\t{\"@context\":\"https:\\\/\\\/schema.org\",\"@graph\":[{\"@type\":\"BlogPosting\",\"@id\":\"https:\\\/\\\/szslucnalc.sk\\\/?p=13669#blogposting\",\"name\":\"Sme v Brne s Erasmus + - Stredn\\u00e1 zdravotn\\u00edcka \\u0161kola Lu\\u010denec\",\"headline\":\"Sme v Brne s Erasmus +\",\"author\":{\"@id\":\"https:\\\/\\\/szslucnalc.sk\\\/?author=2#author\"},\"publisher\":{\"@id\":\"https:\\\/\\\/szslucnalc.sk\\\/#organization\"},\"image\":{\"@type\":\"ImageObject\",\"url\":\"https:\\\/\\\/szslucnalc.sk\\\/wp-content\\\/uploads\\\/2021\\\/09\\\/IMG-20210913-WA0000-2.jpg\",\"width\":719,\"height\":720},\"datePublished\":\"2021-09-13T20:45:36+02:00\",\"dateModified\":\"2021-09-13T21:26:33+02:00\",\"inLanguage\":\"sk-SK\",\"mainEntityOfPage\":{\"@id\":\"https:\\\/\\\/szslucnalc.sk\\\/?p=13669#webpage\"},\"isPartOf\":{\"@id\":\"https:\\\/\\\/szslucnalc.sk\\\/?p=13669#webpage\"},\"articleSection\":\"Profesia\"},{\"@type\":\"BreadcrumbList\",\"@id\":\"https:\\\/\\\/szslucnalc.sk\\\/?p=13669#breadcrumblist\",\"itemListElement\":[{\"@type\":\"ListItem\",\"@id\":\"https:\\\/\\\/szslucnalc.sk#listItem\",\"position\":1,\"name\":\"Home\",\"item\":\"https:\\\/\\\/szslucnalc.sk\",\"nextItem\":{\"@type\":\"ListItem\",\"@id\":\"https:\\\/\\\/szslucnalc.sk\\\/?cat=7#listItem\",\"name\":\"Profesia\"}},{\"@type\":\"ListItem\",\"@id\":\"https:\\\/\\\/szslucnalc.sk\\\/?cat=7#listItem\",\"position\":2,\"name\":\"Profesia\",\"item\":\"https:\\\/\\\/szslucnalc.sk\\\/?cat=7\",\"nextItem\":{\"@type\":\"ListItem\",\"@id\":\"https:\\\/\\\/szslucnalc.sk\\\/?p=13669#listItem\",\"name\":\"Sme v Brne s Erasmus +\"},\"previousItem\":{\"@type\":\"ListItem\",\"@id\":\"https:\\\/\\\/szslucnalc.sk#listItem\",\"name\":\"Home\"}},{\"@type\":\"ListItem\",\"@id\":\"https:\\\/\\\/szslucnalc.sk\\\/?p=13669#listItem\",\"position\":3,\"name\":\"Sme v Brne s Erasmus +\",\"previousItem\":{\"@type\":\"ListItem\",\"@id\":\"https:\\\/\\\/szslucnalc.sk\\\/?cat=7#listItem\",\"name\":\"Profesia\"}}]},{\"@type\":\"Organization\",\"@id\":\"https:\\\/\\\/szslucnalc.sk\\\/#organization\",\"name\":\"Stredn\\u00e1 zdravotn\\u00edcka \\u0161kola Lu\\u010denec\",\"description\":\"Stredn\\u00e1 zdravotn\\u00edcka \\u0161kola\",\"url\":\"https:\\\/\\\/szslucnalc.sk\\\/\"},{\"@type\":\"Person\",\"@id\":\"https:\\\/\\\/szslucnalc.sk\\\/?author=2#author\",\"url\":\"https:\\\/\\\/szslucnalc.sk\\\/?author=2\",\"name\":\"Miroslav Sekula\"},{\"@type\":\"WebPage\",\"@id\":\"https:\\\/\\\/szslucnalc.sk\\\/?p=13669#webpage\",\"url\":\"https:\\\/\\\/szslucnalc.sk\\\/?p=13669\",\"name\":\"Sme v Brne s Erasmus + - Stredn\\u00e1 zdravotn\\u00edcka \\u0161kola Lu\\u010denec\",\"description\":\"Po druhej vlne Covidu, tesne pred tou tre\\u0165ou, sa to podarilo a kone\\u010dne sme mohli vyrazi\\u0165 na zahrani\\u010dn\\u00fa st\\u00e1\\u017e. V nede\\u013eu, 12.septembra, sme sa vybrali za nov\\u00fdmi z\\u00e1\\u017eitkami, sk\\u00fasenos\\u0165ami a pozn\\u00e1van\\u00edm na dva t\\u00fd\\u017edne do Brna. Samotn\\u00e1 cesta overila na\\u0161u kond\\u00edciu - pren\\u00e1\\u0161a\\u0165 tie megakufre si vy\\u017eadovalo fyzick\\u00fa zdatnos\\u0165 nielen n\\u00e1s, ale i ostatn\\u00fdch cestuj\\u00facich, ktor\\u00ed n\\u00e1m ve\\u013emi\",\"inLanguage\":\"sk-SK\",\"isPartOf\":{\"@id\":\"https:\\\/\\\/szslucnalc.sk\\\/#website\"},\"breadcrumb\":{\"@id\":\"https:\\\/\\\/szslucnalc.sk\\\/?p=13669#breadcrumblist\"},\"author\":{\"@id\":\"https:\\\/\\\/szslucnalc.sk\\\/?author=2#author\"},\"creator\":{\"@id\":\"https:\\\/\\\/szslucnalc.sk\\\/?author=2#author\"},\"image\":{\"@type\":\"ImageObject\",\"url\":\"https:\\\/\\\/szslucnalc.sk\\\/wp-content\\\/uploads\\\/2021\\\/09\\\/IMG-20210913-WA0000-2.jpg\",\"@id\":\"https:\\\/\\\/szslucnalc.sk\\\/?p=13669\\\/#mainImage\",\"width\":719,\"height\":720},\"primaryImageOfPage\":{\"@id\":\"https:\\\/\\\/szslucnalc.sk\\\/?p=13669#mainImage\"},\"datePublished\":\"2021-09-13T20:45:36+02:00\",\"dateModified\":\"2021-09-13T21:26:33+02:00\"},{\"@type\":\"WebSite\",\"@id\":\"https:\\\/\\\/szslucnalc.sk\\\/#website\",\"url\":\"https:\\\/\\\/szslucnalc.sk\\\/\",\"name\":\"Stredn\\u00e1 zdravotn\\u00edcka \\u0161kola Lu\\u010denec\",\"description\":\"Stredn\\u00e1 zdravotn\\u00edcka \\u0161kola\",\"inLanguage\":\"sk-SK\",\"publisher\":{\"@id\":\"https:\\\/\\\/szslucnalc.sk\\\/#organization\"}}]}\n\t\t<\/script>\n\t\t<!-- All in One SEO -->\n\n","aioseo_head_json":{"title":"Sme v Brne s Erasmus + - Stredn\u00e1 zdravotn\u00edcka \u0161kola Lu\u010denec","description":"Po druhej vlne Covidu, tesne pred tou tre\u0165ou, sa to podarilo a kone\u010dne sme mohli vyrazi\u0165 na zahrani\u010dn\u00fa st\u00e1\u017e. V nede\u013eu, 12.septembra, sme sa vybrali za nov\u00fdmi z\u00e1\u017eitkami, sk\u00fasenos\u0165ami a pozn\u00e1van\u00edm na dva t\u00fd\u017edne do Brna. Samotn\u00e1 cesta overila na\u0161u kond\u00edciu - pren\u00e1\u0161a\u0165 tie megakufre si vy\u017eadovalo fyzick\u00fa zdatnos\u0165 nielen n\u00e1s, ale i ostatn\u00fdch cestuj\u00facich, ktor\u00ed n\u00e1m ve\u013emi","canonical_url":"https:\/\/szslucnalc.sk\/?p=13669","robots":"max-image-preview:large","keywords":"","webmasterTools":{"miscellaneous":""},"schema":{"@context":"https:\/\/schema.org","@graph":[{"@type":"BlogPosting","@id":"https:\/\/szslucnalc.sk\/?p=13669#blogposting","name":"Sme v Brne s Erasmus + - Stredn\u00e1 zdravotn\u00edcka \u0161kola Lu\u010denec","headline":"Sme v Brne s Erasmus +","author":{"@id":"https:\/\/szslucnalc.sk\/?author=2#author"},"publisher":{"@id":"https:\/\/szslucnalc.sk\/#organization"},"image":{"@type":"ImageObject","url":"https:\/\/szslucnalc.sk\/wp-content\/uploads\/2021\/09\/IMG-20210913-WA0000-2.jpg","width":719,"height":720},"datePublished":"2021-09-13T20:45:36+02:00","dateModified":"2021-09-13T21:26:33+02:00","inLanguage":"sk-SK","mainEntityOfPage":{"@id":"https:\/\/szslucnalc.sk\/?p=13669#webpage"},"isPartOf":{"@id":"https:\/\/szslucnalc.sk\/?p=13669#webpage"},"articleSection":"Profesia"},{"@type":"BreadcrumbList","@id":"https:\/\/szslucnalc.sk\/?p=13669#breadcrumblist","itemListElement":[{"@type":"ListItem","@id":"https:\/\/szslucnalc.sk#listItem","position":1,"name":"Home","item":"https:\/\/szslucnalc.sk","nextItem":{"@type":"ListItem","@id":"https:\/\/szslucnalc.sk\/?cat=7#listItem","name":"Profesia"}},{"@type":"ListItem","@id":"https:\/\/szslucnalc.sk\/?cat=7#listItem","position":2,"name":"Profesia","item":"https:\/\/szslucnalc.sk\/?cat=7","nextItem":{"@type":"ListItem","@id":"https:\/\/szslucnalc.sk\/?p=13669#listItem","name":"Sme v Brne s Erasmus +"},"previousItem":{"@type":"ListItem","@id":"https:\/\/szslucnalc.sk#listItem","name":"Home"}},{"@type":"ListItem","@id":"https:\/\/szslucnalc.sk\/?p=13669#listItem","position":3,"name":"Sme v Brne s Erasmus +","previousItem":{"@type":"ListItem","@id":"https:\/\/szslucnalc.sk\/?cat=7#listItem","name":"Profesia"}}]},{"@type":"Organization","@id":"https:\/\/szslucnalc.sk\/#organization","name":"Stredn\u00e1 zdravotn\u00edcka \u0161kola Lu\u010denec","description":"Stredn\u00e1 zdravotn\u00edcka \u0161kola","url":"https:\/\/szslucnalc.sk\/"},{"@type":"Person","@id":"https:\/\/szslucnalc.sk\/?author=2#author","url":"https:\/\/szslucnalc.sk\/?author=2","name":"Miroslav Sekula"},{"@type":"WebPage","@id":"https:\/\/szslucnalc.sk\/?p=13669#webpage","url":"https:\/\/szslucnalc.sk\/?p=13669","name":"Sme v Brne s Erasmus + - Stredn\u00e1 zdravotn\u00edcka \u0161kola Lu\u010denec","description":"Po druhej vlne Covidu, tesne pred tou tre\u0165ou, sa to podarilo a kone\u010dne sme mohli vyrazi\u0165 na zahrani\u010dn\u00fa st\u00e1\u017e. V nede\u013eu, 12.septembra, sme sa vybrali za nov\u00fdmi z\u00e1\u017eitkami, sk\u00fasenos\u0165ami a pozn\u00e1van\u00edm na dva t\u00fd\u017edne do Brna. Samotn\u00e1 cesta overila na\u0161u kond\u00edciu - pren\u00e1\u0161a\u0165 tie megakufre si vy\u017eadovalo fyzick\u00fa zdatnos\u0165 nielen n\u00e1s, ale i ostatn\u00fdch cestuj\u00facich, ktor\u00ed n\u00e1m ve\u013emi","inLanguage":"sk-SK","isPartOf":{"@id":"https:\/\/szslucnalc.sk\/#website"},"breadcrumb":{"@id":"https:\/\/szslucnalc.sk\/?p=13669#breadcrumblist"},"author":{"@id":"https:\/\/szslucnalc.sk\/?author=2#author"},"creator":{"@id":"https:\/\/szslucnalc.sk\/?author=2#author"},"image":{"@type":"ImageObject","url":"https:\/\/szslucnalc.sk\/wp-content\/uploads\/2021\/09\/IMG-20210913-WA0000-2.jpg","@id":"https:\/\/szslucnalc.sk\/?p=13669\/#mainImage","width":719,"height":720},"primaryImageOfPage":{"@id":"https:\/\/szslucnalc.sk\/?p=13669#mainImage"},"datePublished":"2021-09-13T20:45:36+02:00","dateModified":"2021-09-13T21:26:33+02:00"},{"@type":"WebSite","@id":"https:\/\/szslucnalc.sk\/#website","url":"https:\/\/szslucnalc.sk\/","name":"Stredn\u00e1 zdravotn\u00edcka \u0161kola Lu\u010denec","description":"Stredn\u00e1 zdravotn\u00edcka \u0161kola","inLanguage":"sk-SK","publisher":{"@id":"https:\/\/szslucnalc.sk\/#organization"}}]},"og:locale":"sk_SK","og:site_name":"Stredn\u00e1 zdravotn\u00edcka \u0161kola Lu\u010denec - Stredn\u00e1 zdravotn\u00edcka \u0161kola","og:type":"article","og:title":"Sme v Brne s Erasmus + - Stredn\u00e1 zdravotn\u00edcka \u0161kola Lu\u010denec","og:description":"Po druhej vlne Covidu, tesne pred tou tre\u0165ou, sa to podarilo a kone\u010dne sme mohli vyrazi\u0165 na zahrani\u010dn\u00fa st\u00e1\u017e. V nede\u013eu, 12.septembra, sme sa vybrali za nov\u00fdmi z\u00e1\u017eitkami, sk\u00fasenos\u0165ami a pozn\u00e1van\u00edm na dva t\u00fd\u017edne do Brna. Samotn\u00e1 cesta overila na\u0161u kond\u00edciu - pren\u00e1\u0161a\u0165 tie megakufre si vy\u017eadovalo fyzick\u00fa zdatnos\u0165 nielen n\u00e1s, ale i ostatn\u00fdch cestuj\u00facich, ktor\u00ed n\u00e1m ve\u013emi","og:url":"https:\/\/szslucnalc.sk\/?p=13669","og:image":"https:\/\/szslucnalc.sk\/wp-content\/uploads\/2021\/09\/IMG-20210913-WA0000-2.jpg","og:image:secure_url":"https:\/\/szslucnalc.sk\/wp-content\/uploads\/2021\/09\/IMG-20210913-WA0000-2.jpg","og:image:width":719,"og:image:height":720,"article:published_time":"2021-09-13T18:45:36+00:00","article:modified_time":"2021-09-13T19:26:33+00:00","twitter:card":"summary_large_image","twitter:title":"Sme v Brne s Erasmus + - Stredn\u00e1 zdravotn\u00edcka \u0161kola Lu\u010denec","twitter:description":"Po druhej vlne Covidu, tesne pred tou tre\u0165ou, sa to podarilo a kone\u010dne sme mohli vyrazi\u0165 na zahrani\u010dn\u00fa st\u00e1\u017e. V nede\u013eu, 12.septembra, sme sa vybrali za nov\u00fdmi z\u00e1\u017eitkami, sk\u00fasenos\u0165ami a pozn\u00e1van\u00edm na dva t\u00fd\u017edne do Brna. Samotn\u00e1 cesta overila na\u0161u kond\u00edciu - pren\u00e1\u0161a\u0165 tie megakufre si vy\u017eadovalo fyzick\u00fa zdatnos\u0165 nielen n\u00e1s, ale i ostatn\u00fdch cestuj\u00facich, ktor\u00ed n\u00e1m ve\u013emi","twitter:image":"https:\/\/szslucnalc.sk\/wp-content\/uploads\/2021\/09\/IMG-20210913-WA0000-2.jpg"},"aioseo_meta_data":{"post_id":"13669","title":null,"description":null,"keywords":null,"keyphrases":null,"primary_term":null,"canonical_url":null,"og_title":null,"og_description":null,"og_object_type":"default","og_image_type":"default","og_image_url":null,"og_image_width":null,"og_image_height":null,"og_image_custom_url":null,"og_image_custom_fields":null,"og_video":null,"og_custom_url":null,"og_article_section":null,"og_article_tags":null,"twitter_use_og":false,"twitter_card":"default","twitter_image_type":"default","twitter_image_url":null,"twitter_image_custom_url":null,"twitter_image_custom_fields":null,"twitter_title":null,"twitter_description":null,"schema":{"blockGraphs":[],"customGraphs":[],"default":{"data":{"Article":[],"Course":[],"Dataset":[],"FAQPage":[],"Movie":[],"Person":[],"Product":[],"ProductReview":[],"Car":[],"Recipe":[],"Service":[],"SoftwareApplication":[],"WebPage":[]},"graphName":"","isEnabled":true},"graphs":[]},"schema_type":"default","schema_type_options":null,"pillar_content":false,"robots_default":true,"robots_noindex":false,"robots_noarchive":false,"robots_nosnippet":false,"robots_nofollow":false,"robots_noimageindex":false,"robots_noodp":false,"robots_notranslate":false,"robots_max_snippet":null,"robots_max_videopreview":null,"robots_max_imagepreview":"large","priority":null,"frequency":null,"local_seo":null,"breadcrumb_settings":null,"limit_modified_date":false,"ai":null,"created":"2023-09-15 16:58:13","updated":"2025-06-26 14:41:39","seo_analyzer_scan_date":null,"focus_keyword":null,"additional_keywords":null,"truseo_locale":null},"aioseo_breadcrumb":"<div class=\"aioseo-breadcrumbs\"><span class=\"aioseo-breadcrumb\">\n\t\t\t<a href=\"https:\/\/szslucnalc.sk\" title=\"Home\">Home<\/a>\n\t\t<\/span><span class=\"aioseo-breadcrumb-separator\">&raquo;<\/span><span class=\"aioseo-breadcrumb\">\n\t\t\t<a href=\"https:\/\/szslucnalc.sk\/?cat=7\" title=\"Profesia\">Profesia<\/a>\n\t\t<\/span><span class=\"aioseo-breadcrumb-separator\">&raquo;<\/span><span class=\"aioseo-breadcrumb\">\n\t\t\tSme v Brne s Erasmus +\n\t\t<\/span><\/div>","aioseo_breadcrumb_json":[{"label":"Home","link":"https:\/\/szslucnalc.sk"},{"label":"Profesia","link":"https:\/\/szslucnalc.sk\/?cat=7"},{"label":"Sme v Brne s Erasmus +","link":"https:\/\/szslucnalc.sk\/?p=13669"}],"_links":{"self":[{"href":"https:\/\/szslucnalc.sk\/index.php?rest_route=\/wp\/v2\/posts\/13669","targetHints":{"allow":["GET"]}}],"collection":[{"href":"https:\/\/szslucnalc.sk\/index.php?rest_route=\/wp\/v2\/posts"}],"about":[{"href":"https:\/\/szslucnalc.sk\/index.php?rest_route=\/wp\/v2\/types\/post"}],"author":[{"embeddable":true,"href":"https:\/\/szslucnalc.sk\/index.php?rest_route=\/wp\/v2\/users\/2"}],"replies":[{"embeddable":true,"href":"https:\/\/szslucnalc.sk\/index.php?rest_route=%2Fwp%2Fv2%2Fcomments&post=13669"}],"version-history":[{"count":5,"href":"https:\/\/szslucnalc.sk\/index.php?rest_route=\/wp\/v2\/posts\/13669\/revisions"}],"predecessor-version":[{"id":13699,"href":"https:\/\/szslucnalc.sk\/index.php?rest_route=\/wp\/v2\/posts\/13669\/revisions\/13699"}],"wp:featuredmedia":[{"embeddable":true,"href":"https:\/\/szslucnalc.sk\/index.php?rest_route=\/wp\/v2\/media\/13687"}],"wp:attachment":[{"href":"https:\/\/szslucnalc.sk\/index.php?rest_route=%2Fwp%2Fv2%2Fmedia&parent=13669"}],"wp:term":[{"taxonomy":"category","embeddable":true,"href":"https:\/\/szslucnalc.sk\/index.php?rest_route=%2Fwp%2Fv2%2Fcategories&post=13669"},{"taxonomy":"post_tag","embeddable":true,"href":"https:\/\/szslucnalc.sk\/index.php?rest_route=%2Fwp%2Fv2%2Ftags&post=13669"}],"curies":[{"name":"wp","href":"https:\/\/api.w.org\/{rel}","templated":true}]}}