{"id":13673,"date":"2021-09-13T19:21:06","date_gmt":"2021-09-13T17:21:06","guid":{"rendered":"https:\/\/szslucnalc.sk\/?p=13673"},"modified":"2021-09-14T13:07:12","modified_gmt":"2021-09-14T11:07:12","slug":"13-9-den-pozitivneho-myslenia-medzinarodny-den-cokolady-aj-na-zdravotke","status":"publish","type":"post","link":"https:\/\/szslucnalc.sk\/?p=13673","title":{"rendered":"13.9. \u2013 De\u0148 pozit\u00edvneho myslenia &#038; Medzin\u00e1rodn\u00fd de\u0148 \u010dokol\u00e1dy \u2013 aj na zdravotke"},"content":{"rendered":"\n<p class=\"wp-block-paragraph\"><strong><em>\u201eJedna mal\u00e1 pozit\u00edvna my\u0161lienka hne\u010f zr\u00e1na dok\u00e1\u017ee zmeni\u0165 V\u00e1\u0161 cel\u00fd DE\u0147&#8230;\u201c<\/em><\/strong><\/p>\n\n\n\n<p class=\"wp-block-paragraph\">De\u0148 pozit\u00edvneho myslenia vznikol v&nbsp;Amerike. Vo svete a&nbsp;tak aj u&nbsp;n\u00e1s si ho pripom\u00edname 13. septembra od roku 2003. V&nbsp;tento ist\u00fd de\u0148 je aj de\u0148 \u010dokol\u00e1dy. Aj my na zdravotn\u00edckej \u0161kole sme sa rozhodli na tieto dni nezabudn\u00fa\u0165. Je fajn robi\u0165 veci pre druh\u00fdch a&nbsp;t\u00fdm im privies\u0165 dobr\u00fa n\u00e1ladu a&nbsp;negat\u00edvne my\u0161lienky zahodi\u0165 za hlavu, pozdvihn\u00fa\u0165 tak ducha. R\u00e1no pri pr\u00edchode do \u0161koly a&nbsp;do pr\u00e1ce v\u00edtali s&nbsp;\u00fasmevom na tv\u00e1ri \u0161tudentov a&nbsp;zamestnancov \u0161koly na\u0161i dvaja \u0161tudenti Lacko Gregor z&nbsp;2.A a&nbsp;Marek Lacko z&nbsp;2.B a&nbsp;pon\u00fakali ka\u017ed\u00e9ho balenou \u010dokol\u00e1dou. Rozd\u00e1vali \u00fasmev, aj ke\u010f spod r\u00fa\u0161ka, no nezab\u00fadajme, smej\u00fa sa aj o\u010di, nie len \u00fasta. De\u0148 pozit\u00edvneho myslenia osl\u00e1vte s&nbsp;\u00fasmevom na tv\u00e1ri a&nbsp;s&nbsp;najob\u013e\u00fabenej\u0161ou sladkos\u0165ou na svete a&nbsp;to \u010dokol\u00e1dou \ud83d\ude0a<\/p>\n\n\n\n<p class=\"wp-block-paragraph\">Ladislav Grego 2.A, Marek Lacko 2.B, Mgr. Alexandra Marko<\/p>\n","protected":false},"excerpt":{"rendered":"<p>&bdquo;Jedna mal&aacute; pozit&iacute;vna my&scaron;lienka hne&#271; zr&aacute;na dok&aacute;&#382;e zmeni&#357; V&aacute;&scaron; cel&yacute; DE&#327;&hellip;&ldquo; De&#328; pozit&iacute;vneho myslenia vznikol v&nbsp;Amerike. Vo svete a&nbsp;tak aj u&nbsp;n&aacute;s si ho pripom&iacute;name 13. septembra<span class=\"excerpt-hellip\"> [\u2026]<\/span><\/p>\n","protected":false},"author":2,"featured_media":13683,"comment_status":"closed","ping_status":"closed","sticky":false,"template":"","format":"standard","meta":{"footnotes":""},"categories":[8],"tags":[],"class_list":["post-13673","post","type-post","status-publish","format-standard","has-post-thumbnail","hentry","category-ine"],"aioseo_notices":[],"aioseo_head":"\n\t\t<!-- All in One SEO 5.0.0.1 - aioseo.com -->\n\t<meta name=\"description\" content=\"\u201eJedna mal\u00e1 pozit\u00edvna my\u0161lienka hne\u010f zr\u00e1na dok\u00e1\u017ee zmeni\u0165 V\u00e1\u0161 cel\u00fd DE\u0147...\u201c De\u0148 pozit\u00edvneho myslenia vznikol v Amerike. Vo svete a tak aj u n\u00e1s si ho pripom\u00edname 13. septembra od roku 2003. V tento ist\u00fd de\u0148 je aj de\u0148 \u010dokol\u00e1dy. Aj my na zdravotn\u00edckej \u0161kole sme sa rozhodli na tieto dni nezabudn\u00fa\u0165. Je fajn robi\u0165 veci pre druh\u00fdch a t\u00fdm\" \/>\n\t<meta name=\"robots\" content=\"max-image-preview:large\" \/>\n\t<meta name=\"author\" content=\"Miroslav Sekula\"\/>\n\t<link rel=\"canonical\" href=\"https:\/\/szslucnalc.sk\/?p=13673\" \/>\n\t<meta name=\"generator\" content=\"All in One SEO (AIOSEO) 5.0.0.1\" \/>\n\t\t<meta property=\"og:locale\" content=\"sk_SK\" \/>\n\t\t<meta property=\"og:site_name\" content=\"Stredn\u00e1 zdravotn\u00edcka \u0161kola Lu\u010denec - Stredn\u00e1 zdravotn\u00edcka \u0161kola\" \/>\n\t\t<meta property=\"og:type\" content=\"article\" \/>\n\t\t<meta property=\"og:title\" content=\"13.9. \u2013 De\u0148 pozit\u00edvneho myslenia &amp; Medzin\u00e1rodn\u00fd de\u0148 \u010dokol\u00e1dy \u2013 aj na zdravotke - Stredn\u00e1 zdravotn\u00edcka \u0161kola Lu\u010denec\" \/>\n\t\t<meta property=\"og:description\" content=\"\u201eJedna mal\u00e1 pozit\u00edvna my\u0161lienka hne\u010f zr\u00e1na dok\u00e1\u017ee zmeni\u0165 V\u00e1\u0161 cel\u00fd DE\u0147...\u201c De\u0148 pozit\u00edvneho myslenia vznikol v Amerike. Vo svete a tak aj u n\u00e1s si ho pripom\u00edname 13. septembra od roku 2003. V tento ist\u00fd de\u0148 je aj de\u0148 \u010dokol\u00e1dy. Aj my na zdravotn\u00edckej \u0161kole sme sa rozhodli na tieto dni nezabudn\u00fa\u0165. Je fajn robi\u0165 veci pre druh\u00fdch a t\u00fdm\" \/>\n\t\t<meta property=\"og:url\" content=\"https:\/\/szslucnalc.sk\/?p=13673\" \/>\n\t\t<meta property=\"og:image\" content=\"https:\/\/szslucnalc.sk\/wp-content\/uploads\/2021\/09\/241923288_2912738445653609_2994463951668198441_n.jpg\" \/>\n\t\t<meta property=\"og:image:secure_url\" content=\"https:\/\/szslucnalc.sk\/wp-content\/uploads\/2021\/09\/241923288_2912738445653609_2994463951668198441_n.jpg\" \/>\n\t\t<meta property=\"og:image:width\" content=\"1536\" \/>\n\t\t<meta property=\"og:image:height\" content=\"2048\" \/>\n\t\t<meta property=\"article:published_time\" content=\"2021-09-13T17:21:06+00:00\" \/>\n\t\t<meta property=\"article:modified_time\" content=\"2021-09-14T11:07:12+00:00\" \/>\n\t\t<meta name=\"twitter:card\" content=\"summary_large_image\" \/>\n\t\t<meta name=\"twitter:title\" content=\"13.9. \u2013 De\u0148 pozit\u00edvneho myslenia &amp; Medzin\u00e1rodn\u00fd de\u0148 \u010dokol\u00e1dy \u2013 aj na zdravotke - Stredn\u00e1 zdravotn\u00edcka \u0161kola Lu\u010denec\" \/>\n\t\t<meta name=\"twitter:description\" content=\"\u201eJedna mal\u00e1 pozit\u00edvna my\u0161lienka hne\u010f zr\u00e1na dok\u00e1\u017ee zmeni\u0165 V\u00e1\u0161 cel\u00fd DE\u0147...\u201c De\u0148 pozit\u00edvneho myslenia vznikol v Amerike. Vo svete a tak aj u n\u00e1s si ho pripom\u00edname 13. septembra od roku 2003. V tento ist\u00fd de\u0148 je aj de\u0148 \u010dokol\u00e1dy. Aj my na zdravotn\u00edckej \u0161kole sme sa rozhodli na tieto dni nezabudn\u00fa\u0165. Je fajn robi\u0165 veci pre druh\u00fdch a t\u00fdm\" \/>\n\t\t<meta name=\"twitter:image\" content=\"https:\/\/szslucnalc.sk\/wp-content\/uploads\/2021\/09\/241923288_2912738445653609_2994463951668198441_n.jpg\" \/>\n\t\t<script type=\"application\/ld+json\" class=\"aioseo-schema\">\n\t\t\t{\"@context\":\"https:\\\/\\\/schema.org\",\"@graph\":[{\"@type\":\"BlogPosting\",\"@id\":\"https:\\\/\\\/szslucnalc.sk\\\/?p=13673#blogposting\",\"name\":\"13.9. \\u2013 De\\u0148 pozit\\u00edvneho myslenia & Medzin\\u00e1rodn\\u00fd de\\u0148 \\u010dokol\\u00e1dy \\u2013 aj na zdravotke - Stredn\\u00e1 zdravotn\\u00edcka \\u0161kola Lu\\u010denec\",\"headline\":\"13.9. \\u2013 De\\u0148 pozit\\u00edvneho myslenia &#038; Medzin\\u00e1rodn\\u00fd de\\u0148 \\u010dokol\\u00e1dy \\u2013 aj na zdravotke\",\"author\":{\"@id\":\"https:\\\/\\\/szslucnalc.sk\\\/?author=2#author\"},\"publisher\":{\"@id\":\"https:\\\/\\\/szslucnalc.sk\\\/#organization\"},\"image\":{\"@type\":\"ImageObject\",\"url\":\"https:\\\/\\\/szslucnalc.sk\\\/wp-content\\\/uploads\\\/2021\\\/09\\\/241923288_2912738445653609_2994463951668198441_n.jpg\",\"width\":1536,\"height\":2048},\"datePublished\":\"2021-09-13T19:21:06+02:00\",\"dateModified\":\"2021-09-14T13:07:12+02:00\",\"inLanguage\":\"sk-SK\",\"mainEntityOfPage\":{\"@id\":\"https:\\\/\\\/szslucnalc.sk\\\/?p=13673#webpage\"},\"isPartOf\":{\"@id\":\"https:\\\/\\\/szslucnalc.sk\\\/?p=13673#webpage\"},\"articleSection\":\"In\\u00e9\"},{\"@type\":\"BreadcrumbList\",\"@id\":\"https:\\\/\\\/szslucnalc.sk\\\/?p=13673#breadcrumblist\",\"itemListElement\":[{\"@type\":\"ListItem\",\"@id\":\"https:\\\/\\\/szslucnalc.sk#listItem\",\"position\":1,\"name\":\"Home\",\"item\":\"https:\\\/\\\/szslucnalc.sk\",\"nextItem\":{\"@type\":\"ListItem\",\"@id\":\"https:\\\/\\\/szslucnalc.sk\\\/?cat=8#listItem\",\"name\":\"In\\u00e9\"}},{\"@type\":\"ListItem\",\"@id\":\"https:\\\/\\\/szslucnalc.sk\\\/?cat=8#listItem\",\"position\":2,\"name\":\"In\\u00e9\",\"item\":\"https:\\\/\\\/szslucnalc.sk\\\/?cat=8\",\"nextItem\":{\"@type\":\"ListItem\",\"@id\":\"https:\\\/\\\/szslucnalc.sk\\\/?p=13673#listItem\",\"name\":\"13.9. \\u2013 De\\u0148 pozit\\u00edvneho myslenia &#038; Medzin\\u00e1rodn\\u00fd de\\u0148 \\u010dokol\\u00e1dy \\u2013 aj na zdravotke\"},\"previousItem\":{\"@type\":\"ListItem\",\"@id\":\"https:\\\/\\\/szslucnalc.sk#listItem\",\"name\":\"Home\"}},{\"@type\":\"ListItem\",\"@id\":\"https:\\\/\\\/szslucnalc.sk\\\/?p=13673#listItem\",\"position\":3,\"name\":\"13.9. \\u2013 De\\u0148 pozit\\u00edvneho myslenia &#038; Medzin\\u00e1rodn\\u00fd de\\u0148 \\u010dokol\\u00e1dy \\u2013 aj na zdravotke\",\"previousItem\":{\"@type\":\"ListItem\",\"@id\":\"https:\\\/\\\/szslucnalc.sk\\\/?cat=8#listItem\",\"name\":\"In\\u00e9\"}}]},{\"@type\":\"Organization\",\"@id\":\"https:\\\/\\\/szslucnalc.sk\\\/#organization\",\"name\":\"Stredn\\u00e1 zdravotn\\u00edcka \\u0161kola Lu\\u010denec\",\"description\":\"Stredn\\u00e1 zdravotn\\u00edcka \\u0161kola\",\"url\":\"https:\\\/\\\/szslucnalc.sk\\\/\"},{\"@type\":\"Person\",\"@id\":\"https:\\\/\\\/szslucnalc.sk\\\/?author=2#author\",\"url\":\"https:\\\/\\\/szslucnalc.sk\\\/?author=2\",\"name\":\"Miroslav Sekula\"},{\"@type\":\"WebPage\",\"@id\":\"https:\\\/\\\/szslucnalc.sk\\\/?p=13673#webpage\",\"url\":\"https:\\\/\\\/szslucnalc.sk\\\/?p=13673\",\"name\":\"13.9. \\u2013 De\\u0148 pozit\\u00edvneho myslenia & Medzin\\u00e1rodn\\u00fd de\\u0148 \\u010dokol\\u00e1dy \\u2013 aj na zdravotke - Stredn\\u00e1 zdravotn\\u00edcka \\u0161kola Lu\\u010denec\",\"description\":\"\\u201eJedna mal\\u00e1 pozit\\u00edvna my\\u0161lienka hne\\u010f zr\\u00e1na dok\\u00e1\\u017ee zmeni\\u0165 V\\u00e1\\u0161 cel\\u00fd DE\\u0147...\\u201c De\\u0148 pozit\\u00edvneho myslenia vznikol v Amerike. Vo svete a tak aj u n\\u00e1s si ho pripom\\u00edname 13. septembra od roku 2003. V tento ist\\u00fd de\\u0148 je aj de\\u0148 \\u010dokol\\u00e1dy. Aj my na zdravotn\\u00edckej \\u0161kole sme sa rozhodli na tieto dni nezabudn\\u00fa\\u0165. Je fajn robi\\u0165 veci pre druh\\u00fdch a t\\u00fdm\",\"inLanguage\":\"sk-SK\",\"isPartOf\":{\"@id\":\"https:\\\/\\\/szslucnalc.sk\\\/#website\"},\"breadcrumb\":{\"@id\":\"https:\\\/\\\/szslucnalc.sk\\\/?p=13673#breadcrumblist\"},\"author\":{\"@id\":\"https:\\\/\\\/szslucnalc.sk\\\/?author=2#author\"},\"creator\":{\"@id\":\"https:\\\/\\\/szslucnalc.sk\\\/?author=2#author\"},\"image\":{\"@type\":\"ImageObject\",\"url\":\"https:\\\/\\\/szslucnalc.sk\\\/wp-content\\\/uploads\\\/2021\\\/09\\\/241923288_2912738445653609_2994463951668198441_n.jpg\",\"@id\":\"https:\\\/\\\/szslucnalc.sk\\\/?p=13673\\\/#mainImage\",\"width\":1536,\"height\":2048},\"primaryImageOfPage\":{\"@id\":\"https:\\\/\\\/szslucnalc.sk\\\/?p=13673#mainImage\"},\"datePublished\":\"2021-09-13T19:21:06+02:00\",\"dateModified\":\"2021-09-14T13:07:12+02:00\"},{\"@type\":\"WebSite\",\"@id\":\"https:\\\/\\\/szslucnalc.sk\\\/#website\",\"url\":\"https:\\\/\\\/szslucnalc.sk\\\/\",\"name\":\"Stredn\\u00e1 zdravotn\\u00edcka \\u0161kola Lu\\u010denec\",\"description\":\"Stredn\\u00e1 zdravotn\\u00edcka \\u0161kola\",\"inLanguage\":\"sk-SK\",\"publisher\":{\"@id\":\"https:\\\/\\\/szslucnalc.sk\\\/#organization\"}}]}\n\t\t<\/script>\n\t\t<!-- All in One SEO -->\n\n","aioseo_head_json":{"title":"13.9. \u2013 De\u0148 pozit\u00edvneho myslenia & Medzin\u00e1rodn\u00fd de\u0148 \u010dokol\u00e1dy \u2013 aj na zdravotke - Stredn\u00e1 zdravotn\u00edcka \u0161kola Lu\u010denec","description":"\u201eJedna mal\u00e1 pozit\u00edvna my\u0161lienka hne\u010f zr\u00e1na dok\u00e1\u017ee zmeni\u0165 V\u00e1\u0161 cel\u00fd DE\u0147...\u201c De\u0148 pozit\u00edvneho myslenia vznikol v Amerike. Vo svete a tak aj u n\u00e1s si ho pripom\u00edname 13. septembra od roku 2003. V tento ist\u00fd de\u0148 je aj de\u0148 \u010dokol\u00e1dy. Aj my na zdravotn\u00edckej \u0161kole sme sa rozhodli na tieto dni nezabudn\u00fa\u0165. Je fajn robi\u0165 veci pre druh\u00fdch a t\u00fdm","canonical_url":"https:\/\/szslucnalc.sk\/?p=13673","robots":"max-image-preview:large","keywords":"","webmasterTools":{"miscellaneous":""},"schema":{"@context":"https:\/\/schema.org","@graph":[{"@type":"BlogPosting","@id":"https:\/\/szslucnalc.sk\/?p=13673#blogposting","name":"13.9. \u2013 De\u0148 pozit\u00edvneho myslenia & Medzin\u00e1rodn\u00fd de\u0148 \u010dokol\u00e1dy \u2013 aj na zdravotke - Stredn\u00e1 zdravotn\u00edcka \u0161kola Lu\u010denec","headline":"13.9. \u2013 De\u0148 pozit\u00edvneho myslenia &#038; Medzin\u00e1rodn\u00fd de\u0148 \u010dokol\u00e1dy \u2013 aj na zdravotke","author":{"@id":"https:\/\/szslucnalc.sk\/?author=2#author"},"publisher":{"@id":"https:\/\/szslucnalc.sk\/#organization"},"image":{"@type":"ImageObject","url":"https:\/\/szslucnalc.sk\/wp-content\/uploads\/2021\/09\/241923288_2912738445653609_2994463951668198441_n.jpg","width":1536,"height":2048},"datePublished":"2021-09-13T19:21:06+02:00","dateModified":"2021-09-14T13:07:12+02:00","inLanguage":"sk-SK","mainEntityOfPage":{"@id":"https:\/\/szslucnalc.sk\/?p=13673#webpage"},"isPartOf":{"@id":"https:\/\/szslucnalc.sk\/?p=13673#webpage"},"articleSection":"In\u00e9"},{"@type":"BreadcrumbList","@id":"https:\/\/szslucnalc.sk\/?p=13673#breadcrumblist","itemListElement":[{"@type":"ListItem","@id":"https:\/\/szslucnalc.sk#listItem","position":1,"name":"Home","item":"https:\/\/szslucnalc.sk","nextItem":{"@type":"ListItem","@id":"https:\/\/szslucnalc.sk\/?cat=8#listItem","name":"In\u00e9"}},{"@type":"ListItem","@id":"https:\/\/szslucnalc.sk\/?cat=8#listItem","position":2,"name":"In\u00e9","item":"https:\/\/szslucnalc.sk\/?cat=8","nextItem":{"@type":"ListItem","@id":"https:\/\/szslucnalc.sk\/?p=13673#listItem","name":"13.9. \u2013 De\u0148 pozit\u00edvneho myslenia &#038; Medzin\u00e1rodn\u00fd de\u0148 \u010dokol\u00e1dy \u2013 aj na zdravotke"},"previousItem":{"@type":"ListItem","@id":"https:\/\/szslucnalc.sk#listItem","name":"Home"}},{"@type":"ListItem","@id":"https:\/\/szslucnalc.sk\/?p=13673#listItem","position":3,"name":"13.9. \u2013 De\u0148 pozit\u00edvneho myslenia &#038; Medzin\u00e1rodn\u00fd de\u0148 \u010dokol\u00e1dy \u2013 aj na zdravotke","previousItem":{"@type":"ListItem","@id":"https:\/\/szslucnalc.sk\/?cat=8#listItem","name":"In\u00e9"}}]},{"@type":"Organization","@id":"https:\/\/szslucnalc.sk\/#organization","name":"Stredn\u00e1 zdravotn\u00edcka \u0161kola Lu\u010denec","description":"Stredn\u00e1 zdravotn\u00edcka \u0161kola","url":"https:\/\/szslucnalc.sk\/"},{"@type":"Person","@id":"https:\/\/szslucnalc.sk\/?author=2#author","url":"https:\/\/szslucnalc.sk\/?author=2","name":"Miroslav Sekula"},{"@type":"WebPage","@id":"https:\/\/szslucnalc.sk\/?p=13673#webpage","url":"https:\/\/szslucnalc.sk\/?p=13673","name":"13.9. \u2013 De\u0148 pozit\u00edvneho myslenia & Medzin\u00e1rodn\u00fd de\u0148 \u010dokol\u00e1dy \u2013 aj na zdravotke - Stredn\u00e1 zdravotn\u00edcka \u0161kola Lu\u010denec","description":"\u201eJedna mal\u00e1 pozit\u00edvna my\u0161lienka hne\u010f zr\u00e1na dok\u00e1\u017ee zmeni\u0165 V\u00e1\u0161 cel\u00fd DE\u0147...\u201c De\u0148 pozit\u00edvneho myslenia vznikol v Amerike. Vo svete a tak aj u n\u00e1s si ho pripom\u00edname 13. septembra od roku 2003. V tento ist\u00fd de\u0148 je aj de\u0148 \u010dokol\u00e1dy. Aj my na zdravotn\u00edckej \u0161kole sme sa rozhodli na tieto dni nezabudn\u00fa\u0165. Je fajn robi\u0165 veci pre druh\u00fdch a t\u00fdm","inLanguage":"sk-SK","isPartOf":{"@id":"https:\/\/szslucnalc.sk\/#website"},"breadcrumb":{"@id":"https:\/\/szslucnalc.sk\/?p=13673#breadcrumblist"},"author":{"@id":"https:\/\/szslucnalc.sk\/?author=2#author"},"creator":{"@id":"https:\/\/szslucnalc.sk\/?author=2#author"},"image":{"@type":"ImageObject","url":"https:\/\/szslucnalc.sk\/wp-content\/uploads\/2021\/09\/241923288_2912738445653609_2994463951668198441_n.jpg","@id":"https:\/\/szslucnalc.sk\/?p=13673\/#mainImage","width":1536,"height":2048},"primaryImageOfPage":{"@id":"https:\/\/szslucnalc.sk\/?p=13673#mainImage"},"datePublished":"2021-09-13T19:21:06+02:00","dateModified":"2021-09-14T13:07:12+02:00"},{"@type":"WebSite","@id":"https:\/\/szslucnalc.sk\/#website","url":"https:\/\/szslucnalc.sk\/","name":"Stredn\u00e1 zdravotn\u00edcka \u0161kola Lu\u010denec","description":"Stredn\u00e1 zdravotn\u00edcka \u0161kola","inLanguage":"sk-SK","publisher":{"@id":"https:\/\/szslucnalc.sk\/#organization"}}]},"og:locale":"sk_SK","og:site_name":"Stredn\u00e1 zdravotn\u00edcka \u0161kola Lu\u010denec - Stredn\u00e1 zdravotn\u00edcka \u0161kola","og:type":"article","og:title":"13.9. \u2013 De\u0148 pozit\u00edvneho myslenia &amp; Medzin\u00e1rodn\u00fd de\u0148 \u010dokol\u00e1dy \u2013 aj na zdravotke - Stredn\u00e1 zdravotn\u00edcka \u0161kola Lu\u010denec","og:description":"\u201eJedna mal\u00e1 pozit\u00edvna my\u0161lienka hne\u010f zr\u00e1na dok\u00e1\u017ee zmeni\u0165 V\u00e1\u0161 cel\u00fd DE\u0147...\u201c De\u0148 pozit\u00edvneho myslenia vznikol v Amerike. Vo svete a tak aj u n\u00e1s si ho pripom\u00edname 13. septembra od roku 2003. V tento ist\u00fd de\u0148 je aj de\u0148 \u010dokol\u00e1dy. Aj my na zdravotn\u00edckej \u0161kole sme sa rozhodli na tieto dni nezabudn\u00fa\u0165. Je fajn robi\u0165 veci pre druh\u00fdch a t\u00fdm","og:url":"https:\/\/szslucnalc.sk\/?p=13673","og:image":"https:\/\/szslucnalc.sk\/wp-content\/uploads\/2021\/09\/241923288_2912738445653609_2994463951668198441_n.jpg","og:image:secure_url":"https:\/\/szslucnalc.sk\/wp-content\/uploads\/2021\/09\/241923288_2912738445653609_2994463951668198441_n.jpg","og:image:width":1536,"og:image:height":2048,"article:published_time":"2021-09-13T17:21:06+00:00","article:modified_time":"2021-09-14T11:07:12+00:00","twitter:card":"summary_large_image","twitter:title":"13.9. \u2013 De\u0148 pozit\u00edvneho myslenia &amp; Medzin\u00e1rodn\u00fd de\u0148 \u010dokol\u00e1dy \u2013 aj na zdravotke - Stredn\u00e1 zdravotn\u00edcka \u0161kola Lu\u010denec","twitter:description":"\u201eJedna mal\u00e1 pozit\u00edvna my\u0161lienka hne\u010f zr\u00e1na dok\u00e1\u017ee zmeni\u0165 V\u00e1\u0161 cel\u00fd DE\u0147...\u201c De\u0148 pozit\u00edvneho myslenia vznikol v Amerike. Vo svete a tak aj u n\u00e1s si ho pripom\u00edname 13. septembra od roku 2003. V tento ist\u00fd de\u0148 je aj de\u0148 \u010dokol\u00e1dy. Aj my na zdravotn\u00edckej \u0161kole sme sa rozhodli na tieto dni nezabudn\u00fa\u0165. Je fajn robi\u0165 veci pre druh\u00fdch a t\u00fdm","twitter:image":"https:\/\/szslucnalc.sk\/wp-content\/uploads\/2021\/09\/241923288_2912738445653609_2994463951668198441_n.jpg"},"aioseo_meta_data":{"post_id":"13673","title":null,"description":null,"keywords":null,"keyphrases":null,"primary_term":null,"canonical_url":null,"og_title":null,"og_description":null,"og_object_type":"default","og_image_type":"default","og_image_url":null,"og_image_width":null,"og_image_height":null,"og_image_custom_url":null,"og_image_custom_fields":null,"og_video":null,"og_custom_url":null,"og_article_section":null,"og_article_tags":null,"twitter_use_og":false,"twitter_card":"default","twitter_image_type":"default","twitter_image_url":null,"twitter_image_custom_url":null,"twitter_image_custom_fields":null,"twitter_title":null,"twitter_description":null,"schema":{"blockGraphs":[],"customGraphs":[],"default":{"data":{"Article":[],"Course":[],"Dataset":[],"FAQPage":[],"Movie":[],"Person":[],"Product":[],"ProductReview":[],"Car":[],"Recipe":[],"Service":[],"SoftwareApplication":[],"WebPage":[]},"graphName":"","isEnabled":true},"graphs":[]},"schema_type":"default","schema_type_options":null,"pillar_content":false,"robots_default":true,"robots_noindex":false,"robots_noarchive":false,"robots_nosnippet":false,"robots_nofollow":false,"robots_noimageindex":false,"robots_noodp":false,"robots_notranslate":false,"robots_max_snippet":null,"robots_max_videopreview":null,"robots_max_imagepreview":"large","priority":null,"frequency":null,"local_seo":null,"breadcrumb_settings":null,"limit_modified_date":false,"ai":null,"created":"2023-09-15 16:58:13","updated":"2025-06-26 14:41:39","seo_analyzer_scan_date":null,"focus_keyword":null,"additional_keywords":null,"truseo_locale":null},"aioseo_breadcrumb":"<div class=\"aioseo-breadcrumbs\"><span class=\"aioseo-breadcrumb\">\n\t\t\t<a href=\"https:\/\/szslucnalc.sk\" title=\"Home\">Home<\/a>\n\t\t<\/span><span class=\"aioseo-breadcrumb-separator\">&raquo;<\/span><span class=\"aioseo-breadcrumb\">\n\t\t\t<a href=\"https:\/\/szslucnalc.sk\/?cat=8\" title=\"In\u00e9\">In\u00e9<\/a>\n\t\t<\/span><span class=\"aioseo-breadcrumb-separator\">&raquo;<\/span><span class=\"aioseo-breadcrumb\">\n\t\t\t13.9. \u2013 De\u0148 pozit\u00edvneho myslenia &amp; Medzin\u00e1rodn\u00fd de\u0148 \u010dokol\u00e1dy \u2013 aj na zdravotke\n\t\t<\/span><\/div>","aioseo_breadcrumb_json":[{"label":"Home","link":"https:\/\/szslucnalc.sk"},{"label":"In\u00e9","link":"https:\/\/szslucnalc.sk\/?cat=8"},{"label":"13.9. \u2013 De\u0148 pozit\u00edvneho myslenia &#038; Medzin\u00e1rodn\u00fd de\u0148 \u010dokol\u00e1dy \u2013 aj na zdravotke","link":"https:\/\/szslucnalc.sk\/?p=13673"}],"_links":{"self":[{"href":"https:\/\/szslucnalc.sk\/index.php?rest_route=\/wp\/v2\/posts\/13673","targetHints":{"allow":["GET"]}}],"collection":[{"href":"https:\/\/szslucnalc.sk\/index.php?rest_route=\/wp\/v2\/posts"}],"about":[{"href":"https:\/\/szslucnalc.sk\/index.php?rest_route=\/wp\/v2\/types\/post"}],"author":[{"embeddable":true,"href":"https:\/\/szslucnalc.sk\/index.php?rest_route=\/wp\/v2\/users\/2"}],"replies":[{"embeddable":true,"href":"https:\/\/szslucnalc.sk\/index.php?rest_route=%2Fwp%2Fv2%2Fcomments&post=13673"}],"version-history":[{"count":1,"href":"https:\/\/szslucnalc.sk\/index.php?rest_route=\/wp\/v2\/posts\/13673\/revisions"}],"predecessor-version":[{"id":13686,"href":"https:\/\/szslucnalc.sk\/index.php?rest_route=\/wp\/v2\/posts\/13673\/revisions\/13686"}],"wp:featuredmedia":[{"embeddable":true,"href":"https:\/\/szslucnalc.sk\/index.php?rest_route=\/wp\/v2\/media\/13683"}],"wp:attachment":[{"href":"https:\/\/szslucnalc.sk\/index.php?rest_route=%2Fwp%2Fv2%2Fmedia&parent=13673"}],"wp:term":[{"taxonomy":"category","embeddable":true,"href":"https:\/\/szslucnalc.sk\/index.php?rest_route=%2Fwp%2Fv2%2Fcategories&post=13673"},{"taxonomy":"post_tag","embeddable":true,"href":"https:\/\/szslucnalc.sk\/index.php?rest_route=%2Fwp%2Fv2%2Ftags&post=13673"}],"curies":[{"name":"wp","href":"https:\/\/api.w.org\/{rel}","templated":true}]}}