{"id":13710,"date":"2021-09-16T12:04:41","date_gmt":"2021-09-16T10:04:41","guid":{"rendered":"https:\/\/szslucnalc.sk\/?p=13710"},"modified":"2021-09-17T13:28:38","modified_gmt":"2021-09-17T11:28:38","slug":"opat-sme-mohli-ucit-ziakov-prvu-pomoc","status":"publish","type":"post","link":"https:\/\/szslucnalc.sk\/?p=13710","title":{"rendered":"Op\u00e4\u0165 sme mohli mlad\u0161\u00edch u\u010di\u0165 prv\u00fa pomoc!"},"content":{"rendered":"\n<p>Utorkov\u00e9 r\u00e1no 14.9.2021 sme op\u00e4\u0165 mohli opr\u00e1\u0161i\u0165 n\u00e1\u0161 program Zdravotnej v\u00fdchovy na z\u00e1kladn\u00fdch \u0161kol\u00e1ch.\u00a0 Nav\u0161t\u00edvili sme Z\u0160 v Div\u00edne. Pedagogick\u00fd zbor aj \u017eiaci n\u00e1s priv\u00edtali a\u00a0v\u00a0jednotliv\u00fdch triedach sme pripravili stanovi\u0161tia. V jednej triede s Petrou Csom\u00f3sovou a Sofiou Mekou sa \u017eia\u010di mohli z\u00fa\u010dastni\u0165 na predn\u00e1\u0161ke o pod\u00e1vani prvej pomoci pri krv\u00e1caniach a zlomenin\u00e1ch. \u017diaci si nacvi\u010dovali obv\u00e4zov\u00fa techniku. V druhej triede s Jenifer Kov\u00e1csovou a Nikolou Brinzovou mali \u017eiaci mo\u017enos\u0165 vysk\u00fa\u0161a\u0165 r\u00f4zne polohy , pren\u00e1\u0161anie &#8222;zranen\u00e9ho&#8220; a vyslobodenie z havarovan\u00e9ho auta. Po ka\u017edej predn\u00e1\u0161ke sme upozornili \u017eiakov, aby to v\u0161etko \u010do sa nau\u010dili vyu\u017e\u00edvali v\u00a0pr\u00edpade potreby nielen v \u0161kole ale aj doma, alebo kdeko\u013evek to bude potrebn\u00e9. V telocvi\u010dni p\u00e1n z\u00e1chran\u00e1r uk\u00e1zal spr\u00e1vne vyu\u017e\u00edvanie KPR a vysvetlil presn\u00fd postup. \u017diaci si u\u017eili de\u0148 z\u00e1rove\u0148 aj my s nimi a te\u0161\u00edme sa na \u010fal\u0161ie stretnutie. Na z\u00e1ver by sme sa chceli po\u010fakova\u0165 pani profesorke PhDr. Katar\u00edne Drugdovej, za mo\u017enos\u0165 a za celkov\u00e9 vedomosti a zru\u010dnosti, \u00a0ktor\u00e9 sme z\u00edskali \u00a0na prvej pomoci.<\/p>\n\n\n\n<p>Jenifer 4. B<\/p>\n","protected":false},"excerpt":{"rendered":"<p>Utorkov&eacute; r&aacute;no 14.9.2021 sme op&auml;&#357; mohli opr&aacute;&scaron;i&#357; n&aacute;&scaron; program Zdravotnej v&yacute;chovy na z&aacute;kladn&yacute;ch &scaron;kol&aacute;ch.&nbsp; Nav&scaron;t&iacute;vili sme Z&Scaron; v Div&iacute;ne. Pedagogick&yacute; zbor aj &#382;iaci n&aacute;s priv&iacute;tali a&nbsp;v&nbsp;jednotliv&yacute;ch<span class=\"excerpt-hellip\"> [\u2026]<\/span><\/p>\n","protected":false},"author":2,"featured_media":13715,"comment_status":"closed","ping_status":"closed","sticky":false,"template":"","format":"standard","meta":{"footnotes":""},"categories":[8],"tags":[],"class_list":["post-13710","post","type-post","status-publish","format-standard","has-post-thumbnail","hentry","category-ine"],"aioseo_notices":[],"_links":{"self":[{"href":"https:\/\/szslucnalc.sk\/index.php?rest_route=\/wp\/v2\/posts\/13710","targetHints":{"allow":["GET"]}}],"collection":[{"href":"https:\/\/szslucnalc.sk\/index.php?rest_route=\/wp\/v2\/posts"}],"about":[{"href":"https:\/\/szslucnalc.sk\/index.php?rest_route=\/wp\/v2\/types\/post"}],"author":[{"embeddable":true,"href":"https:\/\/szslucnalc.sk\/index.php?rest_route=\/wp\/v2\/users\/2"}],"replies":[{"embeddable":true,"href":"https:\/\/szslucnalc.sk\/index.php?rest_route=%2Fwp%2Fv2%2Fcomments&post=13710"}],"version-history":[{"count":2,"href":"https:\/\/szslucnalc.sk\/index.php?rest_route=\/wp\/v2\/posts\/13710\/revisions"}],"predecessor-version":[{"id":13739,"href":"https:\/\/szslucnalc.sk\/index.php?rest_route=\/wp\/v2\/posts\/13710\/revisions\/13739"}],"wp:featuredmedia":[{"embeddable":true,"href":"https:\/\/szslucnalc.sk\/index.php?rest_route=\/wp\/v2\/media\/13715"}],"wp:attachment":[{"href":"https:\/\/szslucnalc.sk\/index.php?rest_route=%2Fwp%2Fv2%2Fmedia&parent=13710"}],"wp:term":[{"taxonomy":"category","embeddable":true,"href":"https:\/\/szslucnalc.sk\/index.php?rest_route=%2Fwp%2Fv2%2Fcategories&post=13710"},{"taxonomy":"post_tag","embeddable":true,"href":"https:\/\/szslucnalc.sk\/index.php?rest_route=%2Fwp%2Fv2%2Ftags&post=13710"}],"curies":[{"name":"wp","href":"https:\/\/api.w.org\/{rel}","templated":true}]}}