{"id":13740,"date":"2021-09-19T19:14:09","date_gmt":"2021-09-19T17:14:09","guid":{"rendered":"https:\/\/szslucnalc.sk\/?p=13740"},"modified":"2021-09-19T19:23:47","modified_gmt":"2021-09-19T17:23:47","slug":"prvy-tyzden-v-brne-s-erasmus-uspesne-za-nami","status":"publish","type":"post","link":"https:\/\/szslucnalc.sk\/?p=13740","title":{"rendered":"Prv\u00fd t\u00fd\u017ede\u0148 v Brne s Erasmus + \u00faspe\u0161ne za nami."},"content":{"rendered":"\n<p class=\"wp-block-paragraph\">Prv\u00fd t\u00fd\u017ede\u0148 odbornej klinickej praxe v Brne je \u00faspe\u0161ne za nami. M\u00f4\u017eeme len kon\u0161tatova\u0165, \u017ee realita prev\u00fd\u0161ila na\u0161e o\u010dak\u00e1vania. A&nbsp;to nie len po str\u00e1nke odbornej, ale aj z&nbsp;poh\u013eadu pr\u00edstupu \u013eud\u00ed k&nbsp;n\u00e1m, ochote r\u00f4zne veci vysvetli\u0165, ale aj poradi\u0165. Zasko\u010dil n\u00e1s jedine \u010das za\u010diatku odbornej klinickej praxe. &nbsp;Do are\u00e1lu nemocnice prich\u00e1dzame za&nbsp;tmy, preto\u017ee na oddelen\u00ed m\u00e1me by\u0165 5:50, lebo prax za\u010d\u00edna o&nbsp;06,00 hod. Ale aj toto sme spolo\u010dn\u00fdmi silami &#8211;&nbsp;vz\u00e1jomn\u00fdm buden\u00edm sa zvl\u00e1dli. V\u010faka Erasmu + n\u00e1m bolo umo\u017enen\u00e9 nahliadnu\u0165 do chodu jednotliv\u00fdch oddelen\u00ed a&nbsp;sta\u0165 sa \u010dlenmi o\u0161etrovate\u013esk\u00fdch t\u00edmov, ale aj nazrie\u0165 na \u0161pecializovan\u00e9 pracovisk\u00e1. Sme si vedom\u00ed, \u017ee prija\u0165 exkurzie za pln\u00e9ho chodu oddelenia je n\u00e1ro\u010dn\u00e9, o&nbsp;to viac si v\u00e1\u017eime t\u00fato mo\u017enos\u0165. Vo \u0161tvrtok sme nav\u0161t\u00edvili v r\u00e1mci FNUSA Kliniku zobrazovac\u00edch met\u00f3d a&nbsp;taktie\u017e Transf\u00faznu stanicu. V&nbsp;piatok sme boli vo Fakultnej nemocnici Brno -Bohunice, kde sme absolvovali exkurziu v&nbsp;Endoskopickom centre a&nbsp;n\u00e1sledne v&nbsp;Hemodialyza\u010dnom centre. Tieto exkurzie sme absolvovali v\u010faka Strednej zdravotn\u00edckej \u0161kole Brno, Jaselsk\u00e1, &#8211; jej \u017eiakom z 3.A triedy. &nbsp;Patr\u00ed im za to na\u0161e obrovsk\u00e9 \u010eAKUJEME.<\/p>\n\n\n\n<p class=\"wp-block-paragraph\">Akt\u00edvne sme boli aj vo vo\u013enom \u010dase. Nav\u0161t\u00edvili sme prekr\u00e1snu dominantu Brna hrad \u0160pilberk, ale netradi\u010dnou aktivitou bola aj n\u00e1v\u0161teva protiat\u00f3mov\u00e9ho krytu 10-Z. Samozrejme sme priebe\u017ene br\u00e1zdili historick\u00e9 centrum, kde sme v\u017edy objavili nov\u00e9 a&nbsp;nov\u00e9 uli\u010dky, no a&nbsp;neobi\u0161li sme ani n\u00e1kupn\u00e9 centr\u00e1. V&nbsp;nasleduj\u00facom t\u00fd\u017edni n\u00e1s u\u017e \u010dak\u00e1 viac praxe na pridelen\u00fdch oddeleniach, obohaten\u00fd o&nbsp;zauj\u00edmav\u00fa exkurziu na I. IKAK,&nbsp; pod veden\u00edm Mgr. Angeliky Hergelovej.<\/p>\n\n\n\n<p class=\"has-text-align-right wp-block-paragraph\">Stanka Krn\u00e1\u010dov\u00e1<\/p>\n","protected":false},"excerpt":{"rendered":"<p>Prv&yacute; t&yacute;&#382;de&#328; odbornej klinickej praxe v Brne je &uacute;spe&scaron;ne za nami. M&ocirc;&#382;eme len kon&scaron;tatova&#357;, &#382;e realita prev&yacute;&scaron;ila na&scaron;e o&#269;ak&aacute;vania. A&nbsp;to nie len po str&aacute;nke odbornej, ale<span class=\"excerpt-hellip\"> [\u2026]<\/span><\/p>\n","protected":false},"author":2,"featured_media":13751,"comment_status":"closed","ping_status":"closed","sticky":false,"template":"","format":"standard","meta":{"footnotes":""},"categories":[7],"tags":[],"class_list":["post-13740","post","type-post","status-publish","format-standard","has-post-thumbnail","hentry","category-profesia"],"aioseo_notices":[],"aioseo_head":"\n\t\t<!-- All in One SEO 5.0.0.1 - aioseo.com -->\n\t<meta name=\"description\" content=\"Prv\u00fd t\u00fd\u017ede\u0148 odbornej klinickej praxe v Brne je \u00faspe\u0161ne za nami. M\u00f4\u017eeme len kon\u0161tatova\u0165, \u017ee realita prev\u00fd\u0161ila na\u0161e o\u010dak\u00e1vania. A to nie len po str\u00e1nke odbornej, ale aj z poh\u013eadu pr\u00edstupu \u013eud\u00ed k n\u00e1m, ochote r\u00f4zne veci vysvetli\u0165, ale aj poradi\u0165. Zasko\u010dil n\u00e1s jedine \u010das za\u010diatku odbornej klinickej praxe. Do are\u00e1lu nemocnice prich\u00e1dzame za tmy, preto\u017ee na oddelen\u00ed m\u00e1me\" \/>\n\t<meta name=\"robots\" content=\"max-image-preview:large\" \/>\n\t<meta name=\"author\" content=\"Miroslav Sekula\"\/>\n\t<link rel=\"canonical\" href=\"https:\/\/szslucnalc.sk\/?p=13740\" \/>\n\t<meta name=\"generator\" content=\"All in One SEO (AIOSEO) 5.0.0.1\" \/>\n\t\t<meta property=\"og:locale\" content=\"sk_SK\" \/>\n\t\t<meta property=\"og:site_name\" content=\"Stredn\u00e1 zdravotn\u00edcka \u0161kola Lu\u010denec - Stredn\u00e1 zdravotn\u00edcka \u0161kola\" \/>\n\t\t<meta property=\"og:type\" content=\"article\" \/>\n\t\t<meta property=\"og:title\" content=\"Prv\u00fd t\u00fd\u017ede\u0148 v Brne s Erasmus + \u00faspe\u0161ne za nami. - Stredn\u00e1 zdravotn\u00edcka \u0161kola Lu\u010denec\" \/>\n\t\t<meta property=\"og:description\" content=\"Prv\u00fd t\u00fd\u017ede\u0148 odbornej klinickej praxe v Brne je \u00faspe\u0161ne za nami. M\u00f4\u017eeme len kon\u0161tatova\u0165, \u017ee realita prev\u00fd\u0161ila na\u0161e o\u010dak\u00e1vania. A to nie len po str\u00e1nke odbornej, ale aj z poh\u013eadu pr\u00edstupu \u013eud\u00ed k n\u00e1m, ochote r\u00f4zne veci vysvetli\u0165, ale aj poradi\u0165. Zasko\u010dil n\u00e1s jedine \u010das za\u010diatku odbornej klinickej praxe. Do are\u00e1lu nemocnice prich\u00e1dzame za tmy, preto\u017ee na oddelen\u00ed m\u00e1me\" \/>\n\t\t<meta property=\"og:url\" content=\"https:\/\/szslucnalc.sk\/?p=13740\" \/>\n\t\t<meta property=\"og:image\" content=\"https:\/\/szslucnalc.sk\/wp-content\/uploads\/2021\/09\/image1-scaled.jpeg\" \/>\n\t\t<meta property=\"og:image:secure_url\" content=\"https:\/\/szslucnalc.sk\/wp-content\/uploads\/2021\/09\/image1-scaled.jpeg\" \/>\n\t\t<meta property=\"og:image:width\" content=\"2560\" \/>\n\t\t<meta property=\"og:image:height\" content=\"1920\" \/>\n\t\t<meta property=\"article:published_time\" content=\"2021-09-19T17:14:09+00:00\" \/>\n\t\t<meta property=\"article:modified_time\" content=\"2021-09-19T17:23:47+00:00\" \/>\n\t\t<meta name=\"twitter:card\" content=\"summary_large_image\" \/>\n\t\t<meta name=\"twitter:title\" content=\"Prv\u00fd t\u00fd\u017ede\u0148 v Brne s Erasmus + \u00faspe\u0161ne za nami. - Stredn\u00e1 zdravotn\u00edcka \u0161kola Lu\u010denec\" \/>\n\t\t<meta name=\"twitter:description\" content=\"Prv\u00fd t\u00fd\u017ede\u0148 odbornej klinickej praxe v Brne je \u00faspe\u0161ne za nami. M\u00f4\u017eeme len kon\u0161tatova\u0165, \u017ee realita prev\u00fd\u0161ila na\u0161e o\u010dak\u00e1vania. A to nie len po str\u00e1nke odbornej, ale aj z poh\u013eadu pr\u00edstupu \u013eud\u00ed k n\u00e1m, ochote r\u00f4zne veci vysvetli\u0165, ale aj poradi\u0165. Zasko\u010dil n\u00e1s jedine \u010das za\u010diatku odbornej klinickej praxe. Do are\u00e1lu nemocnice prich\u00e1dzame za tmy, preto\u017ee na oddelen\u00ed m\u00e1me\" \/>\n\t\t<meta name=\"twitter:image\" content=\"https:\/\/szslucnalc.sk\/wp-content\/uploads\/2021\/09\/image1-scaled.jpeg\" \/>\n\t\t<script type=\"application\/ld+json\" class=\"aioseo-schema\">\n\t\t\t{\"@context\":\"https:\\\/\\\/schema.org\",\"@graph\":[{\"@type\":\"BlogPosting\",\"@id\":\"https:\\\/\\\/szslucnalc.sk\\\/?p=13740#blogposting\",\"name\":\"Prv\\u00fd t\\u00fd\\u017ede\\u0148 v Brne s Erasmus + \\u00faspe\\u0161ne za nami. - Stredn\\u00e1 zdravotn\\u00edcka \\u0161kola Lu\\u010denec\",\"headline\":\"Prv\\u00fd t\\u00fd\\u017ede\\u0148 v Brne s Erasmus + \\u00faspe\\u0161ne za nami.\",\"author\":{\"@id\":\"https:\\\/\\\/szslucnalc.sk\\\/?author=2#author\"},\"publisher\":{\"@id\":\"https:\\\/\\\/szslucnalc.sk\\\/#organization\"},\"image\":{\"@type\":\"ImageObject\",\"url\":\"https:\\\/\\\/szslucnalc.sk\\\/wp-content\\\/uploads\\\/2021\\\/09\\\/image1-scaled.jpeg\",\"width\":2560,\"height\":1920},\"datePublished\":\"2021-09-19T19:14:09+02:00\",\"dateModified\":\"2021-09-19T19:23:47+02:00\",\"inLanguage\":\"sk-SK\",\"mainEntityOfPage\":{\"@id\":\"https:\\\/\\\/szslucnalc.sk\\\/?p=13740#webpage\"},\"isPartOf\":{\"@id\":\"https:\\\/\\\/szslucnalc.sk\\\/?p=13740#webpage\"},\"articleSection\":\"Profesia\"},{\"@type\":\"BreadcrumbList\",\"@id\":\"https:\\\/\\\/szslucnalc.sk\\\/?p=13740#breadcrumblist\",\"itemListElement\":[{\"@type\":\"ListItem\",\"@id\":\"https:\\\/\\\/szslucnalc.sk#listItem\",\"position\":1,\"name\":\"Home\",\"item\":\"https:\\\/\\\/szslucnalc.sk\",\"nextItem\":{\"@type\":\"ListItem\",\"@id\":\"https:\\\/\\\/szslucnalc.sk\\\/?cat=7#listItem\",\"name\":\"Profesia\"}},{\"@type\":\"ListItem\",\"@id\":\"https:\\\/\\\/szslucnalc.sk\\\/?cat=7#listItem\",\"position\":2,\"name\":\"Profesia\",\"item\":\"https:\\\/\\\/szslucnalc.sk\\\/?cat=7\",\"nextItem\":{\"@type\":\"ListItem\",\"@id\":\"https:\\\/\\\/szslucnalc.sk\\\/?p=13740#listItem\",\"name\":\"Prv\\u00fd t\\u00fd\\u017ede\\u0148 v Brne s Erasmus + \\u00faspe\\u0161ne za nami.\"},\"previousItem\":{\"@type\":\"ListItem\",\"@id\":\"https:\\\/\\\/szslucnalc.sk#listItem\",\"name\":\"Home\"}},{\"@type\":\"ListItem\",\"@id\":\"https:\\\/\\\/szslucnalc.sk\\\/?p=13740#listItem\",\"position\":3,\"name\":\"Prv\\u00fd t\\u00fd\\u017ede\\u0148 v Brne s Erasmus + \\u00faspe\\u0161ne za nami.\",\"previousItem\":{\"@type\":\"ListItem\",\"@id\":\"https:\\\/\\\/szslucnalc.sk\\\/?cat=7#listItem\",\"name\":\"Profesia\"}}]},{\"@type\":\"Organization\",\"@id\":\"https:\\\/\\\/szslucnalc.sk\\\/#organization\",\"name\":\"Stredn\\u00e1 zdravotn\\u00edcka \\u0161kola Lu\\u010denec\",\"description\":\"Stredn\\u00e1 zdravotn\\u00edcka \\u0161kola\",\"url\":\"https:\\\/\\\/szslucnalc.sk\\\/\"},{\"@type\":\"Person\",\"@id\":\"https:\\\/\\\/szslucnalc.sk\\\/?author=2#author\",\"url\":\"https:\\\/\\\/szslucnalc.sk\\\/?author=2\",\"name\":\"Miroslav Sekula\"},{\"@type\":\"WebPage\",\"@id\":\"https:\\\/\\\/szslucnalc.sk\\\/?p=13740#webpage\",\"url\":\"https:\\\/\\\/szslucnalc.sk\\\/?p=13740\",\"name\":\"Prv\\u00fd t\\u00fd\\u017ede\\u0148 v Brne s Erasmus + \\u00faspe\\u0161ne za nami. - Stredn\\u00e1 zdravotn\\u00edcka \\u0161kola Lu\\u010denec\",\"description\":\"Prv\\u00fd t\\u00fd\\u017ede\\u0148 odbornej klinickej praxe v Brne je \\u00faspe\\u0161ne za nami. M\\u00f4\\u017eeme len kon\\u0161tatova\\u0165, \\u017ee realita prev\\u00fd\\u0161ila na\\u0161e o\\u010dak\\u00e1vania. A to nie len po str\\u00e1nke odbornej, ale aj z poh\\u013eadu pr\\u00edstupu \\u013eud\\u00ed k n\\u00e1m, ochote r\\u00f4zne veci vysvetli\\u0165, ale aj poradi\\u0165. Zasko\\u010dil n\\u00e1s jedine \\u010das za\\u010diatku odbornej klinickej praxe. Do are\\u00e1lu nemocnice prich\\u00e1dzame za tmy, preto\\u017ee na oddelen\\u00ed m\\u00e1me\",\"inLanguage\":\"sk-SK\",\"isPartOf\":{\"@id\":\"https:\\\/\\\/szslucnalc.sk\\\/#website\"},\"breadcrumb\":{\"@id\":\"https:\\\/\\\/szslucnalc.sk\\\/?p=13740#breadcrumblist\"},\"author\":{\"@id\":\"https:\\\/\\\/szslucnalc.sk\\\/?author=2#author\"},\"creator\":{\"@id\":\"https:\\\/\\\/szslucnalc.sk\\\/?author=2#author\"},\"image\":{\"@type\":\"ImageObject\",\"url\":\"https:\\\/\\\/szslucnalc.sk\\\/wp-content\\\/uploads\\\/2021\\\/09\\\/image1-scaled.jpeg\",\"@id\":\"https:\\\/\\\/szslucnalc.sk\\\/?p=13740\\\/#mainImage\",\"width\":2560,\"height\":1920},\"primaryImageOfPage\":{\"@id\":\"https:\\\/\\\/szslucnalc.sk\\\/?p=13740#mainImage\"},\"datePublished\":\"2021-09-19T19:14:09+02:00\",\"dateModified\":\"2021-09-19T19:23:47+02:00\"},{\"@type\":\"WebSite\",\"@id\":\"https:\\\/\\\/szslucnalc.sk\\\/#website\",\"url\":\"https:\\\/\\\/szslucnalc.sk\\\/\",\"name\":\"Stredn\\u00e1 zdravotn\\u00edcka \\u0161kola Lu\\u010denec\",\"description\":\"Stredn\\u00e1 zdravotn\\u00edcka \\u0161kola\",\"inLanguage\":\"sk-SK\",\"publisher\":{\"@id\":\"https:\\\/\\\/szslucnalc.sk\\\/#organization\"}}]}\n\t\t<\/script>\n\t\t<!-- All in One SEO -->\n\n","aioseo_head_json":{"title":"Prv\u00fd t\u00fd\u017ede\u0148 v Brne s Erasmus + \u00faspe\u0161ne za nami. - Stredn\u00e1 zdravotn\u00edcka \u0161kola Lu\u010denec","description":"Prv\u00fd t\u00fd\u017ede\u0148 odbornej klinickej praxe v Brne je \u00faspe\u0161ne za nami. M\u00f4\u017eeme len kon\u0161tatova\u0165, \u017ee realita prev\u00fd\u0161ila na\u0161e o\u010dak\u00e1vania. A to nie len po str\u00e1nke odbornej, ale aj z poh\u013eadu pr\u00edstupu \u013eud\u00ed k n\u00e1m, ochote r\u00f4zne veci vysvetli\u0165, ale aj poradi\u0165. Zasko\u010dil n\u00e1s jedine \u010das za\u010diatku odbornej klinickej praxe. Do are\u00e1lu nemocnice prich\u00e1dzame za tmy, preto\u017ee na oddelen\u00ed m\u00e1me","canonical_url":"https:\/\/szslucnalc.sk\/?p=13740","robots":"max-image-preview:large","keywords":"","webmasterTools":{"miscellaneous":""},"schema":{"@context":"https:\/\/schema.org","@graph":[{"@type":"BlogPosting","@id":"https:\/\/szslucnalc.sk\/?p=13740#blogposting","name":"Prv\u00fd t\u00fd\u017ede\u0148 v Brne s Erasmus + \u00faspe\u0161ne za nami. - Stredn\u00e1 zdravotn\u00edcka \u0161kola Lu\u010denec","headline":"Prv\u00fd t\u00fd\u017ede\u0148 v Brne s Erasmus + \u00faspe\u0161ne za nami.","author":{"@id":"https:\/\/szslucnalc.sk\/?author=2#author"},"publisher":{"@id":"https:\/\/szslucnalc.sk\/#organization"},"image":{"@type":"ImageObject","url":"https:\/\/szslucnalc.sk\/wp-content\/uploads\/2021\/09\/image1-scaled.jpeg","width":2560,"height":1920},"datePublished":"2021-09-19T19:14:09+02:00","dateModified":"2021-09-19T19:23:47+02:00","inLanguage":"sk-SK","mainEntityOfPage":{"@id":"https:\/\/szslucnalc.sk\/?p=13740#webpage"},"isPartOf":{"@id":"https:\/\/szslucnalc.sk\/?p=13740#webpage"},"articleSection":"Profesia"},{"@type":"BreadcrumbList","@id":"https:\/\/szslucnalc.sk\/?p=13740#breadcrumblist","itemListElement":[{"@type":"ListItem","@id":"https:\/\/szslucnalc.sk#listItem","position":1,"name":"Home","item":"https:\/\/szslucnalc.sk","nextItem":{"@type":"ListItem","@id":"https:\/\/szslucnalc.sk\/?cat=7#listItem","name":"Profesia"}},{"@type":"ListItem","@id":"https:\/\/szslucnalc.sk\/?cat=7#listItem","position":2,"name":"Profesia","item":"https:\/\/szslucnalc.sk\/?cat=7","nextItem":{"@type":"ListItem","@id":"https:\/\/szslucnalc.sk\/?p=13740#listItem","name":"Prv\u00fd t\u00fd\u017ede\u0148 v Brne s Erasmus + \u00faspe\u0161ne za nami."},"previousItem":{"@type":"ListItem","@id":"https:\/\/szslucnalc.sk#listItem","name":"Home"}},{"@type":"ListItem","@id":"https:\/\/szslucnalc.sk\/?p=13740#listItem","position":3,"name":"Prv\u00fd t\u00fd\u017ede\u0148 v Brne s Erasmus + \u00faspe\u0161ne za nami.","previousItem":{"@type":"ListItem","@id":"https:\/\/szslucnalc.sk\/?cat=7#listItem","name":"Profesia"}}]},{"@type":"Organization","@id":"https:\/\/szslucnalc.sk\/#organization","name":"Stredn\u00e1 zdravotn\u00edcka \u0161kola Lu\u010denec","description":"Stredn\u00e1 zdravotn\u00edcka \u0161kola","url":"https:\/\/szslucnalc.sk\/"},{"@type":"Person","@id":"https:\/\/szslucnalc.sk\/?author=2#author","url":"https:\/\/szslucnalc.sk\/?author=2","name":"Miroslav Sekula"},{"@type":"WebPage","@id":"https:\/\/szslucnalc.sk\/?p=13740#webpage","url":"https:\/\/szslucnalc.sk\/?p=13740","name":"Prv\u00fd t\u00fd\u017ede\u0148 v Brne s Erasmus + \u00faspe\u0161ne za nami. - Stredn\u00e1 zdravotn\u00edcka \u0161kola Lu\u010denec","description":"Prv\u00fd t\u00fd\u017ede\u0148 odbornej klinickej praxe v Brne je \u00faspe\u0161ne za nami. M\u00f4\u017eeme len kon\u0161tatova\u0165, \u017ee realita prev\u00fd\u0161ila na\u0161e o\u010dak\u00e1vania. A to nie len po str\u00e1nke odbornej, ale aj z poh\u013eadu pr\u00edstupu \u013eud\u00ed k n\u00e1m, ochote r\u00f4zne veci vysvetli\u0165, ale aj poradi\u0165. Zasko\u010dil n\u00e1s jedine \u010das za\u010diatku odbornej klinickej praxe. Do are\u00e1lu nemocnice prich\u00e1dzame za tmy, preto\u017ee na oddelen\u00ed m\u00e1me","inLanguage":"sk-SK","isPartOf":{"@id":"https:\/\/szslucnalc.sk\/#website"},"breadcrumb":{"@id":"https:\/\/szslucnalc.sk\/?p=13740#breadcrumblist"},"author":{"@id":"https:\/\/szslucnalc.sk\/?author=2#author"},"creator":{"@id":"https:\/\/szslucnalc.sk\/?author=2#author"},"image":{"@type":"ImageObject","url":"https:\/\/szslucnalc.sk\/wp-content\/uploads\/2021\/09\/image1-scaled.jpeg","@id":"https:\/\/szslucnalc.sk\/?p=13740\/#mainImage","width":2560,"height":1920},"primaryImageOfPage":{"@id":"https:\/\/szslucnalc.sk\/?p=13740#mainImage"},"datePublished":"2021-09-19T19:14:09+02:00","dateModified":"2021-09-19T19:23:47+02:00"},{"@type":"WebSite","@id":"https:\/\/szslucnalc.sk\/#website","url":"https:\/\/szslucnalc.sk\/","name":"Stredn\u00e1 zdravotn\u00edcka \u0161kola Lu\u010denec","description":"Stredn\u00e1 zdravotn\u00edcka \u0161kola","inLanguage":"sk-SK","publisher":{"@id":"https:\/\/szslucnalc.sk\/#organization"}}]},"og:locale":"sk_SK","og:site_name":"Stredn\u00e1 zdravotn\u00edcka \u0161kola Lu\u010denec - Stredn\u00e1 zdravotn\u00edcka \u0161kola","og:type":"article","og:title":"Prv\u00fd t\u00fd\u017ede\u0148 v Brne s Erasmus + \u00faspe\u0161ne za nami. - Stredn\u00e1 zdravotn\u00edcka \u0161kola Lu\u010denec","og:description":"Prv\u00fd t\u00fd\u017ede\u0148 odbornej klinickej praxe v Brne je \u00faspe\u0161ne za nami. M\u00f4\u017eeme len kon\u0161tatova\u0165, \u017ee realita prev\u00fd\u0161ila na\u0161e o\u010dak\u00e1vania. A to nie len po str\u00e1nke odbornej, ale aj z poh\u013eadu pr\u00edstupu \u013eud\u00ed k n\u00e1m, ochote r\u00f4zne veci vysvetli\u0165, ale aj poradi\u0165. Zasko\u010dil n\u00e1s jedine \u010das za\u010diatku odbornej klinickej praxe. Do are\u00e1lu nemocnice prich\u00e1dzame za tmy, preto\u017ee na oddelen\u00ed m\u00e1me","og:url":"https:\/\/szslucnalc.sk\/?p=13740","og:image":"https:\/\/szslucnalc.sk\/wp-content\/uploads\/2021\/09\/image1-scaled.jpeg","og:image:secure_url":"https:\/\/szslucnalc.sk\/wp-content\/uploads\/2021\/09\/image1-scaled.jpeg","og:image:width":2560,"og:image:height":1920,"article:published_time":"2021-09-19T17:14:09+00:00","article:modified_time":"2021-09-19T17:23:47+00:00","twitter:card":"summary_large_image","twitter:title":"Prv\u00fd t\u00fd\u017ede\u0148 v Brne s Erasmus + \u00faspe\u0161ne za nami. - Stredn\u00e1 zdravotn\u00edcka \u0161kola Lu\u010denec","twitter:description":"Prv\u00fd t\u00fd\u017ede\u0148 odbornej klinickej praxe v Brne je \u00faspe\u0161ne za nami. M\u00f4\u017eeme len kon\u0161tatova\u0165, \u017ee realita prev\u00fd\u0161ila na\u0161e o\u010dak\u00e1vania. A to nie len po str\u00e1nke odbornej, ale aj z poh\u013eadu pr\u00edstupu \u013eud\u00ed k n\u00e1m, ochote r\u00f4zne veci vysvetli\u0165, ale aj poradi\u0165. Zasko\u010dil n\u00e1s jedine \u010das za\u010diatku odbornej klinickej praxe. Do are\u00e1lu nemocnice prich\u00e1dzame za tmy, preto\u017ee na oddelen\u00ed m\u00e1me","twitter:image":"https:\/\/szslucnalc.sk\/wp-content\/uploads\/2021\/09\/image1-scaled.jpeg"},"aioseo_meta_data":{"post_id":"13740","title":null,"description":null,"keywords":null,"keyphrases":null,"primary_term":null,"canonical_url":null,"og_title":null,"og_description":null,"og_object_type":"default","og_image_type":"default","og_image_url":null,"og_image_width":null,"og_image_height":null,"og_image_custom_url":null,"og_image_custom_fields":null,"og_video":null,"og_custom_url":null,"og_article_section":null,"og_article_tags":null,"twitter_use_og":false,"twitter_card":"default","twitter_image_type":"default","twitter_image_url":null,"twitter_image_custom_url":null,"twitter_image_custom_fields":null,"twitter_title":null,"twitter_description":null,"schema":{"blockGraphs":[],"customGraphs":[],"default":{"data":{"Article":[],"Course":[],"Dataset":[],"FAQPage":[],"Movie":[],"Person":[],"Product":[],"ProductReview":[],"Car":[],"Recipe":[],"Service":[],"SoftwareApplication":[],"WebPage":[]},"graphName":"","isEnabled":true},"graphs":[]},"schema_type":"default","schema_type_options":null,"pillar_content":false,"robots_default":true,"robots_noindex":false,"robots_noarchive":false,"robots_nosnippet":false,"robots_nofollow":false,"robots_noimageindex":false,"robots_noodp":false,"robots_notranslate":false,"robots_max_snippet":null,"robots_max_videopreview":null,"robots_max_imagepreview":"large","priority":null,"frequency":null,"local_seo":null,"breadcrumb_settings":null,"limit_modified_date":false,"ai":null,"created":"2023-09-15 16:58:13","updated":"2025-06-26 14:41:40","seo_analyzer_scan_date":null,"focus_keyword":null,"additional_keywords":null,"truseo_locale":null},"aioseo_breadcrumb":"<div class=\"aioseo-breadcrumbs\"><span class=\"aioseo-breadcrumb\">\n\t\t\t<a href=\"https:\/\/szslucnalc.sk\" title=\"Home\">Home<\/a>\n\t\t<\/span><span class=\"aioseo-breadcrumb-separator\">&raquo;<\/span><span class=\"aioseo-breadcrumb\">\n\t\t\t<a href=\"https:\/\/szslucnalc.sk\/?cat=7\" title=\"Profesia\">Profesia<\/a>\n\t\t<\/span><span class=\"aioseo-breadcrumb-separator\">&raquo;<\/span><span class=\"aioseo-breadcrumb\">\n\t\t\tPrv\u00fd t\u00fd\u017ede\u0148 v Brne s Erasmus + \u00faspe\u0161ne za nami.\n\t\t<\/span><\/div>","aioseo_breadcrumb_json":[{"label":"Home","link":"https:\/\/szslucnalc.sk"},{"label":"Profesia","link":"https:\/\/szslucnalc.sk\/?cat=7"},{"label":"Prv\u00fd t\u00fd\u017ede\u0148 v Brne s Erasmus + \u00faspe\u0161ne za nami.","link":"https:\/\/szslucnalc.sk\/?p=13740"}],"_links":{"self":[{"href":"https:\/\/szslucnalc.sk\/index.php?rest_route=\/wp\/v2\/posts\/13740","targetHints":{"allow":["GET"]}}],"collection":[{"href":"https:\/\/szslucnalc.sk\/index.php?rest_route=\/wp\/v2\/posts"}],"about":[{"href":"https:\/\/szslucnalc.sk\/index.php?rest_route=\/wp\/v2\/types\/post"}],"author":[{"embeddable":true,"href":"https:\/\/szslucnalc.sk\/index.php?rest_route=\/wp\/v2\/users\/2"}],"replies":[{"embeddable":true,"href":"https:\/\/szslucnalc.sk\/index.php?rest_route=%2Fwp%2Fv2%2Fcomments&post=13740"}],"version-history":[{"count":2,"href":"https:\/\/szslucnalc.sk\/index.php?rest_route=\/wp\/v2\/posts\/13740\/revisions"}],"predecessor-version":[{"id":13758,"href":"https:\/\/szslucnalc.sk\/index.php?rest_route=\/wp\/v2\/posts\/13740\/revisions\/13758"}],"wp:featuredmedia":[{"embeddable":true,"href":"https:\/\/szslucnalc.sk\/index.php?rest_route=\/wp\/v2\/media\/13751"}],"wp:attachment":[{"href":"https:\/\/szslucnalc.sk\/index.php?rest_route=%2Fwp%2Fv2%2Fmedia&parent=13740"}],"wp:term":[{"taxonomy":"category","embeddable":true,"href":"https:\/\/szslucnalc.sk\/index.php?rest_route=%2Fwp%2Fv2%2Fcategories&post=13740"},{"taxonomy":"post_tag","embeddable":true,"href":"https:\/\/szslucnalc.sk\/index.php?rest_route=%2Fwp%2Fv2%2Ftags&post=13740"}],"curies":[{"name":"wp","href":"https:\/\/api.w.org\/{rel}","templated":true}]}}