{"id":13801,"date":"2021-09-23T08:28:43","date_gmt":"2021-09-23T06:28:43","guid":{"rendered":"https:\/\/szslucnalc.sk\/?p=13801"},"modified":"2021-09-23T08:29:36","modified_gmt":"2021-09-23T06:29:36","slug":"jedina-stredoskolacka-z-lucenca-na-krajskom-kole","status":"publish","type":"post","link":"https:\/\/szslucnalc.sk\/?p=13801","title":{"rendered":"Jedin\u00e1 stredo\u0161kol\u00e1\u010dka z Lu\u010denca na krajskom kole"},"content":{"rendered":"\n<p class=\"wp-block-paragraph\"><em>Sl\u00e1dkovi\u010dova Radva\u0148 alebo krajsk\u00e9 kolo v&nbsp;umeleckom prednese Hviezdoslavov Kub\u00edn 2021<\/em><\/p>\n\n\n\n<p class=\"wp-block-paragraph\">D\u0148a 21.septembra 2021 som sa z\u00fa\u010dastnila na &nbsp;krajskom kole s\u00fa\u0165a\u017ee Hviezdoslavov Kub\u00edn v prednese pr\u00f3zy. Sl\u00e1dkovi\u010dova Radva\u0148 sa konala v priestoroch Stredoslovensk\u00e9ho osvetov\u00e9ho strediska v Banskej Bystrici. U\u017e pri vchode do s\u00e1ly ma prepadla men\u0161ia tr\u00e9ma. Vypo\u010dula som si r\u00f4znych recit\u00e1torov, \u010di u\u017e po\u00e9zie ,alebo pr\u00f3zy. Konkurencia bola nemal\u00e1, Porota v zlo\u017een\u00ed Mgr. Evy Pro\u0161ovej, PhD., Mgr. Jaroslava Broza a Mgr. Egona Tomajka bola pr\u00edsna a rozhodovanie nemali \u013eahk\u00e9. No mus\u00edm poveda\u0165, \u017ee ka\u017ed\u00fd jeden z n\u00e1s s&nbsp;sna\u017eil, ako vedel, a pre ka\u017ed\u00e9ho z n\u00e1s to bol \u00faspech. S\u00edce som sa neumiestnila na prv\u00fdch miestach, odi\u0161la som s \u010destn\u00fdm uznan\u00edm ako \u0161tvrt\u00e1 v&nbsp;porad\u00ed, ale som rada, \u017ee som mala mo\u017enos\u0165 sa tam dosta\u0165 a z\u00edska\u0165 mnoho nov\u00fdch sk\u00fasenost\u00ed.&nbsp; \u010eakujem pani profesorke B\u00e1lintovej za pr\u00edpravu a&nbsp;podporu a&nbsp;pani Bolyo\u0161ovej z&nbsp;Novohradsk\u00e9ho osvetov\u00e9ho strediska za doprovod .<\/p>\n\n\n\n<p class=\"wp-block-paragraph\"><em>Zuzana Kalo\u010daiov\u00e1, 2.A<\/em><em><\/em><\/p>\n","protected":false},"excerpt":{"rendered":"<p>Sl&aacute;dkovi&#269;ova Radva&#328; alebo krajsk&eacute; kolo v&nbsp;umeleckom prednese Hviezdoslavov Kub&iacute;n 2021 D&#328;a 21.septembra 2021 som sa z&uacute;&#269;astnila na &nbsp;krajskom kole s&uacute;&#357;a&#382;e Hviezdoslavov Kub&iacute;n v prednese pr&oacute;zy. Sl&aacute;dkovi&#269;ova<span class=\"excerpt-hellip\"> [\u2026]<\/span><\/p>\n","protected":false},"author":2,"featured_media":13803,"comment_status":"closed","ping_status":"closed","sticky":false,"template":"","format":"standard","meta":{"footnotes":""},"categories":[8],"tags":[],"class_list":["post-13801","post","type-post","status-publish","format-standard","has-post-thumbnail","hentry","category-ine"],"aioseo_notices":[],"aioseo_head":"\n\t\t<!-- All in One SEO 5.0.0.1 - aioseo.com -->\n\t<meta name=\"description\" content=\"Sl\u00e1dkovi\u010dova Radva\u0148 alebo krajsk\u00e9 kolo v umeleckom prednese Hviezdoslavov Kub\u00edn 2021 D\u0148a 21.septembra 2021 som sa z\u00fa\u010dastnila na krajskom kole s\u00fa\u0165a\u017ee Hviezdoslavov Kub\u00edn v prednese pr\u00f3zy. Sl\u00e1dkovi\u010dova Radva\u0148 sa konala v priestoroch Stredoslovensk\u00e9ho osvetov\u00e9ho strediska v Banskej Bystrici. U\u017e pri vchode do s\u00e1ly ma prepadla men\u0161ia tr\u00e9ma. Vypo\u010dula som si r\u00f4znych recit\u00e1torov, \u010di u\u017e po\u00e9zie ,alebo\" \/>\n\t<meta name=\"robots\" content=\"max-image-preview:large\" \/>\n\t<meta name=\"author\" content=\"Miroslav Sekula\"\/>\n\t<link rel=\"canonical\" href=\"https:\/\/szslucnalc.sk\/?p=13801\" \/>\n\t<meta name=\"generator\" content=\"All in One SEO (AIOSEO) 5.0.0.1\" \/>\n\t\t<meta property=\"og:locale\" content=\"sk_SK\" \/>\n\t\t<meta property=\"og:site_name\" content=\"Stredn\u00e1 zdravotn\u00edcka \u0161kola Lu\u010denec - Stredn\u00e1 zdravotn\u00edcka \u0161kola\" \/>\n\t\t<meta property=\"og:type\" content=\"article\" \/>\n\t\t<meta property=\"og:title\" content=\"Jedin\u00e1 stredo\u0161kol\u00e1\u010dka z Lu\u010denca na krajskom kole - Stredn\u00e1 zdravotn\u00edcka \u0161kola Lu\u010denec\" \/>\n\t\t<meta property=\"og:description\" content=\"Sl\u00e1dkovi\u010dova Radva\u0148 alebo krajsk\u00e9 kolo v umeleckom prednese Hviezdoslavov Kub\u00edn 2021 D\u0148a 21.septembra 2021 som sa z\u00fa\u010dastnila na krajskom kole s\u00fa\u0165a\u017ee Hviezdoslavov Kub\u00edn v prednese pr\u00f3zy. Sl\u00e1dkovi\u010dova Radva\u0148 sa konala v priestoroch Stredoslovensk\u00e9ho osvetov\u00e9ho strediska v Banskej Bystrici. U\u017e pri vchode do s\u00e1ly ma prepadla men\u0161ia tr\u00e9ma. Vypo\u010dula som si r\u00f4znych recit\u00e1torov, \u010di u\u017e po\u00e9zie ,alebo\" \/>\n\t\t<meta property=\"og:url\" content=\"https:\/\/szslucnalc.sk\/?p=13801\" \/>\n\t\t<meta property=\"og:image\" content=\"https:\/\/szslucnalc.sk\/wp-content\/uploads\/2021\/09\/IMG_20210921_132549-scaled.jpg\" \/>\n\t\t<meta property=\"og:image:secure_url\" content=\"https:\/\/szslucnalc.sk\/wp-content\/uploads\/2021\/09\/IMG_20210921_132549-scaled.jpg\" \/>\n\t\t<meta property=\"og:image:width\" content=\"2560\" \/>\n\t\t<meta property=\"og:image:height\" content=\"1920\" \/>\n\t\t<meta property=\"article:published_time\" content=\"2021-09-23T06:28:43+00:00\" \/>\n\t\t<meta property=\"article:modified_time\" content=\"2021-09-23T06:29:36+00:00\" \/>\n\t\t<meta name=\"twitter:card\" content=\"summary_large_image\" \/>\n\t\t<meta name=\"twitter:title\" content=\"Jedin\u00e1 stredo\u0161kol\u00e1\u010dka z Lu\u010denca na krajskom kole - Stredn\u00e1 zdravotn\u00edcka \u0161kola Lu\u010denec\" \/>\n\t\t<meta name=\"twitter:description\" content=\"Sl\u00e1dkovi\u010dova Radva\u0148 alebo krajsk\u00e9 kolo v umeleckom prednese Hviezdoslavov Kub\u00edn 2021 D\u0148a 21.septembra 2021 som sa z\u00fa\u010dastnila na krajskom kole s\u00fa\u0165a\u017ee Hviezdoslavov Kub\u00edn v prednese pr\u00f3zy. Sl\u00e1dkovi\u010dova Radva\u0148 sa konala v priestoroch Stredoslovensk\u00e9ho osvetov\u00e9ho strediska v Banskej Bystrici. U\u017e pri vchode do s\u00e1ly ma prepadla men\u0161ia tr\u00e9ma. Vypo\u010dula som si r\u00f4znych recit\u00e1torov, \u010di u\u017e po\u00e9zie ,alebo\" \/>\n\t\t<meta name=\"twitter:image\" content=\"https:\/\/szslucnalc.sk\/wp-content\/uploads\/2021\/09\/IMG_20210921_132549-scaled.jpg\" \/>\n\t\t<script type=\"application\/ld+json\" class=\"aioseo-schema\">\n\t\t\t{\"@context\":\"https:\\\/\\\/schema.org\",\"@graph\":[{\"@type\":\"BlogPosting\",\"@id\":\"https:\\\/\\\/szslucnalc.sk\\\/?p=13801#blogposting\",\"name\":\"Jedin\\u00e1 stredo\\u0161kol\\u00e1\\u010dka z Lu\\u010denca na krajskom kole - Stredn\\u00e1 zdravotn\\u00edcka \\u0161kola Lu\\u010denec\",\"headline\":\"Jedin\\u00e1 stredo\\u0161kol\\u00e1\\u010dka z Lu\\u010denca na krajskom kole\",\"author\":{\"@id\":\"https:\\\/\\\/szslucnalc.sk\\\/?author=2#author\"},\"publisher\":{\"@id\":\"https:\\\/\\\/szslucnalc.sk\\\/#organization\"},\"image\":{\"@type\":\"ImageObject\",\"url\":\"https:\\\/\\\/szslucnalc.sk\\\/wp-content\\\/uploads\\\/2021\\\/09\\\/IMG_20210921_132549-scaled.jpg\",\"width\":2560,\"height\":1920},\"datePublished\":\"2021-09-23T08:28:43+02:00\",\"dateModified\":\"2021-09-23T08:29:36+02:00\",\"inLanguage\":\"sk-SK\",\"mainEntityOfPage\":{\"@id\":\"https:\\\/\\\/szslucnalc.sk\\\/?p=13801#webpage\"},\"isPartOf\":{\"@id\":\"https:\\\/\\\/szslucnalc.sk\\\/?p=13801#webpage\"},\"articleSection\":\"In\\u00e9\"},{\"@type\":\"BreadcrumbList\",\"@id\":\"https:\\\/\\\/szslucnalc.sk\\\/?p=13801#breadcrumblist\",\"itemListElement\":[{\"@type\":\"ListItem\",\"@id\":\"https:\\\/\\\/szslucnalc.sk#listItem\",\"position\":1,\"name\":\"Home\",\"item\":\"https:\\\/\\\/szslucnalc.sk\",\"nextItem\":{\"@type\":\"ListItem\",\"@id\":\"https:\\\/\\\/szslucnalc.sk\\\/?cat=8#listItem\",\"name\":\"In\\u00e9\"}},{\"@type\":\"ListItem\",\"@id\":\"https:\\\/\\\/szslucnalc.sk\\\/?cat=8#listItem\",\"position\":2,\"name\":\"In\\u00e9\",\"item\":\"https:\\\/\\\/szslucnalc.sk\\\/?cat=8\",\"nextItem\":{\"@type\":\"ListItem\",\"@id\":\"https:\\\/\\\/szslucnalc.sk\\\/?p=13801#listItem\",\"name\":\"Jedin\\u00e1 stredo\\u0161kol\\u00e1\\u010dka z Lu\\u010denca na krajskom kole\"},\"previousItem\":{\"@type\":\"ListItem\",\"@id\":\"https:\\\/\\\/szslucnalc.sk#listItem\",\"name\":\"Home\"}},{\"@type\":\"ListItem\",\"@id\":\"https:\\\/\\\/szslucnalc.sk\\\/?p=13801#listItem\",\"position\":3,\"name\":\"Jedin\\u00e1 stredo\\u0161kol\\u00e1\\u010dka z Lu\\u010denca na krajskom kole\",\"previousItem\":{\"@type\":\"ListItem\",\"@id\":\"https:\\\/\\\/szslucnalc.sk\\\/?cat=8#listItem\",\"name\":\"In\\u00e9\"}}]},{\"@type\":\"Organization\",\"@id\":\"https:\\\/\\\/szslucnalc.sk\\\/#organization\",\"name\":\"Stredn\\u00e1 zdravotn\\u00edcka \\u0161kola Lu\\u010denec\",\"description\":\"Stredn\\u00e1 zdravotn\\u00edcka \\u0161kola\",\"url\":\"https:\\\/\\\/szslucnalc.sk\\\/\"},{\"@type\":\"Person\",\"@id\":\"https:\\\/\\\/szslucnalc.sk\\\/?author=2#author\",\"url\":\"https:\\\/\\\/szslucnalc.sk\\\/?author=2\",\"name\":\"Miroslav Sekula\"},{\"@type\":\"WebPage\",\"@id\":\"https:\\\/\\\/szslucnalc.sk\\\/?p=13801#webpage\",\"url\":\"https:\\\/\\\/szslucnalc.sk\\\/?p=13801\",\"name\":\"Jedin\\u00e1 stredo\\u0161kol\\u00e1\\u010dka z Lu\\u010denca na krajskom kole - Stredn\\u00e1 zdravotn\\u00edcka \\u0161kola Lu\\u010denec\",\"description\":\"Sl\\u00e1dkovi\\u010dova Radva\\u0148 alebo krajsk\\u00e9 kolo v umeleckom prednese Hviezdoslavov Kub\\u00edn 2021 D\\u0148a 21.septembra 2021 som sa z\\u00fa\\u010dastnila na krajskom kole s\\u00fa\\u0165a\\u017ee Hviezdoslavov Kub\\u00edn v prednese pr\\u00f3zy. Sl\\u00e1dkovi\\u010dova Radva\\u0148 sa konala v priestoroch Stredoslovensk\\u00e9ho osvetov\\u00e9ho strediska v Banskej Bystrici. U\\u017e pri vchode do s\\u00e1ly ma prepadla men\\u0161ia tr\\u00e9ma. Vypo\\u010dula som si r\\u00f4znych recit\\u00e1torov, \\u010di u\\u017e po\\u00e9zie ,alebo\",\"inLanguage\":\"sk-SK\",\"isPartOf\":{\"@id\":\"https:\\\/\\\/szslucnalc.sk\\\/#website\"},\"breadcrumb\":{\"@id\":\"https:\\\/\\\/szslucnalc.sk\\\/?p=13801#breadcrumblist\"},\"author\":{\"@id\":\"https:\\\/\\\/szslucnalc.sk\\\/?author=2#author\"},\"creator\":{\"@id\":\"https:\\\/\\\/szslucnalc.sk\\\/?author=2#author\"},\"image\":{\"@type\":\"ImageObject\",\"url\":\"https:\\\/\\\/szslucnalc.sk\\\/wp-content\\\/uploads\\\/2021\\\/09\\\/IMG_20210921_132549-scaled.jpg\",\"@id\":\"https:\\\/\\\/szslucnalc.sk\\\/?p=13801\\\/#mainImage\",\"width\":2560,\"height\":1920},\"primaryImageOfPage\":{\"@id\":\"https:\\\/\\\/szslucnalc.sk\\\/?p=13801#mainImage\"},\"datePublished\":\"2021-09-23T08:28:43+02:00\",\"dateModified\":\"2021-09-23T08:29:36+02:00\"},{\"@type\":\"WebSite\",\"@id\":\"https:\\\/\\\/szslucnalc.sk\\\/#website\",\"url\":\"https:\\\/\\\/szslucnalc.sk\\\/\",\"name\":\"Stredn\\u00e1 zdravotn\\u00edcka \\u0161kola Lu\\u010denec\",\"description\":\"Stredn\\u00e1 zdravotn\\u00edcka \\u0161kola\",\"inLanguage\":\"sk-SK\",\"publisher\":{\"@id\":\"https:\\\/\\\/szslucnalc.sk\\\/#organization\"}}]}\n\t\t<\/script>\n\t\t<!-- All in One SEO -->\n\n","aioseo_head_json":{"title":"Jedin\u00e1 stredo\u0161kol\u00e1\u010dka z Lu\u010denca na krajskom kole - Stredn\u00e1 zdravotn\u00edcka \u0161kola Lu\u010denec","description":"Sl\u00e1dkovi\u010dova Radva\u0148 alebo krajsk\u00e9 kolo v umeleckom prednese Hviezdoslavov Kub\u00edn 2021 D\u0148a 21.septembra 2021 som sa z\u00fa\u010dastnila na krajskom kole s\u00fa\u0165a\u017ee Hviezdoslavov Kub\u00edn v prednese pr\u00f3zy. Sl\u00e1dkovi\u010dova Radva\u0148 sa konala v priestoroch Stredoslovensk\u00e9ho osvetov\u00e9ho strediska v Banskej Bystrici. U\u017e pri vchode do s\u00e1ly ma prepadla men\u0161ia tr\u00e9ma. Vypo\u010dula som si r\u00f4znych recit\u00e1torov, \u010di u\u017e po\u00e9zie ,alebo","canonical_url":"https:\/\/szslucnalc.sk\/?p=13801","robots":"max-image-preview:large","keywords":"","webmasterTools":{"miscellaneous":""},"schema":{"@context":"https:\/\/schema.org","@graph":[{"@type":"BlogPosting","@id":"https:\/\/szslucnalc.sk\/?p=13801#blogposting","name":"Jedin\u00e1 stredo\u0161kol\u00e1\u010dka z Lu\u010denca na krajskom kole - Stredn\u00e1 zdravotn\u00edcka \u0161kola Lu\u010denec","headline":"Jedin\u00e1 stredo\u0161kol\u00e1\u010dka z Lu\u010denca na krajskom kole","author":{"@id":"https:\/\/szslucnalc.sk\/?author=2#author"},"publisher":{"@id":"https:\/\/szslucnalc.sk\/#organization"},"image":{"@type":"ImageObject","url":"https:\/\/szslucnalc.sk\/wp-content\/uploads\/2021\/09\/IMG_20210921_132549-scaled.jpg","width":2560,"height":1920},"datePublished":"2021-09-23T08:28:43+02:00","dateModified":"2021-09-23T08:29:36+02:00","inLanguage":"sk-SK","mainEntityOfPage":{"@id":"https:\/\/szslucnalc.sk\/?p=13801#webpage"},"isPartOf":{"@id":"https:\/\/szslucnalc.sk\/?p=13801#webpage"},"articleSection":"In\u00e9"},{"@type":"BreadcrumbList","@id":"https:\/\/szslucnalc.sk\/?p=13801#breadcrumblist","itemListElement":[{"@type":"ListItem","@id":"https:\/\/szslucnalc.sk#listItem","position":1,"name":"Home","item":"https:\/\/szslucnalc.sk","nextItem":{"@type":"ListItem","@id":"https:\/\/szslucnalc.sk\/?cat=8#listItem","name":"In\u00e9"}},{"@type":"ListItem","@id":"https:\/\/szslucnalc.sk\/?cat=8#listItem","position":2,"name":"In\u00e9","item":"https:\/\/szslucnalc.sk\/?cat=8","nextItem":{"@type":"ListItem","@id":"https:\/\/szslucnalc.sk\/?p=13801#listItem","name":"Jedin\u00e1 stredo\u0161kol\u00e1\u010dka z Lu\u010denca na krajskom kole"},"previousItem":{"@type":"ListItem","@id":"https:\/\/szslucnalc.sk#listItem","name":"Home"}},{"@type":"ListItem","@id":"https:\/\/szslucnalc.sk\/?p=13801#listItem","position":3,"name":"Jedin\u00e1 stredo\u0161kol\u00e1\u010dka z Lu\u010denca na krajskom kole","previousItem":{"@type":"ListItem","@id":"https:\/\/szslucnalc.sk\/?cat=8#listItem","name":"In\u00e9"}}]},{"@type":"Organization","@id":"https:\/\/szslucnalc.sk\/#organization","name":"Stredn\u00e1 zdravotn\u00edcka \u0161kola Lu\u010denec","description":"Stredn\u00e1 zdravotn\u00edcka \u0161kola","url":"https:\/\/szslucnalc.sk\/"},{"@type":"Person","@id":"https:\/\/szslucnalc.sk\/?author=2#author","url":"https:\/\/szslucnalc.sk\/?author=2","name":"Miroslav Sekula"},{"@type":"WebPage","@id":"https:\/\/szslucnalc.sk\/?p=13801#webpage","url":"https:\/\/szslucnalc.sk\/?p=13801","name":"Jedin\u00e1 stredo\u0161kol\u00e1\u010dka z Lu\u010denca na krajskom kole - Stredn\u00e1 zdravotn\u00edcka \u0161kola Lu\u010denec","description":"Sl\u00e1dkovi\u010dova Radva\u0148 alebo krajsk\u00e9 kolo v umeleckom prednese Hviezdoslavov Kub\u00edn 2021 D\u0148a 21.septembra 2021 som sa z\u00fa\u010dastnila na krajskom kole s\u00fa\u0165a\u017ee Hviezdoslavov Kub\u00edn v prednese pr\u00f3zy. Sl\u00e1dkovi\u010dova Radva\u0148 sa konala v priestoroch Stredoslovensk\u00e9ho osvetov\u00e9ho strediska v Banskej Bystrici. U\u017e pri vchode do s\u00e1ly ma prepadla men\u0161ia tr\u00e9ma. Vypo\u010dula som si r\u00f4znych recit\u00e1torov, \u010di u\u017e po\u00e9zie ,alebo","inLanguage":"sk-SK","isPartOf":{"@id":"https:\/\/szslucnalc.sk\/#website"},"breadcrumb":{"@id":"https:\/\/szslucnalc.sk\/?p=13801#breadcrumblist"},"author":{"@id":"https:\/\/szslucnalc.sk\/?author=2#author"},"creator":{"@id":"https:\/\/szslucnalc.sk\/?author=2#author"},"image":{"@type":"ImageObject","url":"https:\/\/szslucnalc.sk\/wp-content\/uploads\/2021\/09\/IMG_20210921_132549-scaled.jpg","@id":"https:\/\/szslucnalc.sk\/?p=13801\/#mainImage","width":2560,"height":1920},"primaryImageOfPage":{"@id":"https:\/\/szslucnalc.sk\/?p=13801#mainImage"},"datePublished":"2021-09-23T08:28:43+02:00","dateModified":"2021-09-23T08:29:36+02:00"},{"@type":"WebSite","@id":"https:\/\/szslucnalc.sk\/#website","url":"https:\/\/szslucnalc.sk\/","name":"Stredn\u00e1 zdravotn\u00edcka \u0161kola Lu\u010denec","description":"Stredn\u00e1 zdravotn\u00edcka \u0161kola","inLanguage":"sk-SK","publisher":{"@id":"https:\/\/szslucnalc.sk\/#organization"}}]},"og:locale":"sk_SK","og:site_name":"Stredn\u00e1 zdravotn\u00edcka \u0161kola Lu\u010denec - Stredn\u00e1 zdravotn\u00edcka \u0161kola","og:type":"article","og:title":"Jedin\u00e1 stredo\u0161kol\u00e1\u010dka z Lu\u010denca na krajskom kole - Stredn\u00e1 zdravotn\u00edcka \u0161kola Lu\u010denec","og:description":"Sl\u00e1dkovi\u010dova Radva\u0148 alebo krajsk\u00e9 kolo v umeleckom prednese Hviezdoslavov Kub\u00edn 2021 D\u0148a 21.septembra 2021 som sa z\u00fa\u010dastnila na krajskom kole s\u00fa\u0165a\u017ee Hviezdoslavov Kub\u00edn v prednese pr\u00f3zy. Sl\u00e1dkovi\u010dova Radva\u0148 sa konala v priestoroch Stredoslovensk\u00e9ho osvetov\u00e9ho strediska v Banskej Bystrici. U\u017e pri vchode do s\u00e1ly ma prepadla men\u0161ia tr\u00e9ma. Vypo\u010dula som si r\u00f4znych recit\u00e1torov, \u010di u\u017e po\u00e9zie ,alebo","og:url":"https:\/\/szslucnalc.sk\/?p=13801","og:image":"https:\/\/szslucnalc.sk\/wp-content\/uploads\/2021\/09\/IMG_20210921_132549-scaled.jpg","og:image:secure_url":"https:\/\/szslucnalc.sk\/wp-content\/uploads\/2021\/09\/IMG_20210921_132549-scaled.jpg","og:image:width":2560,"og:image:height":1920,"article:published_time":"2021-09-23T06:28:43+00:00","article:modified_time":"2021-09-23T06:29:36+00:00","twitter:card":"summary_large_image","twitter:title":"Jedin\u00e1 stredo\u0161kol\u00e1\u010dka z Lu\u010denca na krajskom kole - Stredn\u00e1 zdravotn\u00edcka \u0161kola Lu\u010denec","twitter:description":"Sl\u00e1dkovi\u010dova Radva\u0148 alebo krajsk\u00e9 kolo v umeleckom prednese Hviezdoslavov Kub\u00edn 2021 D\u0148a 21.septembra 2021 som sa z\u00fa\u010dastnila na krajskom kole s\u00fa\u0165a\u017ee Hviezdoslavov Kub\u00edn v prednese pr\u00f3zy. Sl\u00e1dkovi\u010dova Radva\u0148 sa konala v priestoroch Stredoslovensk\u00e9ho osvetov\u00e9ho strediska v Banskej Bystrici. U\u017e pri vchode do s\u00e1ly ma prepadla men\u0161ia tr\u00e9ma. Vypo\u010dula som si r\u00f4znych recit\u00e1torov, \u010di u\u017e po\u00e9zie ,alebo","twitter:image":"https:\/\/szslucnalc.sk\/wp-content\/uploads\/2021\/09\/IMG_20210921_132549-scaled.jpg"},"aioseo_meta_data":{"post_id":"13801","title":null,"description":null,"keywords":null,"keyphrases":null,"primary_term":null,"canonical_url":null,"og_title":null,"og_description":null,"og_object_type":"default","og_image_type":"default","og_image_url":null,"og_image_width":null,"og_image_height":null,"og_image_custom_url":null,"og_image_custom_fields":null,"og_video":null,"og_custom_url":null,"og_article_section":null,"og_article_tags":null,"twitter_use_og":false,"twitter_card":"default","twitter_image_type":"default","twitter_image_url":null,"twitter_image_custom_url":null,"twitter_image_custom_fields":null,"twitter_title":null,"twitter_description":null,"schema":{"blockGraphs":[],"customGraphs":[],"default":{"data":{"Article":[],"Course":[],"Dataset":[],"FAQPage":[],"Movie":[],"Person":[],"Product":[],"ProductReview":[],"Car":[],"Recipe":[],"Service":[],"SoftwareApplication":[],"WebPage":[]},"graphName":"","isEnabled":true},"graphs":[]},"schema_type":"default","schema_type_options":null,"pillar_content":false,"robots_default":true,"robots_noindex":false,"robots_noarchive":false,"robots_nosnippet":false,"robots_nofollow":false,"robots_noimageindex":false,"robots_noodp":false,"robots_notranslate":false,"robots_max_snippet":null,"robots_max_videopreview":null,"robots_max_imagepreview":"large","priority":null,"frequency":null,"local_seo":null,"breadcrumb_settings":null,"limit_modified_date":false,"ai":null,"created":"2023-09-15 17:00:48","updated":"2025-06-26 14:43:21","seo_analyzer_scan_date":null,"focus_keyword":null,"additional_keywords":null,"truseo_locale":null},"aioseo_breadcrumb":"<div class=\"aioseo-breadcrumbs\"><span class=\"aioseo-breadcrumb\">\n\t\t\t<a href=\"https:\/\/szslucnalc.sk\" title=\"Home\">Home<\/a>\n\t\t<\/span><span class=\"aioseo-breadcrumb-separator\">&raquo;<\/span><span class=\"aioseo-breadcrumb\">\n\t\t\t<a href=\"https:\/\/szslucnalc.sk\/?cat=8\" title=\"In\u00e9\">In\u00e9<\/a>\n\t\t<\/span><span class=\"aioseo-breadcrumb-separator\">&raquo;<\/span><span class=\"aioseo-breadcrumb\">\n\t\t\tJedin\u00e1 stredo\u0161kol\u00e1\u010dka z Lu\u010denca na krajskom kole\n\t\t<\/span><\/div>","aioseo_breadcrumb_json":[{"label":"Home","link":"https:\/\/szslucnalc.sk"},{"label":"In\u00e9","link":"https:\/\/szslucnalc.sk\/?cat=8"},{"label":"Jedin\u00e1 stredo\u0161kol\u00e1\u010dka z Lu\u010denca na krajskom kole","link":"https:\/\/szslucnalc.sk\/?p=13801"}],"_links":{"self":[{"href":"https:\/\/szslucnalc.sk\/index.php?rest_route=\/wp\/v2\/posts\/13801","targetHints":{"allow":["GET"]}}],"collection":[{"href":"https:\/\/szslucnalc.sk\/index.php?rest_route=\/wp\/v2\/posts"}],"about":[{"href":"https:\/\/szslucnalc.sk\/index.php?rest_route=\/wp\/v2\/types\/post"}],"author":[{"embeddable":true,"href":"https:\/\/szslucnalc.sk\/index.php?rest_route=\/wp\/v2\/users\/2"}],"replies":[{"embeddable":true,"href":"https:\/\/szslucnalc.sk\/index.php?rest_route=%2Fwp%2Fv2%2Fcomments&post=13801"}],"version-history":[{"count":1,"href":"https:\/\/szslucnalc.sk\/index.php?rest_route=\/wp\/v2\/posts\/13801\/revisions"}],"predecessor-version":[{"id":13804,"href":"https:\/\/szslucnalc.sk\/index.php?rest_route=\/wp\/v2\/posts\/13801\/revisions\/13804"}],"wp:featuredmedia":[{"embeddable":true,"href":"https:\/\/szslucnalc.sk\/index.php?rest_route=\/wp\/v2\/media\/13803"}],"wp:attachment":[{"href":"https:\/\/szslucnalc.sk\/index.php?rest_route=%2Fwp%2Fv2%2Fmedia&parent=13801"}],"wp:term":[{"taxonomy":"category","embeddable":true,"href":"https:\/\/szslucnalc.sk\/index.php?rest_route=%2Fwp%2Fv2%2Fcategories&post=13801"},{"taxonomy":"post_tag","embeddable":true,"href":"https:\/\/szslucnalc.sk\/index.php?rest_route=%2Fwp%2Fv2%2Ftags&post=13801"}],"curies":[{"name":"wp","href":"https:\/\/api.w.org\/{rel}","templated":true}]}}