{"id":13833,"date":"2021-09-26T18:41:42","date_gmt":"2021-09-26T16:41:42","guid":{"rendered":"https:\/\/szslucnalc.sk\/?p=13833"},"modified":"2021-09-27T14:28:06","modified_gmt":"2021-09-27T12:28:06","slug":"muffin-builder-13833","status":"publish","type":"post","link":"https:\/\/szslucnalc.sk\/?p=13833","title":{"rendered":"Biela pastelka v\u00a0uliciach u\u017e po 20-ty kr\u00e1t."},"content":{"rendered":"\n<p>Tento rok je to u\u017e po 20-ty kr\u00e1t, \u010do \u00dania nevidiacich a&nbsp;slabozrak\u00fdch Slovenska organizuje verejn\u00fa zbierku pod n\u00e1zvom Biela pastelka. Pre n\u00e1s, \u201ezdravo\u0165\u00e1kov\u201c je to automatick\u00e9, \u017ee sa z\u00fa\u010dast\u0148ujeme tejto zbierky ako dobrovo\u013en\u00edci. Je pre n\u00e1s c\u0165ou prispie\u0165 k&nbsp;zlep\u0161eniu kvality \u017eivota \u013eud\u00ed so zrakov\u00fdm postihnut\u00edm u\u017e len t\u00fdm, \u017ee pom\u00f4\u017eeme vyzbiera\u0165 ist\u00fd finan\u010dn\u00fd obnos, ktor\u00fd bude efekt\u00edvne vyu\u017eit\u00fd a&nbsp;pom\u00f4\u017ee t\u00fdm, ktor\u00fd to potrebuj\u00fa. Sme radi, \u017ee v&nbsp;r\u00e1mci pridelen\u00fdch lokal\u00edt sme mohli pr\u00eds\u0165 aj na na\u0161u \u0161kolu, kde n\u00e1m do zbierky prispeli \u017eiaci, spolu\u017eiaci aj u\u010ditelia. V&nbsp;uliciach mesta sme boli z&nbsp;na\u0161ej \u0161koly 3 p\u00e1ry bielych tri\u010diek, z&nbsp;toho jedna dvojica za\u010dala a\u017e o&nbsp;13,00. \u010eakujeme v\u0161etk\u00fdm, ktor\u00ed maj\u00fa l\u00e1skav\u00e9 srdcia a&nbsp;podie\u013eali sa na tejto u\u0161\u013eachtilej akcii preto\u017ee: &nbsp;<\/p>\n\n\n\n<p>\u201eL\u00e1skavos\u0165 je jazyk, ktor\u00fd nepo\u010duj\u00faci po\u010duj\u00fa a nevidiaci vidia.\u201c<\/p>\n\n\n\n<p>&nbsp;&nbsp;&nbsp;&nbsp;&nbsp;&nbsp;&nbsp;&nbsp;&nbsp;&nbsp;&nbsp;&nbsp;&nbsp;&nbsp;&nbsp;&nbsp;&nbsp;&nbsp;&nbsp;&nbsp;&nbsp;&nbsp;&nbsp;&nbsp;&nbsp;&nbsp;&nbsp;&nbsp;&nbsp;&nbsp;&nbsp;&nbsp;&nbsp;&nbsp;&nbsp;&nbsp;&nbsp;&nbsp;&nbsp;&nbsp;&nbsp;&nbsp;&nbsp;&nbsp;&nbsp;&nbsp;&nbsp;&nbsp;&nbsp;&nbsp;&nbsp;&nbsp;&nbsp;&nbsp;&nbsp;&nbsp;&nbsp;&nbsp;&nbsp;&nbsp;&nbsp;&nbsp;&nbsp;&nbsp;&nbsp;&nbsp;&nbsp;&nbsp;&nbsp;&nbsp;&nbsp;&nbsp;&nbsp;&nbsp;&nbsp;&nbsp;&nbsp;&nbsp;&nbsp;&nbsp;&nbsp;&nbsp; (Mark Twain)<\/p>\n","protected":false},"excerpt":{"rendered":"<p>Tento rok je to u&#382; po 20-ty kr&aacute;t, &#269;o &Uacute;nia nevidiacich a&nbsp;slabozrak&yacute;ch Slovenska organizuje verejn&uacute; zbierku pod n&aacute;zvom Biela pastelka. Pre n&aacute;s, &bdquo;zdravo&#357;&aacute;kov&ldquo; je to automatick&eacute;,<span class=\"excerpt-hellip\"> [\u2026]<\/span><\/p>\n","protected":false},"author":2,"featured_media":13835,"comment_status":"closed","ping_status":"closed","sticky":false,"template":"","format":"standard","meta":{"footnotes":""},"categories":[6],"tags":[],"class_list":["post-13833","post","type-post","status-publish","format-standard","has-post-thumbnail","hentry","category-charita"],"aioseo_notices":[],"_links":{"self":[{"href":"https:\/\/szslucnalc.sk\/index.php?rest_route=\/wp\/v2\/posts\/13833","targetHints":{"allow":["GET"]}}],"collection":[{"href":"https:\/\/szslucnalc.sk\/index.php?rest_route=\/wp\/v2\/posts"}],"about":[{"href":"https:\/\/szslucnalc.sk\/index.php?rest_route=\/wp\/v2\/types\/post"}],"author":[{"embeddable":true,"href":"https:\/\/szslucnalc.sk\/index.php?rest_route=\/wp\/v2\/users\/2"}],"replies":[{"embeddable":true,"href":"https:\/\/szslucnalc.sk\/index.php?rest_route=%2Fwp%2Fv2%2Fcomments&post=13833"}],"version-history":[{"count":4,"href":"https:\/\/szslucnalc.sk\/index.php?rest_route=\/wp\/v2\/posts\/13833\/revisions"}],"predecessor-version":[{"id":13863,"href":"https:\/\/szslucnalc.sk\/index.php?rest_route=\/wp\/v2\/posts\/13833\/revisions\/13863"}],"wp:featuredmedia":[{"embeddable":true,"href":"https:\/\/szslucnalc.sk\/index.php?rest_route=\/wp\/v2\/media\/13835"}],"wp:attachment":[{"href":"https:\/\/szslucnalc.sk\/index.php?rest_route=%2Fwp%2Fv2%2Fmedia&parent=13833"}],"wp:term":[{"taxonomy":"category","embeddable":true,"href":"https:\/\/szslucnalc.sk\/index.php?rest_route=%2Fwp%2Fv2%2Fcategories&post=13833"},{"taxonomy":"post_tag","embeddable":true,"href":"https:\/\/szslucnalc.sk\/index.php?rest_route=%2Fwp%2Fv2%2Ftags&post=13833"}],"curies":[{"name":"wp","href":"https:\/\/api.w.org\/{rel}","templated":true}]}}