{"id":13920,"date":"2021-10-08T10:42:35","date_gmt":"2021-10-08T08:42:35","guid":{"rendered":"https:\/\/szslucnalc.sk\/?p=13920"},"modified":"2021-10-12T15:50:23","modified_gmt":"2021-10-12T13:50:23","slug":"dni-dusevneho-zdravia-na-zdravotnickej-skole","status":"publish","type":"post","link":"https:\/\/szslucnalc.sk\/?p=13920","title":{"rendered":"\u017dlt\u00e1 je dobr\u00e1"},"content":{"rendered":"\n<div class=\"wp-block-group\"><div class=\"wp-block-group__inner-container is-layout-flow wp-block-group-is-layout-flow\"><\/div><\/div>\n\n\n\n<p>Dni du\u0161evn\u00e9ho zdravia na zdravotn\u00edckej \u0161kole<br><br><img loading=\"lazy\" decoding=\"async\" width=\"150\" height=\"150\" class=\"wp-image-13961\" style=\"width: 150px;\" src=\"https:\/\/szslucnalc.sk\/wp-content\/uploads\/2021\/10\/smajlik-c.jpg\" alt=\"\" srcset=\"https:\/\/szslucnalc.sk\/wp-content\/uploads\/2021\/10\/smajlik-c.jpg 315w, https:\/\/szslucnalc.sk\/wp-content\/uploads\/2021\/10\/smajlik-c-300x300.jpg 300w, https:\/\/szslucnalc.sk\/wp-content\/uploads\/2021\/10\/smajlik-c-150x150.jpg 150w, https:\/\/szslucnalc.sk\/wp-content\/uploads\/2021\/10\/smajlik-c-146x146.jpg 146w, https:\/\/szslucnalc.sk\/wp-content\/uploads\/2021\/10\/smajlik-c-50x50.jpg 50w, https:\/\/szslucnalc.sk\/wp-content\/uploads\/2021\/10\/smajlik-c-75x75.jpg 75w, https:\/\/szslucnalc.sk\/wp-content\/uploads\/2021\/10\/smajlik-c-85x85.jpg 85w, https:\/\/szslucnalc.sk\/wp-content\/uploads\/2021\/10\/smajlik-c-80x80.jpg 80w\" sizes=\"auto, (max-width:767px) 150px, 150px\" \/>Nevieme kto vymyslel, \u017ee \u017elt\u00e1 je farba optimizmu, ale ka\u017edop\u00e1dne to plat\u00ed. So zv\u00fd\u0161enou koncentr\u00e1ciou \u017eltej v \u0161kole st\u00fapal priam hmatate\u013ene optimizmus a zamra\u010den\u00fa tv\u00e1r bolo vo \u0161tvrtok a piatok u n\u00e1s n\u00e1js\u0165 len \u0165a\u017eko. Asi nebude n\u00e1hoda, \u017ee smajl\u00edci s\u00fa \u017elt\u00ed.<\/p>\n\n\n\n<p>Jednou z ka\u017edoro\u010dn\u00fdch jesenn\u00fdch aktiv\u00edt, ktor\u00e9 u\u017e maj\u00fa na Slovensku trad\u00edciu s\u00fa dni du\u0161evn\u00e9ho zdravia pod veden\u00edm Ligy za du\u0161evn\u00e9 zdravie. Dni du\u0161evn\u00e9ho zdravia sa konaj\u00fa 6.-10. okt\u00f3bra.  Na na\u0161ej \u0161kole sme okrem verejnej zbierky mali realizovan\u00e9 mnoho relaxa\u010dn\u00fdch aktiv\u00edt na podporu du\u0161evn\u00e9ho zdravia na\u0161ich bud\u00facich zdravotn\u00edkov a&nbsp;myslelo sa aj na na\u0161ich vyu\u010duj\u00facich (relaxa\u010dn\u00e1 hudba, rozd\u00e1vanie  smajl\u00edkov so sladkos\u0165ou, biele n\u00e1stenky, kde mal mo\u017enos\u0165 p\u00edsomne ka\u017ed\u00fd \u0161\u00edri\u0165 nejak\u00e9 pozit\u00edvne posolstvo, predn\u00e1\u0161ky veden\u00e9 za cie\u013eom podpory du\u0161evn\u00e9ho zdravia). \u017diaci i u\u010ditelia sa obliekli do \u017elt\u00fdch farieb a&nbsp;t\u00fdm podporili my\u0161lienku Svetov\u00e9ho d\u0148a za du\u0161evn\u00e9 zdravie. \u017dlt\u00e1 farba roz\u017eiarila na\u0161u \u0161kolu tak, ako slnko \u017eiari na na\u0161u Zem. <\/p>\n\n\n\n<p>Svetov\u00fd de\u0148 du\u0161evn\u00e9ho zdravia sa datuje 10. okt\u00f3bra. Liga za du\u0161evn\u00e9 zdravie je nepolitick\u00e9, charitat\u00edvne, humanitn\u00e9 zdru\u017eenie ob\u010danov a pr\u00e1vnick\u00fdch os\u00f4b. Zlep\u0161uje \u017eivotn\u00e9 podmienky du\u0161evne chor\u00fdch a zaober\u00e1 sa prevenciou du\u0161evn\u00fdch chor\u00f4b. Liga za du\u0161evn\u00e9 zdravie zabezpe\u010duje prev\u00e1dzku bezplatnej kr\u00edzovej linky d\u00f4very s n\u00e1zvom Nez\u00e1budka na tel. \u010d\u00edsle 0800 800 566. Je tu pre v\u0161etk\u00fdch, ktor\u00ed potrebuj\u00fa pomoc najm\u00e4 v psychickej kr\u00edze. V dne\u0161nej dobe, nem\u00f4\u017eme bra\u0165 du\u0161evn\u00e9 zdravie na \u013eahk\u00fa v\u00e1hu pr\u00e1ve naopak mus\u00edme sa usilova\u0165&nbsp; o du\u0161evn\u00e9 zdravie celej spolo\u010dnosti, preto\u017ee od toho v\u00fdrazne z\u00e1vis\u00ed du\u0161evn\u00e9 zdravie jednotlivca. Je to na n\u00e1s, na ka\u017edom jednom&nbsp; z n\u00e1s, ako budeme zlep\u0161ova\u0165 svoje du\u0161evn\u00e9 zdravie \u010di du\u0161evn\u00e9 zdravie svojho okolia. Okrem toho sme podporli verejn\u00fa zbierku s n\u00e1zvom Dni nez\u00e1budiek 2021v uliciach n\u00e1\u0161ho mesta (tretiaci a&nbsp;\u0161tvrt\u00e1ci). Ak ste nestihli prispie\u0165 v meste m\u00f4\u017eete tak urobi\u0165 dodato\u010dne prostredn\u00edctvom sms alebo platbou na \u00fa\u010det. V\u0161etky potrebn\u00e9 inform\u00e1cie o zbierke n\u00e1jdete na str\u00e1nke&nbsp;&nbsp;<a rel=\"noreferrer noopener\" href=\"http:\/\/www.ligazadusevnezdravie.sk\/\" target=\"_blank\">www.ligazadusevnezdravie.sk<\/a>.<br>&nbsp;                                                                                                                   Janka Sihelsk\u00e1, 4.A. (Mgr. M\u00e1ria P\u00e1paiov\u00e1, Mgr. Alexandra Marko)<\/p>\n","protected":false},"excerpt":{"rendered":"<p>Dni du&scaron;evn&eacute;ho zdravia na zdravotn&iacute;ckej &scaron;kole Nevieme kto vymyslel, &#382;e &#382;lt&aacute; je farba optimizmu, ale ka&#382;dop&aacute;dne to plat&iacute;. So zv&yacute;&scaron;enou koncentr&aacute;ciou &#382;ltej v &scaron;kole st&uacute;pal priam<span class=\"excerpt-hellip\"> [\u2026]<\/span><\/p>\n","protected":false},"author":2,"featured_media":13956,"comment_status":"closed","ping_status":"closed","sticky":false,"template":"","format":"standard","meta":{"footnotes":""},"categories":[8],"tags":[],"class_list":["post-13920","post","type-post","status-publish","format-standard","has-post-thumbnail","hentry","category-ine"],"aioseo_notices":[],"_links":{"self":[{"href":"https:\/\/szslucnalc.sk\/index.php?rest_route=\/wp\/v2\/posts\/13920","targetHints":{"allow":["GET"]}}],"collection":[{"href":"https:\/\/szslucnalc.sk\/index.php?rest_route=\/wp\/v2\/posts"}],"about":[{"href":"https:\/\/szslucnalc.sk\/index.php?rest_route=\/wp\/v2\/types\/post"}],"author":[{"embeddable":true,"href":"https:\/\/szslucnalc.sk\/index.php?rest_route=\/wp\/v2\/users\/2"}],"replies":[{"embeddable":true,"href":"https:\/\/szslucnalc.sk\/index.php?rest_route=%2Fwp%2Fv2%2Fcomments&post=13920"}],"version-history":[{"count":5,"href":"https:\/\/szslucnalc.sk\/index.php?rest_route=\/wp\/v2\/posts\/13920\/revisions"}],"predecessor-version":[{"id":14062,"href":"https:\/\/szslucnalc.sk\/index.php?rest_route=\/wp\/v2\/posts\/13920\/revisions\/14062"}],"wp:featuredmedia":[{"embeddable":true,"href":"https:\/\/szslucnalc.sk\/index.php?rest_route=\/wp\/v2\/media\/13956"}],"wp:attachment":[{"href":"https:\/\/szslucnalc.sk\/index.php?rest_route=%2Fwp%2Fv2%2Fmedia&parent=13920"}],"wp:term":[{"taxonomy":"category","embeddable":true,"href":"https:\/\/szslucnalc.sk\/index.php?rest_route=%2Fwp%2Fv2%2Fcategories&post=13920"},{"taxonomy":"post_tag","embeddable":true,"href":"https:\/\/szslucnalc.sk\/index.php?rest_route=%2Fwp%2Fv2%2Ftags&post=13920"}],"curies":[{"name":"wp","href":"https:\/\/api.w.org\/{rel}","templated":true}]}}