{"id":14255,"date":"2021-11-22T07:40:26","date_gmt":"2021-11-22T06:40:26","guid":{"rendered":"https:\/\/szslucnalc.sk\/?p=14255"},"modified":"2021-11-22T08:04:00","modified_gmt":"2021-11-22T07:04:00","slug":"vsetci-sme-z-masa-a-kosti-sme-si-rovni","status":"publish","type":"post","link":"https:\/\/szslucnalc.sk\/?p=14255","title":{"rendered":"V\u0161etci sme z m\u00e4sa a kost\u00ed, sme si rovn\u00ed &#8230;"},"content":{"rendered":"\n<p>&nbsp;&nbsp;&nbsp;&nbsp;&nbsp;&nbsp; Dne\u0161n\u00fd v\u0161edn\u00fd \u0161kolsk\u00fd de\u0148 19. november 2021 sme mali obohaten\u00fd o predn\u00e1\u0161ku, ktorou n\u00e1m pani profesorka PhDr. Iveta Mat\u00fa\u0161kov\u00e1 J\u00e1no\u0161\u00edkov\u00e1 p\u00fatavo&nbsp; on-line formou&nbsp; pribl\u00ed\u017eila problematiku tolerancie, rasizmu, fa\u0161izmu, xenof\u00f3bie, extr\u00e9mizmu a diskrimin\u00e1cie.&nbsp;&nbsp;&nbsp;&nbsp;&nbsp;&nbsp;&nbsp;&nbsp;&nbsp;&nbsp;&nbsp;&nbsp;&nbsp;&nbsp;&nbsp;&nbsp;&nbsp;&nbsp;&nbsp;&nbsp;&nbsp;&nbsp;&nbsp;&nbsp;&nbsp;&nbsp;&nbsp;&nbsp;&nbsp;&nbsp; &nbsp;&nbsp;&nbsp;&nbsp;&nbsp;&nbsp;&nbsp;&nbsp;&nbsp;&nbsp;&nbsp;&nbsp;&nbsp;&nbsp;&nbsp;&nbsp;&nbsp;&nbsp;&nbsp;&nbsp;&nbsp;&nbsp;&nbsp;&nbsp;&nbsp;&nbsp;&nbsp;&nbsp;&nbsp;&nbsp;&nbsp;&nbsp;&nbsp;&nbsp;&nbsp;&nbsp;&nbsp;&nbsp;&nbsp;&nbsp;&nbsp;&nbsp;&nbsp;&nbsp;&nbsp;&nbsp;&nbsp;&nbsp;&nbsp;&nbsp;&nbsp;&nbsp;&nbsp;&nbsp;<\/p>\n\n\n\n<p>&nbsp;&nbsp;&nbsp;&nbsp;&nbsp;&nbsp; Mali sme mo\u017enos\u0165 diskusie a vyjadrili sme svoje n\u00e1zory&nbsp;a postoje na dan\u00e9 t\u00e9my. Za \u010do pani profesorke srde\u010dne \u010fakujeme. Ve\u013ek\u00e9 pote\u0161enie je, \u017ee my ako bud\u00faci profesion\u00e1lni zdravotn\u00edci nem\u00e1me negat\u00edvne postoje a&nbsp;predsudky vo\u010di in\u00fdm etnick\u00fdm skupin\u00e1m, ras\u00e1m, n\u00e1bo\u017eenstv\u00e1m alebo \u013eu\u010fom&nbsp;odli\u0161nej sexu\u00e1lnej orient\u00e1cie. V prvom rade sme v\u0161etci \u013eudia, sme si rovn\u00ed a m\u00e1me rovnak\u00e9 \u013eudsk\u00e9 pr\u00e1va. M\u00e1me v\u0161etci pr\u00e1vo na \u017eivot. Tak pros\u00edm v\u00e1s nestr\u00e1cajme \u010das nen\u00e1vis\u0165ou vo\u010di in\u00fdm a u\u017e\u00edvajme si v\u0161etky kr\u00e1sne chv\u00edle \u017eivota!&nbsp;Na\u0161\u00edm poslan\u00edm je, aby sme pom\u00e1hali \u013eu\u010fom, ktor\u00ed to potrebuj\u00fa a to bez rozdielu.<\/p>\n\n\n\n<p>&nbsp;&nbsp;&nbsp;&nbsp;&nbsp;&nbsp; Z dne\u0161nej predn\u00e1\u0161ky sme si odniesli to, \u017ee mo\u017eno nem\u00f4\u017eeme zmeni\u0165 svet ale m\u00f4\u017eeme zmeni\u0165 n\u00e1\u0161 postoj a&nbsp;na\u0161e spr\u00e1vanie k svetu. Ka\u017ed\u00fd si to v\u0161ak mus\u00edme uvedomi\u0165 v prvom rade s\u00e1m u seba.<\/p>\n\n\n\n<p><br>&nbsp;&nbsp;&nbsp;&nbsp;&nbsp;&nbsp;&nbsp;&nbsp;&nbsp;&nbsp;&nbsp;&nbsp;&nbsp;&nbsp;&nbsp;&nbsp;&nbsp;&nbsp;&nbsp;&nbsp;&nbsp;&nbsp;&nbsp;&nbsp;&nbsp;&nbsp;&nbsp;&nbsp;&nbsp;&nbsp;&nbsp;&nbsp;&nbsp;&nbsp;&nbsp;&nbsp;&nbsp;&nbsp;&nbsp;&nbsp;&nbsp;&nbsp;&nbsp;&nbsp;&nbsp;&nbsp;&nbsp;&nbsp;&nbsp;&nbsp;&nbsp;&nbsp;&nbsp;&nbsp;&nbsp;&nbsp;&nbsp;&nbsp;&nbsp;&nbsp;&nbsp;&nbsp;&nbsp;&nbsp;&nbsp;&nbsp;&nbsp;&nbsp;&nbsp;&nbsp;&nbsp;&nbsp;&nbsp;&nbsp;&nbsp;&nbsp;&nbsp;&nbsp;&nbsp;&nbsp;&nbsp;&nbsp;&nbsp;&nbsp;&nbsp;&nbsp;&nbsp;&nbsp;&nbsp;&nbsp;&nbsp;&nbsp;&nbsp;&nbsp;&nbsp;&nbsp; Janka Sihelsk\u00e1 &nbsp;IV.A<\/p>\n","protected":false},"excerpt":{"rendered":"<p>&nbsp;&nbsp;&nbsp;&nbsp;&nbsp;&nbsp; Dne&scaron;n&yacute; v&scaron;edn&yacute; &scaron;kolsk&yacute; de&#328; 19. november 2021 sme mali obohaten&yacute; o predn&aacute;&scaron;ku, ktorou n&aacute;m pani profesorka PhDr. Iveta Mat&uacute;&scaron;kov&aacute; J&aacute;no&scaron;&iacute;kov&aacute; p&uacute;tavo&nbsp; on-line formou&nbsp; pribl&iacute;&#382;ila problematiku<span class=\"excerpt-hellip\"> [\u2026]<\/span><\/p>\n","protected":false},"author":2,"featured_media":14258,"comment_status":"closed","ping_status":"closed","sticky":false,"template":"","format":"standard","meta":{"footnotes":""},"categories":[8],"tags":[],"class_list":["post-14255","post","type-post","status-publish","format-standard","has-post-thumbnail","hentry","category-ine"],"aioseo_notices":[],"_links":{"self":[{"href":"https:\/\/szslucnalc.sk\/index.php?rest_route=\/wp\/v2\/posts\/14255","targetHints":{"allow":["GET"]}}],"collection":[{"href":"https:\/\/szslucnalc.sk\/index.php?rest_route=\/wp\/v2\/posts"}],"about":[{"href":"https:\/\/szslucnalc.sk\/index.php?rest_route=\/wp\/v2\/types\/post"}],"author":[{"embeddable":true,"href":"https:\/\/szslucnalc.sk\/index.php?rest_route=\/wp\/v2\/users\/2"}],"replies":[{"embeddable":true,"href":"https:\/\/szslucnalc.sk\/index.php?rest_route=%2Fwp%2Fv2%2Fcomments&post=14255"}],"version-history":[{"count":1,"href":"https:\/\/szslucnalc.sk\/index.php?rest_route=\/wp\/v2\/posts\/14255\/revisions"}],"predecessor-version":[{"id":14263,"href":"https:\/\/szslucnalc.sk\/index.php?rest_route=\/wp\/v2\/posts\/14255\/revisions\/14263"}],"wp:featuredmedia":[{"embeddable":true,"href":"https:\/\/szslucnalc.sk\/index.php?rest_route=\/wp\/v2\/media\/14258"}],"wp:attachment":[{"href":"https:\/\/szslucnalc.sk\/index.php?rest_route=%2Fwp%2Fv2%2Fmedia&parent=14255"}],"wp:term":[{"taxonomy":"category","embeddable":true,"href":"https:\/\/szslucnalc.sk\/index.php?rest_route=%2Fwp%2Fv2%2Fcategories&post=14255"},{"taxonomy":"post_tag","embeddable":true,"href":"https:\/\/szslucnalc.sk\/index.php?rest_route=%2Fwp%2Fv2%2Ftags&post=14255"}],"curies":[{"name":"wp","href":"https:\/\/api.w.org\/{rel}","templated":true}]}}