{"id":14428,"date":"2021-12-01T12:36:09","date_gmt":"2021-12-01T11:36:09","guid":{"rendered":"https:\/\/szslucnalc.sk\/?p=14428"},"modified":"2021-12-01T12:38:59","modified_gmt":"2021-12-01T11:38:59","slug":"1-december-kampan-cervene-stuzky-den-boja-proti-hiv-aids","status":"publish","type":"post","link":"https:\/\/szslucnalc.sk\/?p=14428","title":{"rendered":"1.December \u2013 Kampa\u0148 \u010cerven\u00e9 stu\u017eky \u2013 de\u0148 boja proti HIV\/AIDS"},"content":{"rendered":"\n<p>Prv\u00e9ho decembra si ka\u017edoro\u010dne pripom\u00edname&nbsp;<strong>Svetov\u00fd de\u0148 boja proti AIDS<\/strong>. \u010cerven\u00e9 stu\u017eky s\u00fa symbolom a n\u00e1zvom celoslovenskej kampane boja proti AIDS. Pripnut\u00edm \u010dervenej stu\u017eky vyjadrujeme solidaritu s&nbsp;osobami, ktor\u00e9 infekciou HIV alebo ochoren\u00edm AIDS trpia.&nbsp;V&nbsp;s\u00favislosti s&nbsp;touto kampa\u0148ou \u0161tudentky 2.A. triedy ( Bianka Laud\u00e1rov\u00e1, Diana Kladiv\u00edkov\u00e1 a&nbsp;Domnika Vl\u010dekov\u00e1) pripli svojim u\u010dite\u013eom, zamestnancom \u0161koly a&nbsp;\u017eiakom \u010derven\u00e9 stu\u017eky ako medzin\u00e1rodn\u00fd symbol solidarity s \u013eu\u010fmi nakazen\u00fdmi HIV alebo postihnut\u00fdmi chorobou AIDS. Naj\u00fa\u010dinnej\u0161\u00edm prostriedkom na zabr\u00e1nenie \u0161\u00edrenia HIV a AIDS je prevencia. Zameranie kampane je na mlad\u00e9ho \u010dloveka a na jeho vedenie k zdrav\u00e9ho \u017eivotn\u00e9ho \u0161t\u00fdlu. Kampa\u0148 je kampa\u0148ou mlad\u00fdch a je venovan\u00e1 mlad\u00fdm, je tie\u017e zameran\u00e1 na zv\u00fd\u0161enie informovanosti o HIV\/AIDS. Za naj\u00fa\u010dinnej\u0161\u00ed prostriedok boja proti AIDS pova\u017eujeme odborn\u00e9 vedomosti o HIV\/AIDS, ktor\u00e9 boli pod veden\u00edm u\u010dite\u013eky Marko odovzdan\u00e9 \u0161tudentom prv\u00fdch a&nbsp;druh\u00fdch ro\u010dn\u00edkov. Zapojili sme sa do v\u00fdtvarnej s\u00fa\u0165a\u017ee, zaslan\u00e9 boli v\u00fdtvarn\u00e9 diela \u017eia\u010dok (Laura Ol\u00e1hov\u00e1, Sofia Homolyov\u00e1 a&nbsp;Michaela V\u00f6lgyiov\u00e1, ktorej dielo sa vyn\u00edma aj na informa\u010dnej n\u00e1stenke). Na p\u00f4de na\u0161ej \u0161koly sa realizovali predn\u00e1\u0161ky s&nbsp;diskusiou pre \u0161tudentov, predn\u00e1\u0161ky boli realizovan\u00e9 aj pre \u017eiakov S\u0160I Karola Supa online formou. V r\u00e1mci informovanosti o&nbsp;vhodnej prevencii medzi mlad\u00fdmi \u013eu\u010fmi, u&nbsp;ktor\u00fdch je \u017eiad\u00faca aj sexu\u00e1lna v\u00fdchova sa do kampane zapojili aj sponzori so sponzorsk\u00fdmi darmi ( Kondomshop a&nbsp;Mattesslovakia), ktor\u00fdm za ich spolupr\u00e1cu \u010fakujeme.<\/p>\n\n\n\n<p><strong>AIDS<\/strong>&nbsp;je celosvetov\u00fd probl\u00e9m, ktor\u00fd sa dot\u00fdka aj Slovenska a ka\u017ed\u00e9ho jedn\u00e9ho z n\u00e1s. Nem\u00f4\u017eeme osta\u0165 \u013eahostajn\u00ed. My na SZ\u0160 nie sme.<\/p>\n\n\n\n<p>Mgr. Alexandra Marko a&nbsp;kolekt\u00edv mlad\u00fdch \u013eud\u00ed zo SZ\u0160<\/p>\n","protected":false},"excerpt":{"rendered":"<p>Prv&eacute;ho decembra si ka&#382;doro&#269;ne pripom&iacute;name&nbsp;Svetov&yacute; de&#328; boja proti AIDS. &#268;erven&eacute; stu&#382;ky s&uacute; symbolom a n&aacute;zvom celoslovenskej kampane boja proti AIDS. Pripnut&iacute;m &#269;ervenej stu&#382;ky vyjadrujeme solidaritu s&nbsp;osobami,<span class=\"excerpt-hellip\"> [\u2026]<\/span><\/p>\n","protected":false},"author":2,"featured_media":14438,"comment_status":"closed","ping_status":"closed","sticky":false,"template":"","format":"standard","meta":{"footnotes":""},"categories":[8],"tags":[],"class_list":["post-14428","post","type-post","status-publish","format-standard","has-post-thumbnail","hentry","category-ine"],"aioseo_notices":[],"_links":{"self":[{"href":"https:\/\/szslucnalc.sk\/index.php?rest_route=\/wp\/v2\/posts\/14428","targetHints":{"allow":["GET"]}}],"collection":[{"href":"https:\/\/szslucnalc.sk\/index.php?rest_route=\/wp\/v2\/posts"}],"about":[{"href":"https:\/\/szslucnalc.sk\/index.php?rest_route=\/wp\/v2\/types\/post"}],"author":[{"embeddable":true,"href":"https:\/\/szslucnalc.sk\/index.php?rest_route=\/wp\/v2\/users\/2"}],"replies":[{"embeddable":true,"href":"https:\/\/szslucnalc.sk\/index.php?rest_route=%2Fwp%2Fv2%2Fcomments&post=14428"}],"version-history":[{"count":1,"href":"https:\/\/szslucnalc.sk\/index.php?rest_route=\/wp\/v2\/posts\/14428\/revisions"}],"predecessor-version":[{"id":14443,"href":"https:\/\/szslucnalc.sk\/index.php?rest_route=\/wp\/v2\/posts\/14428\/revisions\/14443"}],"wp:featuredmedia":[{"embeddable":true,"href":"https:\/\/szslucnalc.sk\/index.php?rest_route=\/wp\/v2\/media\/14438"}],"wp:attachment":[{"href":"https:\/\/szslucnalc.sk\/index.php?rest_route=%2Fwp%2Fv2%2Fmedia&parent=14428"}],"wp:term":[{"taxonomy":"category","embeddable":true,"href":"https:\/\/szslucnalc.sk\/index.php?rest_route=%2Fwp%2Fv2%2Fcategories&post=14428"},{"taxonomy":"post_tag","embeddable":true,"href":"https:\/\/szslucnalc.sk\/index.php?rest_route=%2Fwp%2Fv2%2Ftags&post=14428"}],"curies":[{"name":"wp","href":"https:\/\/api.w.org\/{rel}","templated":true}]}}