{"id":1478,"date":"2017-06-01T07:30:52","date_gmt":"2017-06-01T05:30:52","guid":{"rendered":"https:\/\/szslucnalc.sk\/?p=1478"},"modified":"2017-06-07T17:54:07","modified_gmt":"2017-06-07T15:54:07","slug":"ako-druhaci-plavali","status":"publish","type":"post","link":"https:\/\/szslucnalc.sk\/?p=1478","title":{"rendered":"Ako druh\u00e1ci pl\u00e1vali&#8230; (foto + video)"},"content":{"rendered":"<p>V\u00a0d\u0148och 23.-26.5. 2017 sme sa \u017eiaci druh\u00e9ho ro\u010dn\u00edka z\u00fa\u010dastnili plaveck\u00e9ho v\u00fdcviku v\u00a0Rimavskej Sobote. Tak ako aj po zvy\u0161ok t\u00fd\u017ed\u0148a, v\u00a0utorok r\u00e1no sme sa\u00a0 stretli pri mestskom parku v\u00a0Lu\u010denci, vypo\u010duli si in\u0161trukcie od profesorov, usadili sa v autobuse a\u00a0vyrazili do Rimavskej Soboty. V\u00a0\u0161atniach v\u00a0plav\u00e1rni sme sa prezliekli do plaviek, dopriali si studen\u00fa vodu zo sp\u0155ch a\u00a0na mal\u00fa chv\u00ed\u013eu si u\u017e\u00edvali vo\u013enos\u0165 v\u00a0baz\u00e9noch. Potom sa dobr\u00ed plavci uk\u00e1zali v\u00a0pl\u00e1van\u00ed n\u00e1\u0161mu p\u00e1novi profesorovi, ktor\u00fd n\u00e1s pos\u00fadil a\u00a0za pomoci ostan\u00fdch profesorov rozdelil do skup\u00edn pod\u013ea \u0161ikovnosti. Vo \u0161tvrtok sme absolvovali KPR, kde sme si v\u0161etci vysk\u00fa\u0161ali o\u017eivovanie na figur\u00edne a\u00a0tie lep\u0161ie skupiny aj z\u00e1chranu topiaceho sa vo vode. Posledn\u00fd de\u0148 sa konal pretek. T\u00ed lep\u0161\u00ed plavci museli prekona\u0165 50 metrov a\u00a0t\u00ed, ktor\u00ed si a\u017e tak ned\u00f4verovali , zapl\u00e1vali \u0161\u00edrku baz\u00e9na. Jedno je v\u0161ak ist\u00e9. Zdravo\u0165\u00e1ci nie s\u00fa \u017eiadne b\u00e9\u010dka a\u00a0zdolaj\u00fa aj vodn\u00fd \u017eivel. Ve\u013ek\u00e1 v\u010faka patr\u00ed\u00a0 p.riadite\u013eovi Sekulovi, p. profesorom Skrutekovi a\u00a0Nagyovi a\u00a0samozrejme pani profesork\u00e1m Mur\u00ednovej, Sekulovej\u00a0 a\u00a0Stierankovej.<\/p>\n<p style=\"text-align: right;\">S.Kov\u00e1\u010dikov\u00e1 2.B<\/p>\n","protected":false},"excerpt":{"rendered":"<p>V&nbsp;d&#328;och 23.-26.5. 2017 sme sa &#382;iaci druh&eacute;ho ro&#269;n&iacute;ka z&uacute;&#269;astnili plaveck&eacute;ho v&yacute;cviku v&nbsp;Rimavskej Sobote. Tak ako aj po zvy&scaron;ok t&yacute;&#382;d&#328;a, v&nbsp;utorok r&aacute;no sme sa&nbsp; stretli pri mestskom<span class=\"excerpt-hellip\"> [\u2026]<\/span><\/p>\n","protected":false},"author":2,"featured_media":1506,"comment_status":"closed","ping_status":"closed","sticky":false,"template":"","format":"image","meta":{"footnotes":""},"categories":[4],"tags":[],"class_list":["post-1478","post","type-post","status-publish","format-image","has-post-thumbnail","hentry","category-sport","post_format-post-format-image"],"aioseo_notices":[],"_links":{"self":[{"href":"https:\/\/szslucnalc.sk\/index.php?rest_route=\/wp\/v2\/posts\/1478","targetHints":{"allow":["GET"]}}],"collection":[{"href":"https:\/\/szslucnalc.sk\/index.php?rest_route=\/wp\/v2\/posts"}],"about":[{"href":"https:\/\/szslucnalc.sk\/index.php?rest_route=\/wp\/v2\/types\/post"}],"author":[{"embeddable":true,"href":"https:\/\/szslucnalc.sk\/index.php?rest_route=\/wp\/v2\/users\/2"}],"replies":[{"embeddable":true,"href":"https:\/\/szslucnalc.sk\/index.php?rest_route=%2Fwp%2Fv2%2Fcomments&post=1478"}],"version-history":[{"count":8,"href":"https:\/\/szslucnalc.sk\/index.php?rest_route=\/wp\/v2\/posts\/1478\/revisions"}],"predecessor-version":[{"id":1510,"href":"https:\/\/szslucnalc.sk\/index.php?rest_route=\/wp\/v2\/posts\/1478\/revisions\/1510"}],"wp:featuredmedia":[{"embeddable":true,"href":"https:\/\/szslucnalc.sk\/index.php?rest_route=\/wp\/v2\/media\/1506"}],"wp:attachment":[{"href":"https:\/\/szslucnalc.sk\/index.php?rest_route=%2Fwp%2Fv2%2Fmedia&parent=1478"}],"wp:term":[{"taxonomy":"category","embeddable":true,"href":"https:\/\/szslucnalc.sk\/index.php?rest_route=%2Fwp%2Fv2%2Fcategories&post=1478"},{"taxonomy":"post_tag","embeddable":true,"href":"https:\/\/szslucnalc.sk\/index.php?rest_route=%2Fwp%2Fv2%2Ftags&post=1478"}],"curies":[{"name":"wp","href":"https:\/\/api.w.org\/{rel}","templated":true}]}}