{"id":15076,"date":"2022-02-17T23:07:40","date_gmt":"2022-02-17T22:07:40","guid":{"rendered":"https:\/\/szslucnalc.sk\/?p=15076"},"modified":"2022-02-19T11:18:39","modified_gmt":"2022-02-19T10:18:39","slug":"als-einzige-ako-jedina%ef%bf%bc","status":"publish","type":"post","link":"https:\/\/szslucnalc.sk\/?p=15076","title":{"rendered":"Als Einzige&#8230; ako jedin\u00e1"},"content":{"rendered":"\n<p>    Aj v&nbsp;tomto \u0161kolskom roku sa 32. ro\u010dn\u00edk Olympi\u00e1dy v&nbsp;nemeckom jazyku op\u00e4\u0165 konal online formou. Po \u00faspe\u0161nom absolvovan\u00ed \u0161kolsk\u00e9ho a&nbsp;okresn\u00e9ho kola figurovala na v\u00fdsledkovej listine \u017eia\u010dka 3. B triedy, <strong>Sofia Homolyov\u00e1<\/strong>, ktor\u00e1 si&nbsp; v&nbsp;p\u00edsomnej \u010dasti kateg\u00f3rie 2D vybojovala kr\u00e1sne <strong>prv\u00e9 miesto<\/strong>.<\/p>\n\n\n\n<p><strong>Ako jedinej z&nbsp;na\u0161ej \u0161koly sa jej podarilo post\u00fapi\u0165 na krajsk\u00e9 kolo Olympi\u00e1dy v&nbsp;nemeckom jazyku, <\/strong>na ktorom n\u00e1s reprezentovala 16. febru\u00e1ra 2022.<\/p>\n\n\n\n<p><em>Sofii k&nbsp;tomuto skvel\u00e9mu \u00faspechu srde\u010dne blaho\u017eel\u00e1me, \u010fakujeme za vzorn\u00fa reprezent\u00e1ciu na\u0161ej \u0161koly a&nbsp;prajeme ve\u013ea s\u00edl a&nbsp;trpezlivosti pri roz\u0161irovan\u00ed si nov\u00fdch vedomost\u00ed a&nbsp;zru\u010dnost\u00ed v&nbsp;cudzom jazyku.<\/em><\/p>\n\n\n\n<p><em>&nbsp;&nbsp;&nbsp;&nbsp;&nbsp;&nbsp;&nbsp;&nbsp;&nbsp;&nbsp;&nbsp; &nbsp;&nbsp;&nbsp;&nbsp;&nbsp;&nbsp;&nbsp;&nbsp;&nbsp;&nbsp;&nbsp;&nbsp;&nbsp;&nbsp;&nbsp;&nbsp;&nbsp;&nbsp;&nbsp;&nbsp;&nbsp;&nbsp;&nbsp;&nbsp;&nbsp;&nbsp;&nbsp;&nbsp;&nbsp;&nbsp;&nbsp;&nbsp;&nbsp;&nbsp;&nbsp;&nbsp;&nbsp;&nbsp;&nbsp;&nbsp;&nbsp;&nbsp;&nbsp;&nbsp;&nbsp;&nbsp;&nbsp;&nbsp;&nbsp;&nbsp;PhDr. Iveta Mat\u00fa\u0161kov\u00e1 J\u00e1no\u0161\u00edkov\u00e1<\/em><\/p>\n","protected":false},"excerpt":{"rendered":"<p>Aj v&nbsp;tomto &scaron;kolskom roku sa 32. ro&#269;n&iacute;k Olympi&aacute;dy v&nbsp;nemeckom jazyku op&auml;&#357; konal online formou. Po &uacute;spe&scaron;nom absolvovan&iacute; &scaron;kolsk&eacute;ho a&nbsp;okresn&eacute;ho kola figurovala na v&yacute;sledkovej listine &#382;ia&#269;ka 3.<span class=\"excerpt-hellip\"> [\u2026]<\/span><\/p>\n","protected":false},"author":2,"featured_media":15079,"comment_status":"closed","ping_status":"closed","sticky":false,"template":"","format":"standard","meta":{"footnotes":""},"categories":[8],"tags":[],"class_list":["post-15076","post","type-post","status-publish","format-standard","has-post-thumbnail","hentry","category-ine"],"aioseo_notices":[],"_links":{"self":[{"href":"https:\/\/szslucnalc.sk\/index.php?rest_route=\/wp\/v2\/posts\/15076","targetHints":{"allow":["GET"]}}],"collection":[{"href":"https:\/\/szslucnalc.sk\/index.php?rest_route=\/wp\/v2\/posts"}],"about":[{"href":"https:\/\/szslucnalc.sk\/index.php?rest_route=\/wp\/v2\/types\/post"}],"author":[{"embeddable":true,"href":"https:\/\/szslucnalc.sk\/index.php?rest_route=\/wp\/v2\/users\/2"}],"replies":[{"embeddable":true,"href":"https:\/\/szslucnalc.sk\/index.php?rest_route=%2Fwp%2Fv2%2Fcomments&post=15076"}],"version-history":[{"count":5,"href":"https:\/\/szslucnalc.sk\/index.php?rest_route=\/wp\/v2\/posts\/15076\/revisions"}],"predecessor-version":[{"id":15085,"href":"https:\/\/szslucnalc.sk\/index.php?rest_route=\/wp\/v2\/posts\/15076\/revisions\/15085"}],"wp:featuredmedia":[{"embeddable":true,"href":"https:\/\/szslucnalc.sk\/index.php?rest_route=\/wp\/v2\/media\/15079"}],"wp:attachment":[{"href":"https:\/\/szslucnalc.sk\/index.php?rest_route=%2Fwp%2Fv2%2Fmedia&parent=15076"}],"wp:term":[{"taxonomy":"category","embeddable":true,"href":"https:\/\/szslucnalc.sk\/index.php?rest_route=%2Fwp%2Fv2%2Fcategories&post=15076"},{"taxonomy":"post_tag","embeddable":true,"href":"https:\/\/szslucnalc.sk\/index.php?rest_route=%2Fwp%2Fv2%2Ftags&post=15076"}],"curies":[{"name":"wp","href":"https:\/\/api.w.org\/{rel}","templated":true}]}}