{"id":15314,"date":"2022-03-25T00:17:10","date_gmt":"2022-03-24T23:17:10","guid":{"rendered":"https:\/\/szslucnalc.sk\/?p=15314"},"modified":"2022-03-25T00:17:12","modified_gmt":"2022-03-24T23:17:12","slug":"nezabudli-sme-pripominame-si-vyrocie-boja-za-ludske-prava","status":"publish","type":"post","link":"https:\/\/szslucnalc.sk\/?p=15314","title":{"rendered":"Nezabudli sme! Pripom\u00edname si v\u00fdro\u010die boja za \u013eudsk\u00e9 pr\u00e1va&#8230;"},"content":{"rendered":"\n<p>V tento de\u0148 spom\u00edname na 25. marec 1988, kedy sa na Hviezdoslavovom n\u00e1mest\u00ed v Bratislave odohrala <em>svie\u010dkov\u00e1 manifest\u00e1cia<\/em>, kde masa \u013eud\u00ed z Bratislavy a in\u00fdch k\u00fatov Slovenska so svie\u010dkami v ruk\u00e1ch, ,,bojovali&#8220; za svoje z\u00e1kladn\u00e9 \u013eudsk\u00e9 pr\u00e1va a slobody. Bol to prv\u00fd krok boja proti komunistick\u00e9mu re\u017eimu na \u010ceskoslovensku. Mal to by\u0165 aj odkaz pre n\u00e1s v\u0161etk\u00fdch, aby sme sa neb\u00e1li a vyjadrili nes\u00fahlas s nedodr\u017eiavan\u00edm z\u00e1kladn\u00fdch pr\u00e1v ka\u017ed\u00e9ho z n\u00e1s. \u013dudsk\u00e9 pr\u00e1va patria ka\u017ed\u00e9mu \u010dloveku na Zemi od narodenia. S\u00fa zakotven\u00e9 vo V\u0161eobecnej deklar\u00e1cii \u013eudsk\u00fdch pr\u00e1v. Pr\u00e1ve <em>SLOBODA<\/em> je slovo, ktor\u00e9 by nemalo by\u0165 v 21. storo\u010d\u00ed tabu. &nbsp;&nbsp;&nbsp;&nbsp;<\/p>\n\n\n\n<p>Sme slobodn\u00fd? To je ot\u00e1zka. V minulosti boli poru\u0161ovan\u00e9 \u013eudsk\u00e9 pr\u00e1va, my sme sa nepou\u010dili z hist\u00f3rie &nbsp;<em>a dnes<\/em> sme svedkami hrub\u00e9ho poru\u0161ovania \u013eudsk\u00fdch pr\u00e1v znova a znova. St\u00e1vame sa vzdelanej\u0161\u00edmi, m\u00fadrej\u0161\u00edmi, mocnej\u0161\u00edmi, ale bohu\u017eia\u013e sa st\u00e1vame menej \u013eu\u010fmi. T\u00fdmi \u013eu\u010fmi, ktor\u00ed \u0161\u00edria l\u00e1sku, pozitivizmus a mier. Nesmieme sa ut\u00e1pa\u0165 v \u017eiali. Pr\u00e1ve naopak, mus\u00edme bojova\u0165 za svoje pr\u00e1va a zmeni\u0165 svet, na\u0161u bud\u00facnos\u0165 k lep\u0161iemu. <em>Dokedy chceme opakova\u0165 tie ist\u00e9 chyby?<\/em><\/p>\n\n\n\n<p><em>Je to na n\u00e1s a ka\u017ed\u00fd mus\u00ed za\u010da\u0165 od seba. Ako na to? Neporu\u0161uj pr\u00e1va nikoho in\u00e9ho! Pri poru\u0161en\u00ed tvojich, \u010di pr\u00e1v niekoho in\u00e9ho neml\u010d a oslov pr\u00edslu\u0161n\u00e9 org\u00e1ny napr. verejn\u00e9ho ochrancu pr\u00e1v tzv. Ombudsmana! <\/em><strong><em>V\u017dDY BU\u010e \u013dUDSK\u00dd, BU\u010e \u010cLOVEKOM!<\/em><\/strong><br><br>Slnie\u010dko<\/p>\n","protected":false},"excerpt":{"rendered":"<p>V tento de&#328; spom&iacute;name na 25. marec 1988, kedy sa na Hviezdoslavovom n&aacute;mest&iacute; v Bratislave odohrala svie&#269;kov&aacute; manifest&aacute;cia, kde masa &#318;ud&iacute; z Bratislavy a in&yacute;ch k&uacute;tov<span class=\"excerpt-hellip\"> [\u2026]<\/span><\/p>\n","protected":false},"author":2,"featured_media":15315,"comment_status":"closed","ping_status":"closed","sticky":false,"template":"","format":"standard","meta":{"footnotes":""},"categories":[8],"tags":[],"class_list":["post-15314","post","type-post","status-publish","format-standard","has-post-thumbnail","hentry","category-ine"],"aioseo_notices":[],"_links":{"self":[{"href":"https:\/\/szslucnalc.sk\/index.php?rest_route=\/wp\/v2\/posts\/15314","targetHints":{"allow":["GET"]}}],"collection":[{"href":"https:\/\/szslucnalc.sk\/index.php?rest_route=\/wp\/v2\/posts"}],"about":[{"href":"https:\/\/szslucnalc.sk\/index.php?rest_route=\/wp\/v2\/types\/post"}],"author":[{"embeddable":true,"href":"https:\/\/szslucnalc.sk\/index.php?rest_route=\/wp\/v2\/users\/2"}],"replies":[{"embeddable":true,"href":"https:\/\/szslucnalc.sk\/index.php?rest_route=%2Fwp%2Fv2%2Fcomments&post=15314"}],"version-history":[{"count":1,"href":"https:\/\/szslucnalc.sk\/index.php?rest_route=\/wp\/v2\/posts\/15314\/revisions"}],"predecessor-version":[{"id":15316,"href":"https:\/\/szslucnalc.sk\/index.php?rest_route=\/wp\/v2\/posts\/15314\/revisions\/15316"}],"wp:featuredmedia":[{"embeddable":true,"href":"https:\/\/szslucnalc.sk\/index.php?rest_route=\/wp\/v2\/media\/15315"}],"wp:attachment":[{"href":"https:\/\/szslucnalc.sk\/index.php?rest_route=%2Fwp%2Fv2%2Fmedia&parent=15314"}],"wp:term":[{"taxonomy":"category","embeddable":true,"href":"https:\/\/szslucnalc.sk\/index.php?rest_route=%2Fwp%2Fv2%2Fcategories&post=15314"},{"taxonomy":"post_tag","embeddable":true,"href":"https:\/\/szslucnalc.sk\/index.php?rest_route=%2Fwp%2Fv2%2Ftags&post=15314"}],"curies":[{"name":"wp","href":"https:\/\/api.w.org\/{rel}","templated":true}]}}