{"id":15317,"date":"2022-03-25T09:54:13","date_gmt":"2022-03-25T08:54:13","guid":{"rendered":"https:\/\/szslucnalc.sk\/?p=15317"},"modified":"2022-03-25T09:54:14","modified_gmt":"2022-03-25T08:54:14","slug":"sme-doma-v-eu","status":"publish","type":"post","link":"https:\/\/szslucnalc.sk\/?p=15317","title":{"rendered":"Sme doma v\u00a0E\u00da ?"},"content":{"rendered":"\n<p>Odpove\u010f sme dostali 23. marca na p\u00f4de na\u0161ej \u0161koly, kde n\u00e1m p\u00fatav\u00fdm rozpr\u00e1van\u00edm<br>sprostredkoval inform\u00e1cie p\u00e1n Andrej Krch\u0148av\u00fd v&nbsp;zast\u00fapen\u00ed E\u00faropskej komisie na Slovensku.<br>Tejto predn\u00e1\u0161ky sa z\u00fa\u010dastnili \u017eiaci&nbsp; r\u00f4znych ro\u010dn\u00edkov a t\u00fdm obohatili svoje obzory. Dozvedeli<br>sme sa mnoho zauj\u00edmav\u00fdch inform\u00e1ci\u00ed ako to v Eur\u00f3pskom parlamente funguje, ak\u00e9 maj\u00fa<br>pr\u00e1vomoci jednotliv\u00e9 v\u00fdbory, Eur\u00f3pska komisia a na na\u0161e prekvapenie aj to, \u017ee vznik<br>Eur\u00f3pskeho parlamentu m\u00e1 \u00fazky s\u00favis s prvou svetovou vojnou. Hovoril n\u00e1m aj o<br>mo\u017enostiach, ktor\u00e9 n\u00e1m projekt E\u00da- Erasmus + pon\u00faka a dal n\u00e1m do povedomia aj in\u00e9<br>doplnkov\u00e9 projekty pre mlad\u00fdch \u013eud\u00ed. \u2013 e\u00faropsk\u00fd dial\u00f3g s&nbsp;ml\u00e1de\u017eou &#8211;<br>https:\/\/eudialogsmladezou.sk\/eu-dialog-s-mladezou\/co-je-europsky-dialog-s-mladezou\/ ,<br>\u00fa\u010das\u0165 na euroscole &#8211; https:\/\/www.europarl.europa.eu\/euroscola\/en\/calendar.html,<br>mo\u017enosti cestovania po eur\u00f3pe v\u010faka programu DiscoverEU &#8211;<br>https:\/\/europa.eu\/youth\/discovereu_sk a&nbsp;in\u00e9.<\/p>\n\n\n\n<p>Predn\u00e1\u0161ka bola ve\u013emi p\u00fatav\u00e1 a mysl\u00edm, \u017ee zaujala ka\u017ed\u00e9ho sediaceho v u\u010debni. \u010eakujeme za<br>t\u00fato pr\u00edle\u017eitos\u0165.<\/p>\n\n\n\n<p>V. Jon\u00e1\u0161ov\u00e1 3.A<\/p>\n","protected":false},"excerpt":{"rendered":"<p>Odpove&#271; sme dostali 23. marca na p&ocirc;de na&scaron;ej &scaron;koly, kde n&aacute;m p&uacute;tav&yacute;m rozpr&aacute;van&iacute;msprostredkoval inform&aacute;cie p&aacute;n Andrej Krch&#328;av&yacute; v&nbsp;zast&uacute;pen&iacute; E&uacute;ropskej komisie na Slovensku.Tejto predn&aacute;&scaron;ky sa z&uacute;&#269;astnili &#382;iaci&nbsp;<span class=\"excerpt-hellip\"> [\u2026]<\/span><\/p>\n","protected":false},"author":2,"featured_media":15318,"comment_status":"closed","ping_status":"closed","sticky":false,"template":"","format":"standard","meta":{"footnotes":""},"categories":[8],"tags":[],"class_list":["post-15317","post","type-post","status-publish","format-standard","has-post-thumbnail","hentry","category-ine"],"aioseo_notices":[],"_links":{"self":[{"href":"https:\/\/szslucnalc.sk\/index.php?rest_route=\/wp\/v2\/posts\/15317","targetHints":{"allow":["GET"]}}],"collection":[{"href":"https:\/\/szslucnalc.sk\/index.php?rest_route=\/wp\/v2\/posts"}],"about":[{"href":"https:\/\/szslucnalc.sk\/index.php?rest_route=\/wp\/v2\/types\/post"}],"author":[{"embeddable":true,"href":"https:\/\/szslucnalc.sk\/index.php?rest_route=\/wp\/v2\/users\/2"}],"replies":[{"embeddable":true,"href":"https:\/\/szslucnalc.sk\/index.php?rest_route=%2Fwp%2Fv2%2Fcomments&post=15317"}],"version-history":[{"count":1,"href":"https:\/\/szslucnalc.sk\/index.php?rest_route=\/wp\/v2\/posts\/15317\/revisions"}],"predecessor-version":[{"id":15326,"href":"https:\/\/szslucnalc.sk\/index.php?rest_route=\/wp\/v2\/posts\/15317\/revisions\/15326"}],"wp:featuredmedia":[{"embeddable":true,"href":"https:\/\/szslucnalc.sk\/index.php?rest_route=\/wp\/v2\/media\/15318"}],"wp:attachment":[{"href":"https:\/\/szslucnalc.sk\/index.php?rest_route=%2Fwp%2Fv2%2Fmedia&parent=15317"}],"wp:term":[{"taxonomy":"category","embeddable":true,"href":"https:\/\/szslucnalc.sk\/index.php?rest_route=%2Fwp%2Fv2%2Fcategories&post=15317"},{"taxonomy":"post_tag","embeddable":true,"href":"https:\/\/szslucnalc.sk\/index.php?rest_route=%2Fwp%2Fv2%2Ftags&post=15317"}],"curies":[{"name":"wp","href":"https:\/\/api.w.org\/{rel}","templated":true}]}}