{"id":15373,"date":"2022-03-29T17:16:33","date_gmt":"2022-03-29T15:16:33","guid":{"rendered":"https:\/\/szslucnalc.sk\/?p=15373"},"modified":"2022-03-30T13:08:16","modified_gmt":"2022-03-30T11:08:16","slug":"erasmus-odborna-staz-v-prahe","status":"publish","type":"post","link":"https:\/\/szslucnalc.sk\/?p=15373","title":{"rendered":"Erasmus + odborn\u00e1 st\u00e1\u017e v Prahe"},"content":{"rendered":"\n<figure class=\"wp-block-image size-full\"><img loading=\"lazy\" decoding=\"async\" width=\"160\" height=\"46\" src=\"https:\/\/szslucnalc.sk\/wp-content\/uploads\/2022\/03\/erasmuslogo-m.jpg\" alt=\"\" class=\"wp-image-15312\" srcset=\"https:\/\/szslucnalc.sk\/wp-content\/uploads\/2022\/03\/erasmuslogo-m.jpg 160w, https:\/\/szslucnalc.sk\/wp-content\/uploads\/2022\/03\/erasmuslogo-m-50x14.jpg 50w, https:\/\/szslucnalc.sk\/wp-content\/uploads\/2022\/03\/erasmuslogo-m-150x43.jpg 150w\" sizes=\"auto, (max-width:767px) 160px, 160px\" \/><\/figure>\n\n\n\n<p>Nede\u013en\u00e9 rann\u00e9 vst\u00e1vanie 27.3.2022 n\u00e1m spr\u00edjemnilo vedomie, \u017ee cestujeme na odborn\u00fa st\u00e1\u017e do kr\u00e1snej Prahy. Stretli sme sa desiati + 2 pani profesorky na vlakovej stanici v Lu\u010denci. I, ke\u010f bolo skoro r\u00e1no z n\u00e1s priam sr\u0161alo \u0161\u0165astie a rados\u0165. Nevedeli sme sa do\u010dka\u0165 kedy kone\u010dne nast\u00fapime do vlaku a vyberieme sa za dobrodru\u017estvom, sk\u00fasenos\u0165ami a z\u00e1bavou. Cestu vlakom sme str\u00e1vili pr\u00edjemne. Ve\u013ea sme sa rozpr\u00e1vali, spievali a hrali spolo\u010densk\u00fa hru alias party. Ve\u013emi n\u00e1s te\u0161\u00ed, \u017ee na\u0161a spolo\u010dn\u00e1 p\u00fa\u0165 iba za\u010d\u00edna a spolu str\u00e1vime e\u0161te kr\u00e1sne 2 t\u00fd\u017edne. Tesne pred na\u0161ou vyt\u00fa\u017eenou destin\u00e1ciou sa \u010das vliekol pomaly a pomal\u0161ie. No nakoniec sme v\u00ed\u0165azosl\u00e1vne dorazili do hlavn\u00e9ho mesto \u010ceskej republiky. Praha n\u00e1s v\u00edtala s otvorenou n\u00e1ru\u010dou a nie len ona. V\u00edtali n\u00e1s aj diviaky, ktor\u00e9 sa spokojne prech\u00e1dzali pred supermarketom. Ke\u010f sme nak\u00fapili a kone\u010dne sa po celom dni ubytovali, tak sme si odpo\u010dinuli na ubytovni pre sestry v bl\u00edzkosti nemocnice Motol. Na druh\u00fd de\u0148 sme skoro r\u00e1no vstali, upravili sme sa a kr\u00e1\u010dali sme do nezn\u00e1ma. Za\u010dali sme objavova\u0165 dychvyr\u00e1\u017eaj\u00facu ve\u013ekolep\u00fa nemocnicu Motol. Mil\u00e9 pani profesorky z Vy\u0161\u0161ej odbornej \u0161kole zdravotn\u00edckej a strednej zdravotn\u00edckej \u0161koly n\u00e1s previedli dvoma mini exkurziami. Rozdelili sme sa do dvoch skup\u00edn. Jedna skupina spozn\u00e1vala oddelenie detskej neurol\u00f3gie. Kde sa zameriavaj\u00fa na deti s r\u00f4znymi formami epilepsie, Bellovou obrnou, spin\u00e1lnou svalovou atrofiou a mnoh\u00fdmi in\u00fdmi \u0161pecifick\u00fdmi ochoreniami neurologick\u00e9ho charakteru u det\u00ed. Druh\u00e1 skupinka spozn\u00e1vala oddelenie detskej chirurgie vo vekovej kateg\u00f3rie od narodenia po 6 rok \u017eivota. Najviac sa n\u00e1m p\u00e1\u010dila ve\u013ekos\u0165 nemocnice, pr\u00edjemn\u00fd person\u00e1l, vynikaj\u00face technick\u00e9 vybavenie oddelen\u00ed a v\u00fdborn\u00e1 \u00farove\u0148 zdravotn\u00edckej starostlivosti. Obdivovali sme i potrubn\u00fd syst\u00e9m, ktor\u00fdm z oddelenia sestry posielaj\u00fa biologick\u00fd materi\u00e1l do laborat\u00f3ri\u00ed. Takisto sa n\u00e1m p\u00e1\u010dil syst\u00e9m riedenia dezinfekcie. Nemuseli sme si vypo\u010d\u00edta\u0165 pr\u00edklad, aby sme dobre nariedili dezinfek\u010dn\u00fd roztok, preto\u017ee sa riedil automaticky sta\u010dilo len otvori\u0165 kuh\u00fatik. \u017dasli sme aj nad prekr\u00e1snym inetri\u00e9rom, ktor\u00fd bol vyzdoben\u00fdmi farebn\u00fdmi ma\u013ebami. Obe skupinky sme sa navz\u00e1jom prestriedali, aby nikto o ni\u010d nepri\u0161iel. S na\u0161\u00edm prv\u00fdm d\u0148om na praxi v \u010cech\u00e1ch sme boli nadmieru spokojn\u00fd. Dnes sme nav\u0161t\u00edvili na\u0161ich \u010desk\u00fdch spolu\u017eiakov na \u0161kole VO\u0160Z a SZ\u0160 5. kv\u011btna. V\u010faka projektu Erasmus + m\u00e1me poobede mo\u017enos\u0165 spozn\u00e1va\u0165 kult\u00farne dedi\u010dstvo susednej krajiny. U\u017e teraz sa te\u0161\u00edme na to, \u010do za\u017eijeme \u010fal\u0161ie dni.<\/p>\n\n\n\n<p>Janka Sihelsk\u00e1<\/p>\n","protected":false},"excerpt":{"rendered":"<p>Nede&#318;n&eacute; rann&eacute; vst&aacute;vanie 27.3.2022 n&aacute;m spr&iacute;jemnilo vedomie, &#382;e cestujeme na odborn&uacute; st&aacute;&#382; do kr&aacute;snej Prahy. Stretli sme sa desiati + 2 pani profesorky na vlakovej stanici<span class=\"excerpt-hellip\"> [\u2026]<\/span><\/p>\n","protected":false},"author":2,"featured_media":15430,"comment_status":"closed","ping_status":"closed","sticky":false,"template":"","format":"standard","meta":{"footnotes":""},"categories":[8],"tags":[],"class_list":["post-15373","post","type-post","status-publish","format-standard","has-post-thumbnail","hentry","category-ine"],"aioseo_notices":[],"_links":{"self":[{"href":"https:\/\/szslucnalc.sk\/index.php?rest_route=\/wp\/v2\/posts\/15373","targetHints":{"allow":["GET"]}}],"collection":[{"href":"https:\/\/szslucnalc.sk\/index.php?rest_route=\/wp\/v2\/posts"}],"about":[{"href":"https:\/\/szslucnalc.sk\/index.php?rest_route=\/wp\/v2\/types\/post"}],"author":[{"embeddable":true,"href":"https:\/\/szslucnalc.sk\/index.php?rest_route=\/wp\/v2\/users\/2"}],"replies":[{"embeddable":true,"href":"https:\/\/szslucnalc.sk\/index.php?rest_route=%2Fwp%2Fv2%2Fcomments&post=15373"}],"version-history":[{"count":2,"href":"https:\/\/szslucnalc.sk\/index.php?rest_route=\/wp\/v2\/posts\/15373\/revisions"}],"predecessor-version":[{"id":15433,"href":"https:\/\/szslucnalc.sk\/index.php?rest_route=\/wp\/v2\/posts\/15373\/revisions\/15433"}],"wp:featuredmedia":[{"embeddable":true,"href":"https:\/\/szslucnalc.sk\/index.php?rest_route=\/wp\/v2\/media\/15430"}],"wp:attachment":[{"href":"https:\/\/szslucnalc.sk\/index.php?rest_route=%2Fwp%2Fv2%2Fmedia&parent=15373"}],"wp:term":[{"taxonomy":"category","embeddable":true,"href":"https:\/\/szslucnalc.sk\/index.php?rest_route=%2Fwp%2Fv2%2Fcategories&post=15373"},{"taxonomy":"post_tag","embeddable":true,"href":"https:\/\/szslucnalc.sk\/index.php?rest_route=%2Fwp%2Fv2%2Ftags&post=15373"}],"curies":[{"name":"wp","href":"https:\/\/api.w.org\/{rel}","templated":true}]}}