{"id":15584,"date":"2022-04-13T13:35:12","date_gmt":"2022-04-13T11:35:12","guid":{"rendered":"https:\/\/szslucnalc.sk\/?p=15584"},"modified":"2022-04-13T13:35:14","modified_gmt":"2022-04-13T11:35:14","slug":"co-po-skole","status":"publish","type":"post","link":"https:\/\/szslucnalc.sk\/?p=15584","title":{"rendered":"\u010co po \u0161kole ?"},"content":{"rendered":"\n<p>D\u0148a 12.apr\u00edla n\u00e1s pote\u0161ili n\u00e1v\u0161tevou kari\u00e9rni konzultanti mesta Lu\u010denec. Obohatili n\u00e1s o inform\u00e1cie oh\u013eadom \u010fal\u0161ieho \u0161t\u00fadia, mo\u017enost\u00ed vzdel\u00e1vania alebo pracovn\u00fdch miest v na\u0161om regi\u00f3ne. S\u00fa otvoren\u00ed nov\u00fdm projektom zo strany \u0161tudentov a radi n\u00e1s podporia. Zauj\u00edmali sa aj o na\u0161u prax, ktor\u00fa chc\u00fa rozv\u00edja\u0165 \u010falej do ambulanci\u00ed alebo in\u00fdch nemocn\u00edc. Dali n\u00e1m mo\u017enos\u0165 spozna\u0165 \u0161tudentov vysok\u00fdch \u0161k\u00f4l , na ktor\u00e9 sa chyst\u00e1me, aby n\u00e1s obozn\u00e1mili s t\u00fdm , ako prebieha v\u00fdu\u010dba a ako sa pripravovali na prij\u00edmacie sk\u00fa\u0161ky. Ich prioritou je taktie\u017e zamera\u0165 sa na to, aby sme na\u0161li svoje poslanie a rozv\u00edjali sa v tom, \u010do m\u00e1me prirodzene dan\u00e9. S\u00fa ochotn\u00ed n\u00e1m poskytn\u00fa\u0165 individu\u00e1lne konzult\u00e1cie, v ktor\u00fdch n\u00e1s usmernia, v \u010dom tkvie podstata n\u00e1\u0161ho povolania. Sta\u010d\u00ed sa len rozhodn\u00fa\u0165, v \u010dom chceme \u010falej r\u00e1s\u0165. Za t\u00fato pr\u00edle\u017eitos\u0165 \u010fakujeme p\u00e1novi a pani Kojnokovej, ktor\u00ed n\u00e1m t\u00fato besedu sprostredkovali a pani profesorke Sekulovej, \u017ee n\u00e1m umo\u017enila sa tohto z\u00fa\u010dastni\u0165. Ver\u00edme, \u017ee sa budeme stret\u00e1va\u0165 aj na\u010falej.<\/p>\n\n\n\n<pre class=\"wp-block-code\"><code>                                   Tretia\u010dky       V. Jon\u00e1\u0161ov\u00e1  , K, Sk\u00fdpalov\u00e1<\/code><\/pre>\n","protected":false},"excerpt":{"rendered":"<p>D&#328;a 12.apr&iacute;la n&aacute;s pote&scaron;ili n&aacute;v&scaron;tevou kari&eacute;rni konzultanti mesta Lu&#269;enec. Obohatili n&aacute;s o inform&aacute;cie oh&#318;adom &#271;al&scaron;ieho &scaron;t&uacute;dia, mo&#382;nost&iacute; vzdel&aacute;vania alebo pracovn&yacute;ch miest v na&scaron;om regi&oacute;ne. S&uacute; otvoren&iacute;<span class=\"excerpt-hellip\"> [\u2026]<\/span><\/p>\n","protected":false},"author":2,"featured_media":15587,"comment_status":"closed","ping_status":"closed","sticky":false,"template":"","format":"standard","meta":{"footnotes":""},"categories":[8],"tags":[],"class_list":["post-15584","post","type-post","status-publish","format-standard","has-post-thumbnail","hentry","category-ine"],"aioseo_notices":[],"_links":{"self":[{"href":"https:\/\/szslucnalc.sk\/index.php?rest_route=\/wp\/v2\/posts\/15584","targetHints":{"allow":["GET"]}}],"collection":[{"href":"https:\/\/szslucnalc.sk\/index.php?rest_route=\/wp\/v2\/posts"}],"about":[{"href":"https:\/\/szslucnalc.sk\/index.php?rest_route=\/wp\/v2\/types\/post"}],"author":[{"embeddable":true,"href":"https:\/\/szslucnalc.sk\/index.php?rest_route=\/wp\/v2\/users\/2"}],"replies":[{"embeddable":true,"href":"https:\/\/szslucnalc.sk\/index.php?rest_route=%2Fwp%2Fv2%2Fcomments&post=15584"}],"version-history":[{"count":1,"href":"https:\/\/szslucnalc.sk\/index.php?rest_route=\/wp\/v2\/posts\/15584\/revisions"}],"predecessor-version":[{"id":15589,"href":"https:\/\/szslucnalc.sk\/index.php?rest_route=\/wp\/v2\/posts\/15584\/revisions\/15589"}],"wp:featuredmedia":[{"embeddable":true,"href":"https:\/\/szslucnalc.sk\/index.php?rest_route=\/wp\/v2\/media\/15587"}],"wp:attachment":[{"href":"https:\/\/szslucnalc.sk\/index.php?rest_route=%2Fwp%2Fv2%2Fmedia&parent=15584"}],"wp:term":[{"taxonomy":"category","embeddable":true,"href":"https:\/\/szslucnalc.sk\/index.php?rest_route=%2Fwp%2Fv2%2Fcategories&post=15584"},{"taxonomy":"post_tag","embeddable":true,"href":"https:\/\/szslucnalc.sk\/index.php?rest_route=%2Fwp%2Fv2%2Ftags&post=15584"}],"curies":[{"name":"wp","href":"https:\/\/api.w.org\/{rel}","templated":true}]}}