{"id":15705,"date":"2022-04-26T13:07:22","date_gmt":"2022-04-26T11:07:22","guid":{"rendered":"https:\/\/szslucnalc.sk\/?p=15705"},"modified":"2022-04-26T13:07:24","modified_gmt":"2022-04-26T11:07:24","slug":"sutaz-o-europskej-unii","status":"publish","type":"post","link":"https:\/\/szslucnalc.sk\/?p=15705","title":{"rendered":"S\u00fa\u0165a\u017e o\u00a0Eur\u00f3pskej \u00fanii"},"content":{"rendered":"\n<p>D\u0148a 22.04.2022 sa v&nbsp;priestoroch Radnice v&nbsp;Lu\u010denci&nbsp; konala vedomostn\u00e1 s\u00fa\u0165a\u017e \u201eMlad\u00fd Eur\u00f3pan&#8220;,<\/p>\n\n\n\n<p>venovan\u00e1 \u0161tudentom druh\u00fdch , tret\u00edch a&nbsp;\u0161tvrt\u00fdch ro\u010dn\u00edkov gymn\u00e1zi\u00ed a&nbsp;stredn\u00fdch odborn\u00fdch \u0161k\u00f4l z&nbsp;cel\u00e9ho Slovenska. Obsahov\u00e9 zameranie &nbsp;region\u00e1lneho kola s\u00fa\u0165a\u017ee zah\u0155\u0148alo aktu\u00e1lne inform\u00e1cie o&nbsp;problematike Eur\u00f3pskej \u00fanie a&nbsp;jednotliv\u00fdch \u010dlensk\u00fdch \u0161t\u00e1toch . Poslan\u00edm s\u00fa\u0165a\u017ee bolo zv\u00fd\u0161i\u0165 povedomie participat\u00edvneho ob\u010dianstva Eur\u00f3pskej \u00fanie medzi \u0161tudentami stredn\u00fdch \u0161k\u00f4l na Slovensku.<\/p>\n\n\n\n<p>Na\u0161u \u0161kolu zastupovali \u0161tudenti druh\u00fdch ro\u010dn\u00edkov: Ladislav Gregor(II.A), Richard Franti\u0161ek Jarol\u00edmek a&nbsp;Laura L\u00ed\u0161kov\u00e1(II.B). V&nbsp;n\u00e1ro\u010dnej konkurencii sa umiestnili na 6. mieste.<\/p>\n\n\n\n<p>Bola to obohacuj\u00faca sk\u00fasenos\u0165 s&nbsp;roz\u0161\u00edren\u00edm znalost\u00ed hlavne v&nbsp;roku 2022, ktor\u00fd je Eur\u00f3pskym rokom ml\u00e1de\u017ee.<\/p>\n","protected":false},"excerpt":{"rendered":"<p>D&#328;a 22.04.2022 sa v&nbsp;priestoroch Radnice v&nbsp;Lu&#269;enci&nbsp; konala vedomostn&aacute; s&uacute;&#357;a&#382; &bdquo;Mlad&yacute; Eur&oacute;pan&ldquo;, venovan&aacute; &scaron;tudentom druh&yacute;ch , tret&iacute;ch a&nbsp;&scaron;tvrt&yacute;ch ro&#269;n&iacute;kov gymn&aacute;zi&iacute; a&nbsp;stredn&yacute;ch odborn&yacute;ch &scaron;k&ocirc;l z&nbsp;cel&eacute;ho Slovenska. Obsahov&eacute; zameranie<span class=\"excerpt-hellip\"> [\u2026]<\/span><\/p>\n","protected":false},"author":2,"featured_media":15706,"comment_status":"closed","ping_status":"closed","sticky":false,"template":"","format":"standard","meta":{"footnotes":""},"categories":[8],"tags":[],"class_list":["post-15705","post","type-post","status-publish","format-standard","has-post-thumbnail","hentry","category-ine"],"aioseo_notices":[],"_links":{"self":[{"href":"https:\/\/szslucnalc.sk\/index.php?rest_route=\/wp\/v2\/posts\/15705","targetHints":{"allow":["GET"]}}],"collection":[{"href":"https:\/\/szslucnalc.sk\/index.php?rest_route=\/wp\/v2\/posts"}],"about":[{"href":"https:\/\/szslucnalc.sk\/index.php?rest_route=\/wp\/v2\/types\/post"}],"author":[{"embeddable":true,"href":"https:\/\/szslucnalc.sk\/index.php?rest_route=\/wp\/v2\/users\/2"}],"replies":[{"embeddable":true,"href":"https:\/\/szslucnalc.sk\/index.php?rest_route=%2Fwp%2Fv2%2Fcomments&post=15705"}],"version-history":[{"count":1,"href":"https:\/\/szslucnalc.sk\/index.php?rest_route=\/wp\/v2\/posts\/15705\/revisions"}],"predecessor-version":[{"id":15707,"href":"https:\/\/szslucnalc.sk\/index.php?rest_route=\/wp\/v2\/posts\/15705\/revisions\/15707"}],"wp:featuredmedia":[{"embeddable":true,"href":"https:\/\/szslucnalc.sk\/index.php?rest_route=\/wp\/v2\/media\/15706"}],"wp:attachment":[{"href":"https:\/\/szslucnalc.sk\/index.php?rest_route=%2Fwp%2Fv2%2Fmedia&parent=15705"}],"wp:term":[{"taxonomy":"category","embeddable":true,"href":"https:\/\/szslucnalc.sk\/index.php?rest_route=%2Fwp%2Fv2%2Fcategories&post=15705"},{"taxonomy":"post_tag","embeddable":true,"href":"https:\/\/szslucnalc.sk\/index.php?rest_route=%2Fwp%2Fv2%2Ftags&post=15705"}],"curies":[{"name":"wp","href":"https:\/\/api.w.org\/{rel}","templated":true}]}}