{"id":15723,"date":"2022-04-28T09:31:43","date_gmt":"2022-04-28T07:31:43","guid":{"rendered":"https:\/\/szslucnalc.sk\/?p=15723"},"modified":"2022-04-28T13:22:10","modified_gmt":"2022-04-28T11:22:10","slug":"nase-predmaturitne-putovanie","status":"publish","type":"post","link":"https:\/\/szslucnalc.sk\/?p=15723","title":{"rendered":"Na\u0161e predmaturitn\u00e9 putovanie&#8230;"},"content":{"rendered":"\n<p>Za\u010diatkom mesiaca sme dostali ne\u010dakan\u00fa ponuku na exkurziu v\u00a0N\u00daDCH v\u00a0Bratislave a\u00a0z\u00e1rove\u0148 na mo\u017enos\u0165 vychutna\u0165 si kr\u00e1sy Viedne a\u00a0Bratislavy. Po pozit\u00edvnej odpovedi a s\u00a0ve\u013ek\u00fdm nad\u0161en\u00edm sme r\u00e1no 26.4.2022 obidve triedy nasadli na autobus a\u00a0vyrazili do Viedne.<\/p>\n\n\n\n<p>Ke\u010f\u017ee na\u0161a triedna u\u010dite\u013eka Mgr. Angelika Hergelov\u00e1 je vo Viedni ako doma, mali sme na\u0161e putovanie aj s&nbsp;odborn\u00fdm v\u00fdkladom. Bolo to ve\u013emi &nbsp;mil\u00e9 po\u010d\u00favanie, ke\u010f sme v&nbsp;jej o\u010diach videli rados\u0165 a&nbsp;nad\u0161enie, \u017ee n\u00e1s m\u00f4\u017ee previes\u0165&nbsp; jej \u201edruh\u00fdm domovom.\u201c Na\u0161e spozn\u00e1vanie tohto rak\u00faskeho ve\u013ekomesta za\u010d\u00edna v&nbsp;z\u00e1bavnom parku Prater, kde sme mohli vidie\u0165 a&nbsp;samozrejme aj nav\u0161t\u00edvi\u0165 mno\u017estvo atrakci\u00ed.<\/p>\n\n\n\n<p>Po vybl\u00e1znen\u00ed sa na koloto\u010doch sme pokra\u010dovali metrom do historick\u00e9ho centra, kde sme po in\u0161trukci\u00e1ch ako sa nestrati\u0165, obdivovali &nbsp;dominanty Viedne \u2013 Katedr\u00e1lu sv. \u0160tefana, K\u00e4rtnerov\u00fa ulicu, \u0161t\u00e1tnu operu, Hofburg, z\u00e1hrady, n\u00e1mestie M\u00e1rie-Ter\u00e9zie s n\u00e1dhern\u00fdmi budovami pr\u00edrodovedn\u00e9ho m\u00fazea a m\u00fazea umenia a kult\u00fary.<\/p>\n\n\n\n<p>Predve\u010derom prich\u00e1dzame do&nbsp; Bratislavy, kde sme po ubytovan\u00ed nav\u0161t\u00edvili star\u00e9 mesto.<\/p>\n\n\n\n<p>Na druh\u00fd de\u0148 r\u00e1no n\u00e1s \u010dakalo u\u017e nie\u010do in\u00e9 ako len z\u00e1bava a&nbsp;hist\u00f3ria. Odborn\u00e1 exkurzia v N\u00e1rodnom \u00fastave detsk\u00fdch chor\u00f4b v&nbsp;Bratislave bol hlavn\u00fdm cie\u013eom na\u0161ej cesty. Priv\u00edtala n\u00e1s pani n\u00e1mestn\u00ed\u010dka PhDr. Belc\u00e1kov\u00e1, ktor\u00e1 n\u00e1s obozn\u00e1mila s&nbsp;hist\u00f3riou a&nbsp;s\u00fa\u010dasnos\u0165ou \u00fastavu. Nach\u00e1dza sa tu 13 vysoko \u0161pecializovan\u00fdch klin\u00edk pre deti, rozdelen\u00fdch pod\u013ea postihnut\u00e9ho syst\u00e9mu \u010di org\u00e1nu. Mali sme mo\u017enos\u0165 vidie\u0165 a&nbsp;z\u00e1rove\u0148 aj nav\u0161t\u00edvi\u0165 detsk\u00fa kliniku, transplanta\u010dn\u00fa jednotku kostnej drene, detsk\u00fa ortop\u00e9diu, onkol\u00f3giu, neurol\u00f3giu a&nbsp;tie\u017e detsk\u00fd urgentn\u00fd pr\u00edjem. Na ka\u017edom nav\u0161t\u00edvenom oddelen\u00ed sa n\u00e1s ujala stani\u010dn\u00e1 sestra, ktor\u00e1 n\u00e1s obozn\u00e1mila so samotnou o\u0161etrovate\u013eskou starostlivos\u0165ou, praxou, vn\u00fatorn\u00fdm usporiadan\u00edm oddelenia a&nbsp;mnoh\u00fdm \u010fal\u0161\u00edm.&nbsp; Pr\u00edzvukovali n\u00e1m aj samotn\u00e9 sestri\u010dky, \u017ee bud\u00fa radi ak n\u00e1s v&nbsp;bl\u00edzkej bud\u00facnosti priv\u00edtaj\u00fa ako s\u00fa\u010das\u0165 ich pracovn\u00e9ho kolekt\u00edvu, ke\u010f\u017ee aj u&nbsp;nich je nedostatok zdravotn\u00edckych pracovn\u00edkov.&nbsp;<\/p>\n\n\n\n<p>Pred odchodom z&nbsp;hlavn\u00e9ho mesta Slovenska sme e\u0161te kr\u00e1tko nav\u0161t\u00edvil n\u00e1kupn\u00e9 centrum a&nbsp;spr\u00e1vne unaven\u00ed sme sa vydali na cestu domov.<\/p>\n\n\n\n<p>T\u00fdmto by sme sa chceli ve\u013emi pekne po\u010fakova\u0165 za n\u00e1\u0161 posledn\u00fd spolo\u010dn\u00fd v\u00fdlet na\u0161im triednym u\u010dite\u013ek\u00e1m Mgr. Faj\u010d\u00edkovej a&nbsp;Mgr. Hergelovej a&nbsp;samozrejme aj na\u0161im odborn\u00fdm u\u010dite\u013ek\u00e1m PhDr. Drugdovej a&nbsp;Mgr. Pa\u00fakovej. Aj ke\u010f to bol n\u00e1\u0161 posledn\u00fd \u0161kolsk\u00fd v\u00fdlet u\u017eili sme si ho nadov\u0161etko a&nbsp;odn\u00e1\u0161ame si ve\u013ea pekn\u00fdch z\u00e1\u017eitkov, na ktor\u00e9 budeme e\u0161te dlho spom\u00edna\u0165. \u010eakujeme<\/p>\n\n\n\n<p class=\"has-text-align-right\">Za kolekt\u00edv \u0161tvrt\u00e1kov Viki Hikkerov\u00e1<\/p>\n","protected":false},"excerpt":{"rendered":"<p>Za&#269;iatkom mesiaca sme dostali ne&#269;akan&uacute; ponuku na exkurziu v&nbsp;N&Uacute;DCH v&nbsp;Bratislave a&nbsp;z&aacute;rove&#328; na mo&#382;nos&#357; vychutna&#357; si kr&aacute;sy Viedne a&nbsp;Bratislavy. Po pozit&iacute;vnej odpovedi a s&nbsp;ve&#318;k&yacute;m nad&scaron;en&iacute;m sme r&aacute;no<span class=\"excerpt-hellip\"> [\u2026]<\/span><\/p>\n","protected":false},"author":2,"featured_media":15730,"comment_status":"closed","ping_status":"closed","sticky":false,"template":"","format":"standard","meta":{"footnotes":""},"categories":[8],"tags":[],"class_list":["post-15723","post","type-post","status-publish","format-standard","has-post-thumbnail","hentry","category-ine"],"aioseo_notices":[],"_links":{"self":[{"href":"https:\/\/szslucnalc.sk\/index.php?rest_route=\/wp\/v2\/posts\/15723","targetHints":{"allow":["GET"]}}],"collection":[{"href":"https:\/\/szslucnalc.sk\/index.php?rest_route=\/wp\/v2\/posts"}],"about":[{"href":"https:\/\/szslucnalc.sk\/index.php?rest_route=\/wp\/v2\/types\/post"}],"author":[{"embeddable":true,"href":"https:\/\/szslucnalc.sk\/index.php?rest_route=\/wp\/v2\/users\/2"}],"replies":[{"embeddable":true,"href":"https:\/\/szslucnalc.sk\/index.php?rest_route=%2Fwp%2Fv2%2Fcomments&post=15723"}],"version-history":[{"count":2,"href":"https:\/\/szslucnalc.sk\/index.php?rest_route=\/wp\/v2\/posts\/15723\/revisions"}],"predecessor-version":[{"id":15754,"href":"https:\/\/szslucnalc.sk\/index.php?rest_route=\/wp\/v2\/posts\/15723\/revisions\/15754"}],"wp:featuredmedia":[{"embeddable":true,"href":"https:\/\/szslucnalc.sk\/index.php?rest_route=\/wp\/v2\/media\/15730"}],"wp:attachment":[{"href":"https:\/\/szslucnalc.sk\/index.php?rest_route=%2Fwp%2Fv2%2Fmedia&parent=15723"}],"wp:term":[{"taxonomy":"category","embeddable":true,"href":"https:\/\/szslucnalc.sk\/index.php?rest_route=%2Fwp%2Fv2%2Fcategories&post=15723"},{"taxonomy":"post_tag","embeddable":true,"href":"https:\/\/szslucnalc.sk\/index.php?rest_route=%2Fwp%2Fv2%2Ftags&post=15723"}],"curies":[{"name":"wp","href":"https:\/\/api.w.org\/{rel}","templated":true}]}}