{"id":15816,"date":"2022-05-09T14:44:26","date_gmt":"2022-05-09T12:44:26","guid":{"rendered":"https:\/\/szslucnalc.sk\/?p=15816"},"modified":"2022-05-09T14:48:05","modified_gmt":"2022-05-09T12:48:05","slug":"nezabudli-ste-na-svetovy-den-cerveneho-kriza","status":"publish","type":"post","link":"https:\/\/szslucnalc.sk\/?p=15816","title":{"rendered":"Nezabudli ste na svetov\u00fd de\u0148 \u010cerven\u00e9ho kr\u00ed\u017ea ?"},"content":{"rendered":"\n<p>Ke\u010f sa povie \u010cerven\u00fd kr\u00ed\u017e, hne\u010f si spomenieme na kr\u00ed\u017e, polmesiac, dobrovo\u013enos\u0165 alebo na Henryho Dunanta. Svetov\u00fd de\u0148 si pripom\u00edname 8. m\u00e1ja. \u010cerven\u00fd kr\u00ed\u017e vznikol v srdci Henryho Dunanta, ke\u010f na vlastn\u00e9 o\u010di videl krvav\u00fa bitku pri Solferine (Taliansko). Nesk\u00f4r, v 1863 sa v \u017deneve uskuto\u010dnila medzin\u00e1rodn\u00e1 konferencia so 16 \u0161t\u00e1tmi a schv\u00e1lili znak \u010cK (prevr\u00e1tena \u0160vaj\u010diarska vlajka).&nbsp;<\/p>\n\n\n\n<p>My, \u017eiaci SZ\u0160 v&nbsp;Lu\u010denci sme si pripomenuli svetov\u00fd de\u0148 \u010cK na d\u0148och mesta v&nbsp;Rimavskej Sobote. Na Daxnerovom n\u00e1mest\u00ed sme realizovali uk\u00e1\u017eky prvej pomoci, o\u017eivovanie, o\u0161etrenie r\u00f4znych poranen\u00ed, obv\u00e4zov\u00fa techniku a&nbsp;merali sme aj &nbsp;tlak krvi. Na\u0161u prezent\u00e1ciu sme si u\u017e\u00edvali s \u00fasmevom a v\u00e1\u0161\u0148ou. Pri\u0161lo mno\u017estvo \u0161kol\u00e1kov, &nbsp;ktor\u00ed mali ve\u013ek\u00fd z\u00e1ujem o prev\u00e4zovanie a o\u017eivovanie. \u013dudia prich\u00e1dzali s \u00fasmevom a zauj\u00edmav\u00fdmi ot\u00e1zkami, na ktor\u00e9 sme s rados\u0165ou odpovedali. Mnoho z pr\u00edtomn\u00fdch nevedelo spr\u00e1vny postup pri o\u017eivovan\u00ed alebo ak\u00e9 \u010d\u00edslo m\u00e1 ties\u0148ov\u00e1 linka prvej pomoci. Tak sme im n\u00e1sledne vysvetlili postup. Po\u010dasie n\u00e1m prialo, bolo kr\u00e1sne a slne\u010dn\u00e9. \u010eakujeme na\u0161ej \u0161kole, \u017ee sme mohli vyu\u017ei\u0165 svoje vedomosti a&nbsp;zru\u010dnosti na &nbsp;takejto skvelej akcii.&nbsp;<\/p>\n\n\n\n<p>D\u00e1vid, Kika a Bubu.<\/p>\n","protected":false},"excerpt":{"rendered":"<p>Ke&#271; sa povie &#268;erven&yacute; kr&iacute;&#382;, hne&#271; si spomenieme na kr&iacute;&#382;, polmesiac, dobrovo&#318;nos&#357; alebo na Henryho Dunanta. Svetov&yacute; de&#328; si pripom&iacute;name 8. m&aacute;ja. &#268;erven&yacute; kr&iacute;&#382; vznikol v<span class=\"excerpt-hellip\"> [\u2026]<\/span><\/p>\n","protected":false},"author":2,"featured_media":15820,"comment_status":"closed","ping_status":"closed","sticky":false,"template":"","format":"standard","meta":{"footnotes":""},"categories":[8],"tags":[],"class_list":["post-15816","post","type-post","status-publish","format-standard","has-post-thumbnail","hentry","category-ine"],"aioseo_notices":[],"_links":{"self":[{"href":"https:\/\/szslucnalc.sk\/index.php?rest_route=\/wp\/v2\/posts\/15816","targetHints":{"allow":["GET"]}}],"collection":[{"href":"https:\/\/szslucnalc.sk\/index.php?rest_route=\/wp\/v2\/posts"}],"about":[{"href":"https:\/\/szslucnalc.sk\/index.php?rest_route=\/wp\/v2\/types\/post"}],"author":[{"embeddable":true,"href":"https:\/\/szslucnalc.sk\/index.php?rest_route=\/wp\/v2\/users\/2"}],"replies":[{"embeddable":true,"href":"https:\/\/szslucnalc.sk\/index.php?rest_route=%2Fwp%2Fv2%2Fcomments&post=15816"}],"version-history":[{"count":1,"href":"https:\/\/szslucnalc.sk\/index.php?rest_route=\/wp\/v2\/posts\/15816\/revisions"}],"predecessor-version":[{"id":15821,"href":"https:\/\/szslucnalc.sk\/index.php?rest_route=\/wp\/v2\/posts\/15816\/revisions\/15821"}],"wp:featuredmedia":[{"embeddable":true,"href":"https:\/\/szslucnalc.sk\/index.php?rest_route=\/wp\/v2\/media\/15820"}],"wp:attachment":[{"href":"https:\/\/szslucnalc.sk\/index.php?rest_route=%2Fwp%2Fv2%2Fmedia&parent=15816"}],"wp:term":[{"taxonomy":"category","embeddable":true,"href":"https:\/\/szslucnalc.sk\/index.php?rest_route=%2Fwp%2Fv2%2Fcategories&post=15816"},{"taxonomy":"post_tag","embeddable":true,"href":"https:\/\/szslucnalc.sk\/index.php?rest_route=%2Fwp%2Fv2%2Ftags&post=15816"}],"curies":[{"name":"wp","href":"https:\/\/api.w.org\/{rel}","templated":true}]}}