{"id":16100,"date":"2022-06-02T11:37:08","date_gmt":"2022-06-02T09:37:08","guid":{"rendered":"https:\/\/szslucnalc.sk\/?p=16100"},"modified":"2022-06-02T20:55:59","modified_gmt":"2022-06-02T18:55:59","slug":"nase-turne-zacalo","status":"publish","type":"post","link":"https:\/\/szslucnalc.sk\/?p=16100","title":{"rendered":"Na\u0161e turn\u00e9 za\u010dalo"},"content":{"rendered":"\n<p>Tak je to kone\u010dne tu. Po zime vyr\u00e1\u017eame na turn\u00e9, na ktor\u00e9 sme to\u013eko \u010dakali.&nbsp;Vycestovali sme do \u010ciech na odborn\u00fa zahrani\u010dn\u00fa st\u00e1\u017e.<\/p>\n\n\n\n<div class=\"wp-block-image\"><figure class=\"alignright size-large\"><img loading=\"lazy\" decoding=\"async\" width=\"160\" height=\"46\" src=\"https:\/\/szslucnalc.sk\/wp-content\/uploads\/2019\/12\/erasmuslogo-m.jpg\" alt=\"\" class=\"wp-image-9554\" srcset=\"https:\/\/szslucnalc.sk\/wp-content\/uploads\/2019\/12\/erasmuslogo-m.jpg 160w, https:\/\/szslucnalc.sk\/wp-content\/uploads\/2019\/12\/erasmuslogo-m-50x14.jpg 50w, https:\/\/szslucnalc.sk\/wp-content\/uploads\/2019\/12\/erasmuslogo-m-150x43.jpg 150w\" sizes=\"auto, (max-width:767px) 160px, 160px\" \/><\/figure><\/div>\n\n\n\n<p>Vyr\u00e1\u017eali sme v&nbsp;nede\u013eu 29.05.2022 o&nbsp;05:23 zo stanice Lu\u010denec a&nbsp;po nieko\u013ek\u00fdch prestupoch, me\u0161kaniach, tla\u010deniciach a vedomostn\u00fdch&nbsp;kv\u00edzoch realizovan\u00fdch s&nbsp;na\u0161imi u\u010dite\u013ekami PhDr. Katkou Drugdovou a&nbsp;Mgr. Stankou Krn\u00e1\u010dovou sme po 14 hodin\u00e1ch dorazili do cie\u013ea. Posledn\u00fa polhodinu na ubytovanie sme si spestrili vle\u010den\u00edm takmer 300 kilov\u00fdch kufrov po chodn\u00edku vydl\u00e1\u017edenom kockami (kufre to pre\u017eili, \u010do je dos\u0165 prekvapiv\u00e9) a&nbsp;dorazili sme do prekr\u00e1sneho mesta Hradec Kr\u00e1lov\u00e9, ktor\u00e9 n\u00e1s napriek nepriaznivej predpovedi po\u010dasia priv\u00edtalo l\u00fa\u010dami zapadaj\u00faceho slnie\u010dka.<\/p>\n\n\n\n<p>Prv\u00fd pracovn\u00fd de\u0148 sme str\u00e1vili prehliadkou hostite\u013eskej \u0161koly : Vy\u0161\u0161\u00ed odborn\u00e1 \u0161kola zdravotnick\u00e1 a&nbsp;St\u0159edn\u00ed zdravotnick\u00e1 \u0161kola, Hradec Kr\u00e1lov\u00e9, Komensk\u00e9ho 234, n\u00e1v\u0161tevou Fakultnej nemocnice Hradec Kr\u00e1lov\u00e9, kde bude prebieha\u0165 samotn\u00e1 odborn\u00e1 prax. &nbsp;Sprev\u00e1dzala n\u00e1s pani u\u010dite\u013eka Mgr. Mirka Dlab\u00e1\u010dkov\u00e1 a&nbsp; za&nbsp;doprovodu pani u\u010dite\u013eky Mgr Gabiky Trejtnarovej sme absolvovali aj vstupn\u00fa zdravotn\u00fa prehliadku. &nbsp;R\u00fdchle spozn\u00e1vanie mesta, samozrejme n\u00e1kupn\u00e9ho centra a&nbsp;\u0161up, \u0161up spa\u0165, preto\u017ee r\u00e1no sa skoro vst\u00e1va na samotn\u00fa prax.<\/p>\n\n\n\n<p>V utorok to za\u010dalo. Sme pridelen\u00ed na jednotliv\u00e9 oddelenia a&nbsp;to: II. Intern\u00ed gastroenterologick\u00e1 klinika- jedna dvojica, III. Intern\u00ed gerontometabolick\u00e1 klinika -druh\u00e1 skupina a&nbsp;Chirurgick\u00e1 klinika -tretia skupina. Spozn\u00e1vame nov\u00e9 met\u00f3dy, technol\u00f3gie, postupy, vybavenie nov\u00e9ho pracoviska a&nbsp;s\u00fa\u010dasne na\u0161ich nov\u00fdch \u201espo\u017eiakov\u201c, ktor\u00ed tak ako my, &nbsp;vykon\u00e1vaj\u00fa s\u00favisl\u00fa odborn\u00fa prax. N\u00e1\u0161 pobyt v&nbsp;Hradci Kr\u00e1lov\u00e9 bude v sobotu spestren\u00fd &nbsp;stretnut\u00edm s \u010fal\u0161ou skupinou \u017eiakov na\u0161ej \u0161koly, ktor\u00ed cestuj\u00fa do Karlov\u00fdch Varov a ku ktor\u00e9mu d\u00f4jde v&nbsp;Prahe. &nbsp;Obe skupiny sa vz\u00e1jomne pozdrav\u00edme, zabav\u00edme a&nbsp;potom pokra\u010dujeme ka\u017ed\u00fd po svojej ceste.&nbsp; Te\u0161\u00edme sa na nov\u00e9 z\u00e1\u017eitky a&nbsp;sk\u00fasenosti! &nbsp;M\u00e1me dva t\u00fd\u017edne pred sebou.<\/p>\n","protected":false},"excerpt":{"rendered":"<p>Tak je to kone&#269;ne tu. Po zime vyr&aacute;&#382;ame na turn&eacute;, na ktor&eacute; sme to&#318;ko &#269;akali.&nbsp;Vycestovali sme do &#268;iech na odborn&uacute; zahrani&#269;n&uacute; st&aacute;&#382;. Vyr&aacute;&#382;ali sme v&nbsp;nede&#318;u 29.05.2022<span class=\"excerpt-hellip\"> [\u2026]<\/span><\/p>\n","protected":false},"author":2,"featured_media":16117,"comment_status":"closed","ping_status":"closed","sticky":false,"template":"","format":"standard","meta":{"footnotes":""},"categories":[8],"tags":[],"class_list":["post-16100","post","type-post","status-publish","format-standard","has-post-thumbnail","hentry","category-ine"],"aioseo_notices":[],"_links":{"self":[{"href":"https:\/\/szslucnalc.sk\/index.php?rest_route=\/wp\/v2\/posts\/16100","targetHints":{"allow":["GET"]}}],"collection":[{"href":"https:\/\/szslucnalc.sk\/index.php?rest_route=\/wp\/v2\/posts"}],"about":[{"href":"https:\/\/szslucnalc.sk\/index.php?rest_route=\/wp\/v2\/types\/post"}],"author":[{"embeddable":true,"href":"https:\/\/szslucnalc.sk\/index.php?rest_route=\/wp\/v2\/users\/2"}],"replies":[{"embeddable":true,"href":"https:\/\/szslucnalc.sk\/index.php?rest_route=%2Fwp%2Fv2%2Fcomments&post=16100"}],"version-history":[{"count":3,"href":"https:\/\/szslucnalc.sk\/index.php?rest_route=\/wp\/v2\/posts\/16100\/revisions"}],"predecessor-version":[{"id":16211,"href":"https:\/\/szslucnalc.sk\/index.php?rest_route=\/wp\/v2\/posts\/16100\/revisions\/16211"}],"wp:featuredmedia":[{"embeddable":true,"href":"https:\/\/szslucnalc.sk\/index.php?rest_route=\/wp\/v2\/media\/16117"}],"wp:attachment":[{"href":"https:\/\/szslucnalc.sk\/index.php?rest_route=%2Fwp%2Fv2%2Fmedia&parent=16100"}],"wp:term":[{"taxonomy":"category","embeddable":true,"href":"https:\/\/szslucnalc.sk\/index.php?rest_route=%2Fwp%2Fv2%2Fcategories&post=16100"},{"taxonomy":"post_tag","embeddable":true,"href":"https:\/\/szslucnalc.sk\/index.php?rest_route=%2Fwp%2Fv2%2Ftags&post=16100"}],"curies":[{"name":"wp","href":"https:\/\/api.w.org\/{rel}","templated":true}]}}