{"id":1675,"date":"2017-06-21T10:19:27","date_gmt":"2017-06-21T08:19:27","guid":{"rendered":"https:\/\/szslucnalc.sk\/?p=1675"},"modified":"2017-06-29T13:12:42","modified_gmt":"2017-06-29T11:12:42","slug":"potili-sme-krv","status":"publish","type":"post","link":"https:\/\/szslucnalc.sk\/?p=1675","title":{"rendered":"Potili sme krv&#8230;"},"content":{"rendered":"<p>Prv\u00fd letn\u00fd de\u0148 za\u010dal netradi\u010dne. Sedem stato\u010dn\u00fdch zo zdravky sa rozhodlo urobi\u0165 dobr\u00fd skutok a\u00a0darova\u0165 jedno z\u00a0najcennej\u0161\u00edch&#8230;vlastn\u00fa krv. Medzi darcov sa prv\u00fdkr\u00e1t zaradila Barbara Nem\u010dekov\u00e1 z\u00a03.A a\u00a0Patr\u00edcia Repkov\u00e1 z\u00a03.A. Av\u0161ak Pa\u0165ka aj napriek dobr\u00e9mu \u00famyslu neuspela a\u00a0krv jej neodobrali kv\u00f4li prekonanej oper\u00e1cii slep\u00e9ho \u010dreva. Okrem prvodarcov sa z\u00fa\u010dastnili odberu aj Simona Ple\u0161kov\u00e1 z 3.A, Martina Bal\u00e1\u017eov\u00e1 z\u00a03.A a Martin \u010cip\u010dala z\u00a03.A. Pri\u0161la aj Simona Fodorov\u00e1, ktor\u00e1 si na pomoc zavolala maminu, ale ani t\u00e1 jej nepomohla, preto\u017ee Sima mala n\u00edzky hemoglob\u00edn. Sedmi\u010dku stato\u010dn\u00fdch uzavrela p. prof. Mur\u00ednov\u00e1, ktor\u00e1 darovala krv 32 kr\u00e1t. Stretli sme aj b\u00fdval\u00fdch absolventov Filipa \u0160eb\u04e7ka a\u00a0ve\u010dernistku Vlastu Vi\u0161niarov\u00fa. V\u00a0darovan\u00ed pokra\u010dujeme o\u00a0t\u00fd\u017ede\u0148&#8230;<\/p>\n<p>&#8230;t\u00fd\u017ede\u0148 pre\u0161iel a najcennej\u0161iu tekutinu darovali \u010fal\u0161\u00ed odv\u00e1\u017elivci z 3.A a 3.B triedy: Ismail Berky, Dominika Vrbiniakov\u00e1, Lucia Gr\u00e9\u010dov\u00e1, Martina Bamburov\u00e1, So\u0148a Uhrinov\u00e1, Alexandra \u0160ulajov\u00e1 + brat, Bianka Demeterov\u00e1 &#8211; aj s mal\u00fdmi trampotami, Lucia \u010eurianov\u00e1, Nela Trajte\u013eov\u00e1, Daniela Mihovi\u010dov\u00e1.<\/p>\n<p>Ma\u0165o 3.A<\/p>\n","protected":false},"excerpt":{"rendered":"<p>Prv&yacute; letn&yacute; de&#328; za&#269;al netradi&#269;ne. Sedem stato&#269;n&yacute;ch zo zdravky sa rozhodlo urobi&#357; dobr&yacute; skutok a&nbsp;darova&#357; jedno z&nbsp;najcennej&scaron;&iacute;ch&hellip;vlastn&uacute; krv. Medzi darcov sa prv&yacute;kr&aacute;t zaradila Barbara Nem&#269;ekov&aacute; z&nbsp;3.A<span class=\"excerpt-hellip\"> [\u2026]<\/span><\/p>\n","protected":false},"author":2,"featured_media":1676,"comment_status":"closed","ping_status":"closed","sticky":false,"template":"","format":"image","meta":{"footnotes":""},"categories":[6],"tags":[],"class_list":["post-1675","post","type-post","status-publish","format-image","has-post-thumbnail","hentry","category-charita","post_format-post-format-image"],"aioseo_notices":[],"_links":{"self":[{"href":"https:\/\/szslucnalc.sk\/index.php?rest_route=\/wp\/v2\/posts\/1675","targetHints":{"allow":["GET"]}}],"collection":[{"href":"https:\/\/szslucnalc.sk\/index.php?rest_route=\/wp\/v2\/posts"}],"about":[{"href":"https:\/\/szslucnalc.sk\/index.php?rest_route=\/wp\/v2\/types\/post"}],"author":[{"embeddable":true,"href":"https:\/\/szslucnalc.sk\/index.php?rest_route=\/wp\/v2\/users\/2"}],"replies":[{"embeddable":true,"href":"https:\/\/szslucnalc.sk\/index.php?rest_route=%2Fwp%2Fv2%2Fcomments&post=1675"}],"version-history":[{"count":3,"href":"https:\/\/szslucnalc.sk\/index.php?rest_route=\/wp\/v2\/posts\/1675\/revisions"}],"predecessor-version":[{"id":1802,"href":"https:\/\/szslucnalc.sk\/index.php?rest_route=\/wp\/v2\/posts\/1675\/revisions\/1802"}],"wp:featuredmedia":[{"embeddable":true,"href":"https:\/\/szslucnalc.sk\/index.php?rest_route=\/wp\/v2\/media\/1676"}],"wp:attachment":[{"href":"https:\/\/szslucnalc.sk\/index.php?rest_route=%2Fwp%2Fv2%2Fmedia&parent=1675"}],"wp:term":[{"taxonomy":"category","embeddable":true,"href":"https:\/\/szslucnalc.sk\/index.php?rest_route=%2Fwp%2Fv2%2Fcategories&post=1675"},{"taxonomy":"post_tag","embeddable":true,"href":"https:\/\/szslucnalc.sk\/index.php?rest_route=%2Fwp%2Fv2%2Ftags&post=1675"}],"curies":[{"name":"wp","href":"https:\/\/api.w.org\/{rel}","templated":true}]}}