{"id":16830,"date":"2022-06-18T11:58:32","date_gmt":"2022-06-18T09:58:32","guid":{"rendered":"https:\/\/szslucnalc.sk\/?p=16830"},"modified":"2022-06-20T14:22:41","modified_gmt":"2022-06-20T12:22:41","slug":"na-shledanou-karlovy-vary","status":"publish","type":"post","link":"https:\/\/szslucnalc.sk\/?p=16830","title":{"rendered":"NA SHLEDANOU KARLOVY VARY"},"content":{"rendered":"\n<div class=\"wp-block-image\"><figure class=\"alignright size-large\"><img decoding=\"async\" src=\"https:\/\/szslucnalc.sk\/wp-content\/uploads\/2019\/12\/erasmuslogo-m.jpg\" alt=\"\"\/><\/figure><\/div>\n\n\n\n<p>Hur\u00e1, zvl\u00e1dli sme Karlovy Vary. <br>Odch\u00e1dzame s \u00fasmevom na tv\u00e1ri a sk\u00fasenos\u0165ami v ruk\u00e1ch, ktor\u00e9 sme z\u00edskali na 2 t\u00fd\u017ed\u0148ovej zahrani\u010dnej st\u00e1\u017ei cez projekt Erasmus+ v Karlov\u00fdch Varoch. Prv\u00fd de\u0148 po opusten\u00ed Slovenska, na\u0161e kroky viedli do hlavn\u00e9ho mesta \u010ceskej republiky &#8211; Prahy , kde sme pochodili v\u0161etky zn\u00e1me pamiatky a nie\u010do sme si aj nak\u00fapili. Na druh\u00fd de\u0148 sme sa s Prahou rozl\u00fa\u010dili a vlakom cestovali do Karlov\u00fdch Varov. Po pr\u00edchode sme sa zlo\u017eili na ubytovan\u00ed a spozn\u00e1vali kr\u00e1sy k\u00fape\u013en\u00e9ho mesta. Pre\u0161li sme od v\u0161etk\u00fdch kolon\u00e1d a\u017e po vily a kostoly na samom vrchu mesta. V pondelok sme nav\u0161t\u00edvili SZ\u0160 a VO\u0160 v Karlov\u00fdch Varoch a n\u00e1sledne sme sa boli zozn\u00e1mi\u0165 s krajskou nemocnicou, kde sme cel\u00e9 dva t\u00fd\u017edne praxovali na oddeleniach intenz\u00edvnej starostlivosti. Rozdelili n\u00e1s do skup\u00edn a oddelenia sme si po t\u00fd\u017edni vymenili. Boli sme s\u00fa\u010das\u0165ou viacer\u00fdch v\u00fdkonov, ktor\u00e9 sa u n\u00e1s vidia m\u00e1lo. Po praxi n\u00e1s el\u00e1n neopustil a mierili sme do m\u00fazea Jana Bechera, kde n\u00e1s o\u010darila v\u00fdroba a hist\u00f3ria becherovky. Cez v\u00edkend sme sa vydali na rozh\u013ead\u0148u Diana a naspa\u0165 sme sa zviezli lanovkou. Na\u0161e kroky viedli aj do bl\u00edzkeho mesta Cheb, kde sme nav\u0161t\u00edvili lanov\u00e9 centrum Trinity. Dok\u00e1zali sme ,\u017ee sme zohrat\u00fd a jednotn\u00fd t\u00edm. V Chebe sme nav\u0161t\u00edvili retro m\u00fazeum a tie\u017e gal\u00e9riu umenia . Aby n\u00e1m nebolo m\u00e1lo, vy\u0161liapali sme si 170 schodov na Chebsk\u00fa ve\u017eu s v\u00fdh\u013eadom<br>na mesto. Na\u0161a spont\u00e1nnos\u0165 nemala hran\u00edc a zaviedla n\u00e1s a\u017e do mal\u00e9ho meste\u010dka Franti\u0161kov\u00fdch l\u00e1zn\u00ed. Tu sme sa pokochali kr\u00e1sami mesta a ochutnali v\u0161etky druhy dom\u00e1cich limon\u00e1d, ktor\u00e9 pon\u00fakali. Ka\u017ed\u00e1 zmena pedagogick\u00e9ho dozoru priniesla \u010fal\u0161iu v\u00fdzvu. Na z\u00e1ver t\u00fd\u017ed\u0148a k n\u00e1m pri\u0161la Mgr. Sa\u0161ka Marko, s ktorou sme za\u010dali Tour de Karlovarsk\u00e9 pramene. Poukazovali sme jej kr\u00e1sy mesta, ponakupovali si suven\u00edry a ospevovan\u00e9 l\u00e1ze\u0148sk\u00e9 obl\u00e1tky. Na z\u00e1ver by sme sa chceli po\u010fakova\u0165 za mo\u017enos\u0165 zahrani\u010dnej st\u00e1\u017ei v Karlov\u00fdch Varoch vedeniu krajskej nemocnice a SZ\u0160 a VO\u0160 v Karlovych Varoch, Mgr. Stanke Krn\u00e1\u010dovej a Mgr. Sa\u0161ke Marko za siln\u00e9 nervy snami a hlavne na\u0161ej koordin\u00e1torke cel\u00e9ho projektu PhDr.Mirke Sekulovej za to, \u017ee sme mohli absolvova\u0165 cel\u00fa st\u00e1\u017e, aj za kr\u00e1sne spolo\u010dn\u00e9 chv\u00edle.  \u010eAKUJEME &#8211; NA SHLEDANOU.<\/p>\n","protected":false},"excerpt":{"rendered":"<p>Hur&aacute;, zvl&aacute;dli sme Karlovy Vary. Odch&aacute;dzame s &uacute;smevom na tv&aacute;ri a sk&uacute;senos&#357;ami v ruk&aacute;ch, ktor&eacute; sme z&iacute;skali na 2 t&yacute;&#382;d&#328;ovej zahrani&#269;nej st&aacute;&#382;i cez projekt Erasmus+ v<span class=\"excerpt-hellip\"> [\u2026]<\/span><\/p>\n","protected":false},"author":2,"featured_media":16903,"comment_status":"closed","ping_status":"closed","sticky":false,"template":"","format":"standard","meta":{"footnotes":""},"categories":[8],"tags":[],"class_list":["post-16830","post","type-post","status-publish","format-standard","has-post-thumbnail","hentry","category-ine"],"aioseo_notices":[],"_links":{"self":[{"href":"https:\/\/szslucnalc.sk\/index.php?rest_route=\/wp\/v2\/posts\/16830","targetHints":{"allow":["GET"]}}],"collection":[{"href":"https:\/\/szslucnalc.sk\/index.php?rest_route=\/wp\/v2\/posts"}],"about":[{"href":"https:\/\/szslucnalc.sk\/index.php?rest_route=\/wp\/v2\/types\/post"}],"author":[{"embeddable":true,"href":"https:\/\/szslucnalc.sk\/index.php?rest_route=\/wp\/v2\/users\/2"}],"replies":[{"embeddable":true,"href":"https:\/\/szslucnalc.sk\/index.php?rest_route=%2Fwp%2Fv2%2Fcomments&post=16830"}],"version-history":[{"count":4,"href":"https:\/\/szslucnalc.sk\/index.php?rest_route=\/wp\/v2\/posts\/16830\/revisions"}],"predecessor-version":[{"id":16940,"href":"https:\/\/szslucnalc.sk\/index.php?rest_route=\/wp\/v2\/posts\/16830\/revisions\/16940"}],"wp:featuredmedia":[{"embeddable":true,"href":"https:\/\/szslucnalc.sk\/index.php?rest_route=\/wp\/v2\/media\/16903"}],"wp:attachment":[{"href":"https:\/\/szslucnalc.sk\/index.php?rest_route=%2Fwp%2Fv2%2Fmedia&parent=16830"}],"wp:term":[{"taxonomy":"category","embeddable":true,"href":"https:\/\/szslucnalc.sk\/index.php?rest_route=%2Fwp%2Fv2%2Fcategories&post=16830"},{"taxonomy":"post_tag","embeddable":true,"href":"https:\/\/szslucnalc.sk\/index.php?rest_route=%2Fwp%2Fv2%2Ftags&post=16830"}],"curies":[{"name":"wp","href":"https:\/\/api.w.org\/{rel}","templated":true}]}}