{"id":17141,"date":"2022-06-27T17:40:31","date_gmt":"2022-06-27T15:40:31","guid":{"rendered":"https:\/\/szslucnalc.sk\/?p=17141"},"modified":"2022-06-27T17:53:48","modified_gmt":"2022-06-27T15:53:48","slug":"zmysluplne-travenie-popoludnia","status":"publish","type":"post","link":"https:\/\/szslucnalc.sk\/?p=17141","title":{"rendered":"Zmyslupln\u00e9 tr\u00e1venie popoludnia"},"content":{"rendered":"\n<p>Covid 19 pozna\u010dil ka\u017ed\u00e9ho z n\u00e1s. Pozna\u010dil zdravie mnoh\u00fdch \u013eud\u00ed, ale pozna\u010dil aj v\u00fdchovno-vzdel\u00e1vac\u00ed proces. Na\u0161a \u0161kola nebola v\u00fdnimkou. Pre na\u0161ich \u017eiakov to predstavuje obrovsk\u00fd probl\u00e9m, ktor\u00fd by sa mohol prenies\u0165 do praktickej oblasti. Na\u0161i \u017eiaci nemali prirodzen\u00fa mo\u017enos\u0165 osvojova\u0165 si praktick\u00e9 zru\u010dnosti v laborat\u00f3rnych a prirodzen\u00fdch podmienkach tak, ako tomu bolo po minul\u00e9 roky. Pr\u00e1ve preto bolo pr\u00ednosn\u00e9 zapoji\u0165 sa do projektu Spolu \u00faspe\u0161nej\u0161\u00ed 2, pomocou ktor\u00e9ho sme mali mo\u017enos\u0165 absolvova\u0165 v poobedn\u00fdch hodin\u00e1ch so \u017eiakmi praktick\u00e9 precvi\u010dovanie r\u00f4znych tematick\u00fdch oblast\u00ed potrebn\u00fdch pri starostlivosti o chor\u00e9ho, ktor\u00e9 im ch\u00fdbali, v ktor\u00fdch mali rezervy, aby sa zlep\u0161ili, aby implementovanie ich z\u00edskan\u00fdch vedomost\u00ed a praktick\u00fdch zru\u010dnost\u00ed bolo pr\u00ednosom pre \u010fal\u0161ie \u0161t\u00fadium a bolo prospe\u0161n\u00e9 pre verejnos\u0165 v ich \u010fal\u0161om profesion\u00e1lnom p\u00f4soben\u00ed.<br>Projekt \u201eSpolu \u00faspe\u0161nej\u0161\u00ed 2\u201c bol realizovan\u00fd v\u010faka finan\u010dnej podpore z pl\u00e1nu obnovy M\u0160VaV\u0160 SR s grantom vo v\u00fd\u0161ke 5750,- a prebiehal od 17.1.2022 do 17.6.2022 po vyu\u010dovan\u00ed v priebehu cel\u00e9ho t\u00fd\u017ed\u0148a. Z\u00fa\u010dastnili sa ho \u017eiaci v\u0161etk\u00fdch ro\u010dn\u00edkov. Dou\u010dovanie prebiehalo v laborat\u00f3rnych podmienkach v odborn\u00fdch u\u010debniach v \u0161kole a v prirodzen\u00fdch podmienkach v nemocnici.<br>\u017diaci na dou\u010dovaniach prejavili z\u00e1ujem o doplnenie si svojich nedostatkov, akt\u00edvne vyh\u013ead\u00e1vali praktick\u00e9 v\u00fdkony, v ktor\u00fdch si boli neist\u00ed, a t\u00fdm sa v\u00fdrazne zlep\u0161ili v praktick\u00fdch zru\u010dnostiach. Zmysluplne vyu\u017eili \u010das popoludn\u00ed pre sebarozvoj. Realizovanie projektu \u201eSpolu \u00faspe\u0161nej\u0161\u00ed 2\u201c mal pre na\u0161ich \u017eiakov ve\u013ek\u00fd v\u00fdznam a ver\u00edme, \u017ee v bud\u00facnosti sa op\u00e4\u0165 zapoja do tak\u00e9hoto projektu. V\u010faka patr\u00ed predov\u0161etk\u00fdm koordin\u00e1torke projektu PhDr. Miroslave Sekulovej za jeho zrealizovanie a v\u0161etk\u00fdm zapojen\u00fdm u\u010dite\u013eom, ktor\u00ed sa naplno venovali \u017eiakom.<\/p>\n\n\n\n<p class=\"has-text-align-right\">Mgr. \u013dubom\u00edra Martinsk\u00e1<\/p>\n","protected":false},"excerpt":{"rendered":"<p>Covid 19 pozna&#269;il ka&#382;d&eacute;ho z n&aacute;s. Pozna&#269;il zdravie mnoh&yacute;ch &#318;ud&iacute;, ale pozna&#269;il aj v&yacute;chovno-vzdel&aacute;vac&iacute; proces. Na&scaron;a &scaron;kola nebola v&yacute;nimkou. Pre na&scaron;ich &#382;iakov to predstavuje obrovsk&yacute; probl&eacute;m,<span class=\"excerpt-hellip\"> [\u2026]<\/span><\/p>\n","protected":false},"author":2,"featured_media":17189,"comment_status":"closed","ping_status":"closed","sticky":false,"template":"","format":"standard","meta":{"footnotes":""},"categories":[8],"tags":[],"class_list":["post-17141","post","type-post","status-publish","format-standard","has-post-thumbnail","hentry","category-ine"],"aioseo_notices":[],"_links":{"self":[{"href":"https:\/\/szslucnalc.sk\/index.php?rest_route=\/wp\/v2\/posts\/17141","targetHints":{"allow":["GET"]}}],"collection":[{"href":"https:\/\/szslucnalc.sk\/index.php?rest_route=\/wp\/v2\/posts"}],"about":[{"href":"https:\/\/szslucnalc.sk\/index.php?rest_route=\/wp\/v2\/types\/post"}],"author":[{"embeddable":true,"href":"https:\/\/szslucnalc.sk\/index.php?rest_route=\/wp\/v2\/users\/2"}],"replies":[{"embeddable":true,"href":"https:\/\/szslucnalc.sk\/index.php?rest_route=%2Fwp%2Fv2%2Fcomments&post=17141"}],"version-history":[{"count":1,"href":"https:\/\/szslucnalc.sk\/index.php?rest_route=\/wp\/v2\/posts\/17141\/revisions"}],"predecessor-version":[{"id":17202,"href":"https:\/\/szslucnalc.sk\/index.php?rest_route=\/wp\/v2\/posts\/17141\/revisions\/17202"}],"wp:featuredmedia":[{"embeddable":true,"href":"https:\/\/szslucnalc.sk\/index.php?rest_route=\/wp\/v2\/media\/17189"}],"wp:attachment":[{"href":"https:\/\/szslucnalc.sk\/index.php?rest_route=%2Fwp%2Fv2%2Fmedia&parent=17141"}],"wp:term":[{"taxonomy":"category","embeddable":true,"href":"https:\/\/szslucnalc.sk\/index.php?rest_route=%2Fwp%2Fv2%2Fcategories&post=17141"},{"taxonomy":"post_tag","embeddable":true,"href":"https:\/\/szslucnalc.sk\/index.php?rest_route=%2Fwp%2Fv2%2Ftags&post=17141"}],"curies":[{"name":"wp","href":"https:\/\/api.w.org\/{rel}","templated":true}]}}