{"id":17274,"date":"2022-06-28T21:10:40","date_gmt":"2022-06-28T19:10:40","guid":{"rendered":"https:\/\/szslucnalc.sk\/?p=17274"},"modified":"2022-06-28T21:10:42","modified_gmt":"2022-06-28T19:10:42","slug":"nase-putovanie-na-sever","status":"publish","type":"post","link":"https:\/\/szslucnalc.sk\/?p=17274","title":{"rendered":"Na\u0161e putovanie na sever"},"content":{"rendered":"\n<p>Na\u0161a \u0161kola ako jedna z m\u00e1la , poskytuje prv\u00e1kom mo\u017enos\u0165 exkurzie na miesta, kde sa odohr\u00e1valo skuto\u010dn\u00e9 \u013eudsk\u00e9 utrpenie. Exkurziu do b\u00fdval\u00e9ho koncentra\u010dn\u00e9ho t\u00e1bora Osvien\u010dim\/Auschwitz-Birkenau by mal absolvova\u0165 asi \u00faplne ka\u017ed\u00fd. A\u017e tam si toti\u017e \u010dlovek uvedom\u00ed, \u017ee mnohokr\u00e1t rie\u0161i \u00fapln\u00e9 malichernosti. Skuto\u010dn\u00e9 \u013eudsk\u00e9 utrpenie sa odohr\u00e1valo pr\u00e1ve tu. A\u017e tu \u010dlovek pochop\u00ed, ak\u00e9 \u0161\u0165astie na\u0161a gener\u00e1cia vlastne m\u00e1\u2026 A ako to v\u0161etko vlastne za\u010dalo? Bol pondelok 27. j\u00fana v\u0161etci sme sa zi\u0161li pred vlakovou stanicou v Lu\u010denci, kde sme nast\u00fapili do autobusu a vyrazili za dobrodru\u017estvom. Po\u010das cesty sme posp\u00e1vali, alebo venovali svoj \u010das mobilom. \u010c\u00edm bli\u017e\u0161ie sme boli k Po\u013esku, t\u00fdm sa n\u00e1s zmoc\u0148ovali zvl\u00e1\u0161tne pocity. Teraz sa p\u00fdtate v\u0161etci, \u017ee pre\u010do? Odpove\u010f bude jednozna\u010dn\u00e1. Asi preto, preto\u017ee sme pochopili \u010do sa dialo so v\u0161etk\u00fdmi t\u00fdmi mili\u00f3nmi \u013eud\u00ed, ktor\u00fdch tam v\u00e4znili. Zo v\u0161etk\u00fdch k\u00fatov, zo v\u0161etk\u00fdch stien na v\u00e1s d\u00fdcha \u00fazkos\u0165, boles\u0165, nepredstavite\u013en\u00e1 hr\u00f4za. Atmosf\u00e9ra strachu a desu je tu st\u00e1le aj po to\u013ek\u00fdch rokoch a\u017e hrozivo \u017eiv\u00e1. Ka\u017ed\u00fd \u010dlovek, ktor\u00fd nav\u0161t\u00edvi toto miesto, si vezme so sebou jedno: \u201eNikdy nesmieme dovoli\u0165, aby sa nie\u010do tak\u00e9to opakovalo, ve\u010f predsa ka\u017ed\u00fd \u010dlovek m\u00e1 pr\u00e1vo \u017ei\u0165!!!\u201c Umoren\u00ed my\u0161lienkami a cestou sme ve\u010der dorazili do penzi\u00f3nu J\u00e1no\u0161\u00edk v \u017ddiari, ktor\u00fd sa nach\u00e1dza v malebnom pohor\u00ed Belianskych Tatier. Tu n\u00e1s \u010dakala ve\u010dera a poste\u013e. Po odpo\u010dinku a ra\u0148ajk\u00e1ch sme vyrazili za \u010fal\u0161\u00edmi z\u00e1\u017eitkami. Druh\u00fd de\u0148 na\u0161ej exkurzie sme str\u00e1vili v Dolnom Smokovci, kde sa v objat\u00ed h\u00f4r nach\u00e1dza v\u00fdnimo\u010dn\u00e9 zariadenie pre deti a ml\u00e1de\u017e \u2013 N\u00e1rodn\u00fd \u00fastav detskej tuberkul\u00f3zy a respira\u010dn\u00fdch chor\u00f4b. Lie\u010dia sa tu deti na r\u00f4zne ochorenia d\u00fdchacieho syst\u00e9mu. Priv\u00edtala n\u00e1s n\u00e1mestn\u00ed\u010dka pre o\u0161etrovate\u013estvo Mgr. Zuzana Hrabovsk\u00e1, ktor\u00e1 n\u00e1s obozn\u00e1mila s organiz\u00e1ciou, lie\u010debno-diagnostick\u00fdmi met\u00f3dami a inov\u00e1ciami \u00fastavu. A\u017e tu sme pochopili, ak\u00e1 d\u00f4le\u017eit\u00e1 je ka\u017edodenn\u00e1 hygiena nosa. N\u00e1\u0161 dvojd\u0148ov\u00fd v\u00fdlet sme zakon\u010dili ako inak v lete, ako na par\u00e1dnom k\u00fapalisku &#8211; AquaCity Poprad. Toto k\u00fapalisko n\u00e1m poskytlo, v t\u00fdchto hor\u00fa\u010dav\u00e1ch skvel\u00e9 osvie\u017eenie pred dlhou cestou domov.<br>\u010eakujeme za obohacuj\u00face a kr\u00e1sne z\u00e1\u017eitky.<\/p>\n\n\n\n<p class=\"has-text-align-right\"><br>Va\u0161i prv\u00e1ci<\/p>\n","protected":false},"excerpt":{"rendered":"<p>Na&scaron;a &scaron;kola ako jedna z m&aacute;la , poskytuje prv&aacute;kom mo&#382;nos&#357; exkurzie na miesta, kde sa odohr&aacute;valo skuto&#269;n&eacute; &#318;udsk&eacute; utrpenie. Exkurziu do b&yacute;val&eacute;ho koncentra&#269;n&eacute;ho t&aacute;bora Osvien&#269;im\/Auschwitz-Birkenau by<span class=\"excerpt-hellip\"> [\u2026]<\/span><\/p>\n","protected":false},"author":2,"featured_media":17309,"comment_status":"closed","ping_status":"closed","sticky":false,"template":"","format":"standard","meta":{"footnotes":""},"categories":[8],"tags":[],"class_list":["post-17274","post","type-post","status-publish","format-standard","has-post-thumbnail","hentry","category-ine"],"aioseo_notices":[],"_links":{"self":[{"href":"https:\/\/szslucnalc.sk\/index.php?rest_route=\/wp\/v2\/posts\/17274","targetHints":{"allow":["GET"]}}],"collection":[{"href":"https:\/\/szslucnalc.sk\/index.php?rest_route=\/wp\/v2\/posts"}],"about":[{"href":"https:\/\/szslucnalc.sk\/index.php?rest_route=\/wp\/v2\/types\/post"}],"author":[{"embeddable":true,"href":"https:\/\/szslucnalc.sk\/index.php?rest_route=\/wp\/v2\/users\/2"}],"replies":[{"embeddable":true,"href":"https:\/\/szslucnalc.sk\/index.php?rest_route=%2Fwp%2Fv2%2Fcomments&post=17274"}],"version-history":[{"count":1,"href":"https:\/\/szslucnalc.sk\/index.php?rest_route=\/wp\/v2\/posts\/17274\/revisions"}],"predecessor-version":[{"id":17310,"href":"https:\/\/szslucnalc.sk\/index.php?rest_route=\/wp\/v2\/posts\/17274\/revisions\/17310"}],"wp:featuredmedia":[{"embeddable":true,"href":"https:\/\/szslucnalc.sk\/index.php?rest_route=\/wp\/v2\/media\/17309"}],"wp:attachment":[{"href":"https:\/\/szslucnalc.sk\/index.php?rest_route=%2Fwp%2Fv2%2Fmedia&parent=17274"}],"wp:term":[{"taxonomy":"category","embeddable":true,"href":"https:\/\/szslucnalc.sk\/index.php?rest_route=%2Fwp%2Fv2%2Fcategories&post=17274"},{"taxonomy":"post_tag","embeddable":true,"href":"https:\/\/szslucnalc.sk\/index.php?rest_route=%2Fwp%2Fv2%2Ftags&post=17274"}],"curies":[{"name":"wp","href":"https:\/\/api.w.org\/{rel}","templated":true}]}}