{"id":17508,"date":"2022-08-27T20:23:25","date_gmt":"2022-08-27T18:23:25","guid":{"rendered":"https:\/\/szslucnalc.sk\/?p=17508"},"modified":"2022-08-30T20:01:29","modified_gmt":"2022-08-30T18:01:29","slug":"mobility-erasmus-pri-bodamskom-jazere","status":"publish","type":"post","link":"https:\/\/szslucnalc.sk\/?p=17508","title":{"rendered":"Mobility Erasmus+ pri Bodamskom jazere"},"content":{"rendered":"\n<p>Bodamsk\u00e9 jazero le\u017e\u00ed na hraniciach Rak\u00faska, Nemecka a \u0160vaj\u010diarska. Patr\u00ed k najv\u00e4\u010d\u0161\u00edm a najstar\u0161\u00edm jazer\u00e1m \u00c1lp. S\u00fa na \u0148om tri ostrovy: Mainau, Reichenau a Lindau. V\u010faka projektu Erasmus+ sme tri u\u010dite\u013eky zakotvili na jednom z t\u00fdchto ostrovov, a to na ostrove Lindau. Toto meste\u010dko sa nach\u00e1dza v ju\u017enom c\u00edpe Bavorska. Hist\u00f3riu tohto mesta c\u00edti\u0165 a vidie\u0165 na ka\u017edom kroku. O\u010daril n\u00e1s pr\u00edstav, malebn\u00e9 uli\u010dky, n\u00e1mestia aj parky.<br>Hlavn\u00fdm cie\u013eom projektu bolo zdokona\u013eovanie sa v nemeckom jazyku a metodika v\u00fdu\u010dby Clil. Vyu\u010dovanie prebiehalo v dopolud\u0148aj\u0161\u00edch aj popolud\u0148aj\u0161\u00edch hodin\u00e1ch v pr\u00edjemnej atmosf\u00e9re s kvalifikovan\u00fdmi lektormi v jazykovej \u0161kole Dialoge. Te\u0161\u00ed n\u00e1s, \u017ee mno\u017estvo nadobudnut\u00fdch poznatkov budeme m\u00f4c\u0165 uplatni\u0165 vo svojej praxi.<br>Vo\u013en\u00e9 chv\u00edle sme tr\u00e1vili potulkami mestom, plavbou na lodi a nezabudnute\u013en\u00fdm v\u00fdh\u013eadom na Alpy z vrchu Pf\u00e4nder zo susedn\u00e9ho Rak\u00faska.<br>\u010eakujeme projektu Erasmus+ a koordin\u00e1tork\u00e1m PhDr. Miroslave Sekulovej a Mgr. Be\u00e1te Mur\u00edn za pr\u00edle\u017eitos\u0165 z\u00fa\u010dastni\u0165 sa tohto projektu.<br>Auf Wiedersehen Lindau am Bodensee!<\/p>\n\n\n\n<p>PhDr. Iveta Mat\u00fa\u0161kov\u00e1 J\u00e1no\u0161\u00edkov\u00e1, Mgr. Angelika Hergelov\u00e1, Mgr. Lucia Faj\u010d\u00edkov\u00e1<\/p>\n","protected":false},"excerpt":{"rendered":"<p>Bodamsk&eacute; jazero le&#382;&iacute; na hraniciach Rak&uacute;ska, Nemecka a &Scaron;vaj&#269;iarska. Patr&iacute; k najv&auml;&#269;&scaron;&iacute;m a najstar&scaron;&iacute;m jazer&aacute;m &Aacute;lp. S&uacute; na &#328;om tri ostrovy: Mainau, Reichenau a Lindau. V&#271;aka<span class=\"excerpt-hellip\"> [\u2026]<\/span><\/p>\n","protected":false},"author":2,"featured_media":17529,"comment_status":"closed","ping_status":"closed","sticky":false,"template":"","format":"standard","meta":{"footnotes":""},"categories":[8,5],"tags":[],"class_list":["post-17508","post","type-post","status-publish","format-standard","has-post-thumbnail","hentry","category-ine","category-zahranicne"],"aioseo_notices":[],"_links":{"self":[{"href":"https:\/\/szslucnalc.sk\/index.php?rest_route=\/wp\/v2\/posts\/17508","targetHints":{"allow":["GET"]}}],"collection":[{"href":"https:\/\/szslucnalc.sk\/index.php?rest_route=\/wp\/v2\/posts"}],"about":[{"href":"https:\/\/szslucnalc.sk\/index.php?rest_route=\/wp\/v2\/types\/post"}],"author":[{"embeddable":true,"href":"https:\/\/szslucnalc.sk\/index.php?rest_route=\/wp\/v2\/users\/2"}],"replies":[{"embeddable":true,"href":"https:\/\/szslucnalc.sk\/index.php?rest_route=%2Fwp%2Fv2%2Fcomments&post=17508"}],"version-history":[{"count":2,"href":"https:\/\/szslucnalc.sk\/index.php?rest_route=\/wp\/v2\/posts\/17508\/revisions"}],"predecessor-version":[{"id":17539,"href":"https:\/\/szslucnalc.sk\/index.php?rest_route=\/wp\/v2\/posts\/17508\/revisions\/17539"}],"wp:featuredmedia":[{"embeddable":true,"href":"https:\/\/szslucnalc.sk\/index.php?rest_route=\/wp\/v2\/media\/17529"}],"wp:attachment":[{"href":"https:\/\/szslucnalc.sk\/index.php?rest_route=%2Fwp%2Fv2%2Fmedia&parent=17508"}],"wp:term":[{"taxonomy":"category","embeddable":true,"href":"https:\/\/szslucnalc.sk\/index.php?rest_route=%2Fwp%2Fv2%2Fcategories&post=17508"},{"taxonomy":"post_tag","embeddable":true,"href":"https:\/\/szslucnalc.sk\/index.php?rest_route=%2Fwp%2Fv2%2Ftags&post=17508"}],"curies":[{"name":"wp","href":"https:\/\/api.w.org\/{rel}","templated":true}]}}