{"id":17541,"date":"2022-08-31T07:21:05","date_gmt":"2022-08-31T05:21:05","guid":{"rendered":"https:\/\/szslucnalc.sk\/?p=17541"},"modified":"2022-08-31T09:14:38","modified_gmt":"2022-08-31T07:14:38","slug":"hura-spat-do-skoly-tesime-sa-na-vas","status":"publish","type":"post","link":"https:\/\/szslucnalc.sk\/?p=17541","title":{"rendered":"Hur\u00e1 sp\u00e4\u0165 do \u0161koly ! &nbsp;&nbsp;&nbsp;&nbsp;&nbsp;&nbsp;&nbsp;&nbsp;&nbsp;&nbsp;&nbsp;&nbsp;&nbsp;&nbsp;&nbsp; Te\u0161\u00edme sa na v\u00e1s!"},"content":{"rendered":"\n<p class=\"wp-block-paragraph\">Pr\u00e1zdniny sa kon\u010dia a za\u010d\u00edna nov\u00fd \u0161kolsk\u00fd rok. Ka\u017ed\u00fd z v\u00e1s prich\u00e1dza do \u0161koly s nov\u00fdmi o\u010dak\u00e1vaniami, predstavami a mo\u017eno aj obavami, \u010do v\u00e1s \u010dak\u00e1, ak\u00e9 bude prv\u00e9 stretnutie s nov\u00fdmi spolu\u017eiakmi a pedag\u00f3gmi.<br>Na za\u010diatok roka m\u00e1me pre v\u00e1s p\u00e1r inform\u00e1ci\u00ed.<br>\u2022 \u017diaci prv\u00fdch ro\u010dn\u00edkov prineste so sebou vyplnen\u00e9 tla\u010divo: P\u00edsomn\u00e9 vyhl\u00e1senie o bezpr\u00edznakovosti ( prilo\u017een\u00e9 v pr\u00edlohe).<br>\u2022 \u017diaci 2.- 4. ro\u010dn\u00edka posla\u0165 Vyhl\u00e1senie o bezpr\u00edznakovosti triednemu u\u010dite\u013eovi cez edupage.<br>\u2022 Pr\u00edchod do \u0161koly o 7.35 hod. \u2013 rovno do svojej triedy.<br>\u2022 Sl\u00e1vnostn\u00fd n\u00e1stup o 7:45 hod. na \u0161kolskom dvore. Pekne sa oble\u010dte \u2013 bude sa foti\u0165!<\/p>\n\n\n\n<p class=\"wp-block-paragraph\">Nezabudni si:<\/p>\n\n\n\n<p class=\"wp-block-paragraph\">\u2022 prv\u00e1ci \u2013 ta\u0161ku na u\u010debnice, ob\u010diansky preukaz, pozn\u00e1mkov\u00fd zo\u0161it, pero, prez\u00favky -otvoren\u00e1 obuv.<\/p>\n\n\n\n<p class=\"wp-block-paragraph\">Triedy pre 1. ro\u010dn\u00edk s\u00fa pripraven\u00e9 na 1. poschod\u00ed, trieda \u010d. 5 a 6.<br>Menn\u00fd zoznam n\u00e1jdete na dver\u00e1ch tried.<br>Te\u0161ia sa na V\u00e1s, Va\u0161i triedni u\u010ditelia a skvel\u00fd pedagogick\u00fd zbor.<\/p>\n","protected":false},"excerpt":{"rendered":"<p>Pr&aacute;zdniny sa kon&#269;ia a za&#269;&iacute;na nov&yacute; &scaron;kolsk&yacute; rok. Ka&#382;d&yacute; z v&aacute;s prich&aacute;dza do &scaron;koly s nov&yacute;mi o&#269;ak&aacute;vaniami, predstavami a mo&#382;no aj obavami, &#269;o v&aacute;s &#269;ak&aacute;, ak&eacute;<span class=\"excerpt-hellip\"> [\u2026]<\/span><\/p>\n","protected":false},"author":2,"featured_media":17372,"comment_status":"closed","ping_status":"closed","sticky":false,"template":"","format":"standard","meta":{"footnotes":""},"categories":[8],"tags":[],"class_list":["post-17541","post","type-post","status-publish","format-standard","has-post-thumbnail","hentry","category-ine"],"aioseo_notices":[],"aioseo_head":"\n\t\t<!-- All in One SEO 5.0.0.1 - aioseo.com -->\n\t<meta name=\"description\" content=\"Pr\u00e1zdniny sa kon\u010dia a za\u010d\u00edna nov\u00fd \u0161kolsk\u00fd rok. Ka\u017ed\u00fd z v\u00e1s prich\u00e1dza do \u0161koly s nov\u00fdmi o\u010dak\u00e1vaniami, predstavami a mo\u017eno aj obavami, \u010do v\u00e1s \u010dak\u00e1, ak\u00e9 bude prv\u00e9 stretnutie s nov\u00fdmi spolu\u017eiakmi a pedag\u00f3gmi.Na za\u010diatok roka m\u00e1me pre v\u00e1s p\u00e1r inform\u00e1ci\u00ed.\u2022 \u017diaci prv\u00fdch ro\u010dn\u00edkov prineste so sebou vyplnen\u00e9 tla\u010divo: P\u00edsomn\u00e9 vyhl\u00e1senie o bezpr\u00edznakovosti ( prilo\u017een\u00e9\" \/>\n\t<meta name=\"robots\" content=\"max-image-preview:large\" \/>\n\t<meta name=\"author\" content=\"Miroslav Sekula\"\/>\n\t<link rel=\"canonical\" href=\"https:\/\/szslucnalc.sk\/?p=17541\" \/>\n\t<meta name=\"generator\" content=\"All in One SEO (AIOSEO) 5.0.0.1\" \/>\n\t\t<meta property=\"og:locale\" content=\"sk_SK\" \/>\n\t\t<meta property=\"og:site_name\" content=\"Stredn\u00e1 zdravotn\u00edcka \u0161kola Lu\u010denec - Stredn\u00e1 zdravotn\u00edcka \u0161kola\" \/>\n\t\t<meta property=\"og:type\" content=\"article\" \/>\n\t\t<meta property=\"og:title\" content=\"Hur\u00e1 sp\u00e4\u0165 do \u0161koly ! Te\u0161\u00edme sa na v\u00e1s! - Stredn\u00e1 zdravotn\u00edcka \u0161kola Lu\u010denec\" \/>\n\t\t<meta property=\"og:description\" content=\"Pr\u00e1zdniny sa kon\u010dia a za\u010d\u00edna nov\u00fd \u0161kolsk\u00fd rok. Ka\u017ed\u00fd z v\u00e1s prich\u00e1dza do \u0161koly s nov\u00fdmi o\u010dak\u00e1vaniami, predstavami a mo\u017eno aj obavami, \u010do v\u00e1s \u010dak\u00e1, ak\u00e9 bude prv\u00e9 stretnutie s nov\u00fdmi spolu\u017eiakmi a pedag\u00f3gmi.Na za\u010diatok roka m\u00e1me pre v\u00e1s p\u00e1r inform\u00e1ci\u00ed.\u2022 \u017diaci prv\u00fdch ro\u010dn\u00edkov prineste so sebou vyplnen\u00e9 tla\u010divo: P\u00edsomn\u00e9 vyhl\u00e1senie o bezpr\u00edznakovosti ( prilo\u017een\u00e9\" \/>\n\t\t<meta property=\"og:url\" content=\"https:\/\/szslucnalc.sk\/?p=17541\" \/>\n\t\t<meta property=\"og:image\" content=\"https:\/\/szslucnalc.sk\/wp-content\/uploads\/2022\/06\/P1026433-scaled.jpg\" \/>\n\t\t<meta property=\"og:image:secure_url\" content=\"https:\/\/szslucnalc.sk\/wp-content\/uploads\/2022\/06\/P1026433-scaled.jpg\" \/>\n\t\t<meta property=\"og:image:width\" content=\"2560\" \/>\n\t\t<meta property=\"og:image:height\" content=\"1922\" \/>\n\t\t<meta property=\"article:published_time\" content=\"2022-08-31T05:21:05+00:00\" \/>\n\t\t<meta property=\"article:modified_time\" content=\"2022-08-31T07:14:38+00:00\" \/>\n\t\t<meta name=\"twitter:card\" content=\"summary_large_image\" \/>\n\t\t<meta name=\"twitter:title\" content=\"Hur\u00e1 sp\u00e4\u0165 do \u0161koly ! Te\u0161\u00edme sa na v\u00e1s! - Stredn\u00e1 zdravotn\u00edcka \u0161kola Lu\u010denec\" \/>\n\t\t<meta name=\"twitter:description\" content=\"Pr\u00e1zdniny sa kon\u010dia a za\u010d\u00edna nov\u00fd \u0161kolsk\u00fd rok. Ka\u017ed\u00fd z v\u00e1s prich\u00e1dza do \u0161koly s nov\u00fdmi o\u010dak\u00e1vaniami, predstavami a mo\u017eno aj obavami, \u010do v\u00e1s \u010dak\u00e1, ak\u00e9 bude prv\u00e9 stretnutie s nov\u00fdmi spolu\u017eiakmi a pedag\u00f3gmi.Na za\u010diatok roka m\u00e1me pre v\u00e1s p\u00e1r inform\u00e1ci\u00ed.\u2022 \u017diaci prv\u00fdch ro\u010dn\u00edkov prineste so sebou vyplnen\u00e9 tla\u010divo: P\u00edsomn\u00e9 vyhl\u00e1senie o bezpr\u00edznakovosti ( prilo\u017een\u00e9\" \/>\n\t\t<meta name=\"twitter:image\" content=\"https:\/\/szslucnalc.sk\/wp-content\/uploads\/2022\/06\/P1026433-scaled.jpg\" \/>\n\t\t<script type=\"application\/ld+json\" class=\"aioseo-schema\">\n\t\t\t{\"@context\":\"https:\\\/\\\/schema.org\",\"@graph\":[{\"@type\":\"BlogPosting\",\"@id\":\"https:\\\/\\\/szslucnalc.sk\\\/?p=17541#blogposting\",\"name\":\"Hur\\u00e1 sp\\u00e4\\u0165 do \\u0161koly ! Te\\u0161\\u00edme sa na v\\u00e1s! - Stredn\\u00e1 zdravotn\\u00edcka \\u0161kola Lu\\u010denec\",\"headline\":\"Hur\\u00e1 sp\\u00e4\\u0165 do \\u0161koly ! &nbsp;&nbsp;&nbsp;&nbsp;&nbsp;&nbsp;&nbsp;&nbsp;&nbsp;&nbsp;&nbsp;&nbsp;&nbsp;&nbsp;&nbsp; Te\\u0161\\u00edme sa na v\\u00e1s!\",\"author\":{\"@id\":\"https:\\\/\\\/szslucnalc.sk\\\/?author=2#author\"},\"publisher\":{\"@id\":\"https:\\\/\\\/szslucnalc.sk\\\/#organization\"},\"image\":{\"@type\":\"ImageObject\",\"url\":\"https:\\\/\\\/szslucnalc.sk\\\/wp-content\\\/uploads\\\/2022\\\/06\\\/P1026433-scaled.jpg\",\"width\":2560,\"height\":1922},\"datePublished\":\"2022-08-31T07:21:05+02:00\",\"dateModified\":\"2022-08-31T09:14:38+02:00\",\"inLanguage\":\"sk-SK\",\"mainEntityOfPage\":{\"@id\":\"https:\\\/\\\/szslucnalc.sk\\\/?p=17541#webpage\"},\"isPartOf\":{\"@id\":\"https:\\\/\\\/szslucnalc.sk\\\/?p=17541#webpage\"},\"articleSection\":\"In\\u00e9\"},{\"@type\":\"BreadcrumbList\",\"@id\":\"https:\\\/\\\/szslucnalc.sk\\\/?p=17541#breadcrumblist\",\"itemListElement\":[{\"@type\":\"ListItem\",\"@id\":\"https:\\\/\\\/szslucnalc.sk#listItem\",\"position\":1,\"name\":\"Home\",\"item\":\"https:\\\/\\\/szslucnalc.sk\",\"nextItem\":{\"@type\":\"ListItem\",\"@id\":\"https:\\\/\\\/szslucnalc.sk\\\/?cat=8#listItem\",\"name\":\"In\\u00e9\"}},{\"@type\":\"ListItem\",\"@id\":\"https:\\\/\\\/szslucnalc.sk\\\/?cat=8#listItem\",\"position\":2,\"name\":\"In\\u00e9\",\"item\":\"https:\\\/\\\/szslucnalc.sk\\\/?cat=8\",\"nextItem\":{\"@type\":\"ListItem\",\"@id\":\"https:\\\/\\\/szslucnalc.sk\\\/?p=17541#listItem\",\"name\":\"Hur\\u00e1 sp\\u00e4\\u0165 do \\u0161koly ! &nbsp;&nbsp;&nbsp;&nbsp;&nbsp;&nbsp;&nbsp;&nbsp;&nbsp;&nbsp;&nbsp;&nbsp;&nbsp;&nbsp;&nbsp; Te\\u0161\\u00edme sa na v\\u00e1s!\"},\"previousItem\":{\"@type\":\"ListItem\",\"@id\":\"https:\\\/\\\/szslucnalc.sk#listItem\",\"name\":\"Home\"}},{\"@type\":\"ListItem\",\"@id\":\"https:\\\/\\\/szslucnalc.sk\\\/?p=17541#listItem\",\"position\":3,\"name\":\"Hur\\u00e1 sp\\u00e4\\u0165 do \\u0161koly ! &nbsp;&nbsp;&nbsp;&nbsp;&nbsp;&nbsp;&nbsp;&nbsp;&nbsp;&nbsp;&nbsp;&nbsp;&nbsp;&nbsp;&nbsp; Te\\u0161\\u00edme sa na v\\u00e1s!\",\"previousItem\":{\"@type\":\"ListItem\",\"@id\":\"https:\\\/\\\/szslucnalc.sk\\\/?cat=8#listItem\",\"name\":\"In\\u00e9\"}}]},{\"@type\":\"Organization\",\"@id\":\"https:\\\/\\\/szslucnalc.sk\\\/#organization\",\"name\":\"Stredn\\u00e1 zdravotn\\u00edcka \\u0161kola Lu\\u010denec\",\"description\":\"Stredn\\u00e1 zdravotn\\u00edcka \\u0161kola\",\"url\":\"https:\\\/\\\/szslucnalc.sk\\\/\"},{\"@type\":\"Person\",\"@id\":\"https:\\\/\\\/szslucnalc.sk\\\/?author=2#author\",\"url\":\"https:\\\/\\\/szslucnalc.sk\\\/?author=2\",\"name\":\"Miroslav Sekula\"},{\"@type\":\"WebPage\",\"@id\":\"https:\\\/\\\/szslucnalc.sk\\\/?p=17541#webpage\",\"url\":\"https:\\\/\\\/szslucnalc.sk\\\/?p=17541\",\"name\":\"Hur\\u00e1 sp\\u00e4\\u0165 do \\u0161koly ! Te\\u0161\\u00edme sa na v\\u00e1s! - Stredn\\u00e1 zdravotn\\u00edcka \\u0161kola Lu\\u010denec\",\"description\":\"Pr\\u00e1zdniny sa kon\\u010dia a za\\u010d\\u00edna nov\\u00fd \\u0161kolsk\\u00fd rok. Ka\\u017ed\\u00fd z v\\u00e1s prich\\u00e1dza do \\u0161koly s nov\\u00fdmi o\\u010dak\\u00e1vaniami, predstavami a mo\\u017eno aj obavami, \\u010do v\\u00e1s \\u010dak\\u00e1, ak\\u00e9 bude prv\\u00e9 stretnutie s nov\\u00fdmi spolu\\u017eiakmi a pedag\\u00f3gmi.Na za\\u010diatok roka m\\u00e1me pre v\\u00e1s p\\u00e1r inform\\u00e1ci\\u00ed.\\u2022 \\u017diaci prv\\u00fdch ro\\u010dn\\u00edkov prineste so sebou vyplnen\\u00e9 tla\\u010divo: P\\u00edsomn\\u00e9 vyhl\\u00e1senie o bezpr\\u00edznakovosti ( prilo\\u017een\\u00e9\",\"inLanguage\":\"sk-SK\",\"isPartOf\":{\"@id\":\"https:\\\/\\\/szslucnalc.sk\\\/#website\"},\"breadcrumb\":{\"@id\":\"https:\\\/\\\/szslucnalc.sk\\\/?p=17541#breadcrumblist\"},\"author\":{\"@id\":\"https:\\\/\\\/szslucnalc.sk\\\/?author=2#author\"},\"creator\":{\"@id\":\"https:\\\/\\\/szslucnalc.sk\\\/?author=2#author\"},\"image\":{\"@type\":\"ImageObject\",\"url\":\"https:\\\/\\\/szslucnalc.sk\\\/wp-content\\\/uploads\\\/2022\\\/06\\\/P1026433-scaled.jpg\",\"@id\":\"https:\\\/\\\/szslucnalc.sk\\\/?p=17541\\\/#mainImage\",\"width\":2560,\"height\":1922},\"primaryImageOfPage\":{\"@id\":\"https:\\\/\\\/szslucnalc.sk\\\/?p=17541#mainImage\"},\"datePublished\":\"2022-08-31T07:21:05+02:00\",\"dateModified\":\"2022-08-31T09:14:38+02:00\"},{\"@type\":\"WebSite\",\"@id\":\"https:\\\/\\\/szslucnalc.sk\\\/#website\",\"url\":\"https:\\\/\\\/szslucnalc.sk\\\/\",\"name\":\"Stredn\\u00e1 zdravotn\\u00edcka \\u0161kola Lu\\u010denec\",\"description\":\"Stredn\\u00e1 zdravotn\\u00edcka \\u0161kola\",\"inLanguage\":\"sk-SK\",\"publisher\":{\"@id\":\"https:\\\/\\\/szslucnalc.sk\\\/#organization\"}}]}\n\t\t<\/script>\n\t\t<!-- All in One SEO -->\n\n","aioseo_head_json":{"title":"Hur\u00e1 sp\u00e4\u0165 do \u0161koly ! Te\u0161\u00edme sa na v\u00e1s! - Stredn\u00e1 zdravotn\u00edcka \u0161kola Lu\u010denec","description":"Pr\u00e1zdniny sa kon\u010dia a za\u010d\u00edna nov\u00fd \u0161kolsk\u00fd rok. Ka\u017ed\u00fd z v\u00e1s prich\u00e1dza do \u0161koly s nov\u00fdmi o\u010dak\u00e1vaniami, predstavami a mo\u017eno aj obavami, \u010do v\u00e1s \u010dak\u00e1, ak\u00e9 bude prv\u00e9 stretnutie s nov\u00fdmi spolu\u017eiakmi a pedag\u00f3gmi.Na za\u010diatok roka m\u00e1me pre v\u00e1s p\u00e1r inform\u00e1ci\u00ed.\u2022 \u017diaci prv\u00fdch ro\u010dn\u00edkov prineste so sebou vyplnen\u00e9 tla\u010divo: P\u00edsomn\u00e9 vyhl\u00e1senie o bezpr\u00edznakovosti ( prilo\u017een\u00e9","canonical_url":"https:\/\/szslucnalc.sk\/?p=17541","robots":"max-image-preview:large","keywords":"","webmasterTools":{"miscellaneous":""},"schema":{"@context":"https:\/\/schema.org","@graph":[{"@type":"BlogPosting","@id":"https:\/\/szslucnalc.sk\/?p=17541#blogposting","name":"Hur\u00e1 sp\u00e4\u0165 do \u0161koly ! Te\u0161\u00edme sa na v\u00e1s! - Stredn\u00e1 zdravotn\u00edcka \u0161kola Lu\u010denec","headline":"Hur\u00e1 sp\u00e4\u0165 do \u0161koly ! &nbsp;&nbsp;&nbsp;&nbsp;&nbsp;&nbsp;&nbsp;&nbsp;&nbsp;&nbsp;&nbsp;&nbsp;&nbsp;&nbsp;&nbsp; Te\u0161\u00edme sa na v\u00e1s!","author":{"@id":"https:\/\/szslucnalc.sk\/?author=2#author"},"publisher":{"@id":"https:\/\/szslucnalc.sk\/#organization"},"image":{"@type":"ImageObject","url":"https:\/\/szslucnalc.sk\/wp-content\/uploads\/2022\/06\/P1026433-scaled.jpg","width":2560,"height":1922},"datePublished":"2022-08-31T07:21:05+02:00","dateModified":"2022-08-31T09:14:38+02:00","inLanguage":"sk-SK","mainEntityOfPage":{"@id":"https:\/\/szslucnalc.sk\/?p=17541#webpage"},"isPartOf":{"@id":"https:\/\/szslucnalc.sk\/?p=17541#webpage"},"articleSection":"In\u00e9"},{"@type":"BreadcrumbList","@id":"https:\/\/szslucnalc.sk\/?p=17541#breadcrumblist","itemListElement":[{"@type":"ListItem","@id":"https:\/\/szslucnalc.sk#listItem","position":1,"name":"Home","item":"https:\/\/szslucnalc.sk","nextItem":{"@type":"ListItem","@id":"https:\/\/szslucnalc.sk\/?cat=8#listItem","name":"In\u00e9"}},{"@type":"ListItem","@id":"https:\/\/szslucnalc.sk\/?cat=8#listItem","position":2,"name":"In\u00e9","item":"https:\/\/szslucnalc.sk\/?cat=8","nextItem":{"@type":"ListItem","@id":"https:\/\/szslucnalc.sk\/?p=17541#listItem","name":"Hur\u00e1 sp\u00e4\u0165 do \u0161koly ! &nbsp;&nbsp;&nbsp;&nbsp;&nbsp;&nbsp;&nbsp;&nbsp;&nbsp;&nbsp;&nbsp;&nbsp;&nbsp;&nbsp;&nbsp; Te\u0161\u00edme sa na v\u00e1s!"},"previousItem":{"@type":"ListItem","@id":"https:\/\/szslucnalc.sk#listItem","name":"Home"}},{"@type":"ListItem","@id":"https:\/\/szslucnalc.sk\/?p=17541#listItem","position":3,"name":"Hur\u00e1 sp\u00e4\u0165 do \u0161koly ! &nbsp;&nbsp;&nbsp;&nbsp;&nbsp;&nbsp;&nbsp;&nbsp;&nbsp;&nbsp;&nbsp;&nbsp;&nbsp;&nbsp;&nbsp; Te\u0161\u00edme sa na v\u00e1s!","previousItem":{"@type":"ListItem","@id":"https:\/\/szslucnalc.sk\/?cat=8#listItem","name":"In\u00e9"}}]},{"@type":"Organization","@id":"https:\/\/szslucnalc.sk\/#organization","name":"Stredn\u00e1 zdravotn\u00edcka \u0161kola Lu\u010denec","description":"Stredn\u00e1 zdravotn\u00edcka \u0161kola","url":"https:\/\/szslucnalc.sk\/"},{"@type":"Person","@id":"https:\/\/szslucnalc.sk\/?author=2#author","url":"https:\/\/szslucnalc.sk\/?author=2","name":"Miroslav Sekula"},{"@type":"WebPage","@id":"https:\/\/szslucnalc.sk\/?p=17541#webpage","url":"https:\/\/szslucnalc.sk\/?p=17541","name":"Hur\u00e1 sp\u00e4\u0165 do \u0161koly ! Te\u0161\u00edme sa na v\u00e1s! - Stredn\u00e1 zdravotn\u00edcka \u0161kola Lu\u010denec","description":"Pr\u00e1zdniny sa kon\u010dia a za\u010d\u00edna nov\u00fd \u0161kolsk\u00fd rok. Ka\u017ed\u00fd z v\u00e1s prich\u00e1dza do \u0161koly s nov\u00fdmi o\u010dak\u00e1vaniami, predstavami a mo\u017eno aj obavami, \u010do v\u00e1s \u010dak\u00e1, ak\u00e9 bude prv\u00e9 stretnutie s nov\u00fdmi spolu\u017eiakmi a pedag\u00f3gmi.Na za\u010diatok roka m\u00e1me pre v\u00e1s p\u00e1r inform\u00e1ci\u00ed.\u2022 \u017diaci prv\u00fdch ro\u010dn\u00edkov prineste so sebou vyplnen\u00e9 tla\u010divo: P\u00edsomn\u00e9 vyhl\u00e1senie o bezpr\u00edznakovosti ( prilo\u017een\u00e9","inLanguage":"sk-SK","isPartOf":{"@id":"https:\/\/szslucnalc.sk\/#website"},"breadcrumb":{"@id":"https:\/\/szslucnalc.sk\/?p=17541#breadcrumblist"},"author":{"@id":"https:\/\/szslucnalc.sk\/?author=2#author"},"creator":{"@id":"https:\/\/szslucnalc.sk\/?author=2#author"},"image":{"@type":"ImageObject","url":"https:\/\/szslucnalc.sk\/wp-content\/uploads\/2022\/06\/P1026433-scaled.jpg","@id":"https:\/\/szslucnalc.sk\/?p=17541\/#mainImage","width":2560,"height":1922},"primaryImageOfPage":{"@id":"https:\/\/szslucnalc.sk\/?p=17541#mainImage"},"datePublished":"2022-08-31T07:21:05+02:00","dateModified":"2022-08-31T09:14:38+02:00"},{"@type":"WebSite","@id":"https:\/\/szslucnalc.sk\/#website","url":"https:\/\/szslucnalc.sk\/","name":"Stredn\u00e1 zdravotn\u00edcka \u0161kola Lu\u010denec","description":"Stredn\u00e1 zdravotn\u00edcka \u0161kola","inLanguage":"sk-SK","publisher":{"@id":"https:\/\/szslucnalc.sk\/#organization"}}]},"og:locale":"sk_SK","og:site_name":"Stredn\u00e1 zdravotn\u00edcka \u0161kola Lu\u010denec - Stredn\u00e1 zdravotn\u00edcka \u0161kola","og:type":"article","og:title":"Hur\u00e1 sp\u00e4\u0165 do \u0161koly ! Te\u0161\u00edme sa na v\u00e1s! - Stredn\u00e1 zdravotn\u00edcka \u0161kola Lu\u010denec","og:description":"Pr\u00e1zdniny sa kon\u010dia a za\u010d\u00edna nov\u00fd \u0161kolsk\u00fd rok. Ka\u017ed\u00fd z v\u00e1s prich\u00e1dza do \u0161koly s nov\u00fdmi o\u010dak\u00e1vaniami, predstavami a mo\u017eno aj obavami, \u010do v\u00e1s \u010dak\u00e1, ak\u00e9 bude prv\u00e9 stretnutie s nov\u00fdmi spolu\u017eiakmi a pedag\u00f3gmi.Na za\u010diatok roka m\u00e1me pre v\u00e1s p\u00e1r inform\u00e1ci\u00ed.\u2022 \u017diaci prv\u00fdch ro\u010dn\u00edkov prineste so sebou vyplnen\u00e9 tla\u010divo: P\u00edsomn\u00e9 vyhl\u00e1senie o bezpr\u00edznakovosti ( prilo\u017een\u00e9","og:url":"https:\/\/szslucnalc.sk\/?p=17541","og:image":"https:\/\/szslucnalc.sk\/wp-content\/uploads\/2022\/06\/P1026433-scaled.jpg","og:image:secure_url":"https:\/\/szslucnalc.sk\/wp-content\/uploads\/2022\/06\/P1026433-scaled.jpg","og:image:width":2560,"og:image:height":1922,"article:published_time":"2022-08-31T05:21:05+00:00","article:modified_time":"2022-08-31T07:14:38+00:00","twitter:card":"summary_large_image","twitter:title":"Hur\u00e1 sp\u00e4\u0165 do \u0161koly ! Te\u0161\u00edme sa na v\u00e1s! - Stredn\u00e1 zdravotn\u00edcka \u0161kola Lu\u010denec","twitter:description":"Pr\u00e1zdniny sa kon\u010dia a za\u010d\u00edna nov\u00fd \u0161kolsk\u00fd rok. Ka\u017ed\u00fd z v\u00e1s prich\u00e1dza do \u0161koly s nov\u00fdmi o\u010dak\u00e1vaniami, predstavami a mo\u017eno aj obavami, \u010do v\u00e1s \u010dak\u00e1, ak\u00e9 bude prv\u00e9 stretnutie s nov\u00fdmi spolu\u017eiakmi a pedag\u00f3gmi.Na za\u010diatok roka m\u00e1me pre v\u00e1s p\u00e1r inform\u00e1ci\u00ed.\u2022 \u017diaci prv\u00fdch ro\u010dn\u00edkov prineste so sebou vyplnen\u00e9 tla\u010divo: P\u00edsomn\u00e9 vyhl\u00e1senie o bezpr\u00edznakovosti ( prilo\u017een\u00e9","twitter:image":"https:\/\/szslucnalc.sk\/wp-content\/uploads\/2022\/06\/P1026433-scaled.jpg"},"aioseo_meta_data":{"post_id":"17541","title":null,"description":null,"keywords":null,"keyphrases":null,"primary_term":null,"canonical_url":null,"og_title":null,"og_description":null,"og_object_type":"default","og_image_type":"default","og_image_url":null,"og_image_width":null,"og_image_height":null,"og_image_custom_url":null,"og_image_custom_fields":null,"og_video":null,"og_custom_url":null,"og_article_section":null,"og_article_tags":null,"twitter_use_og":false,"twitter_card":"default","twitter_image_type":"default","twitter_image_url":null,"twitter_image_custom_url":null,"twitter_image_custom_fields":null,"twitter_title":null,"twitter_description":null,"schema":{"blockGraphs":[],"customGraphs":[],"default":{"data":{"Article":[],"Course":[],"Dataset":[],"FAQPage":[],"Movie":[],"Person":[],"Product":[],"ProductReview":[],"Car":[],"Recipe":[],"Service":[],"SoftwareApplication":[],"WebPage":[]},"graphName":"","isEnabled":true},"graphs":[]},"schema_type":"default","schema_type_options":null,"pillar_content":false,"robots_default":true,"robots_noindex":false,"robots_noarchive":false,"robots_nosnippet":false,"robots_nofollow":false,"robots_noimageindex":false,"robots_noodp":false,"robots_notranslate":false,"robots_max_snippet":null,"robots_max_videopreview":null,"robots_max_imagepreview":"large","priority":null,"frequency":null,"local_seo":null,"breadcrumb_settings":null,"limit_modified_date":false,"ai":null,"created":"2023-09-15 17:29:54","updated":"2025-06-26 15:06:34","seo_analyzer_scan_date":null,"focus_keyword":null,"additional_keywords":null,"truseo_locale":null},"aioseo_breadcrumb":"<div class=\"aioseo-breadcrumbs\"><span class=\"aioseo-breadcrumb\">\n\t\t\t<a href=\"https:\/\/szslucnalc.sk\" title=\"Home\">Home<\/a>\n\t\t<\/span><span class=\"aioseo-breadcrumb-separator\">&raquo;<\/span><span class=\"aioseo-breadcrumb\">\n\t\t\t<a href=\"https:\/\/szslucnalc.sk\/?cat=8\" title=\"In\u00e9\">In\u00e9<\/a>\n\t\t<\/span><span class=\"aioseo-breadcrumb-separator\">&raquo;<\/span><span class=\"aioseo-breadcrumb\">\n\t\t\tHur\u00e1 sp\u00e4\u0165 do \u0161koly !                 Te\u0161\u00edme sa na v\u00e1s!\n\t\t<\/span><\/div>","aioseo_breadcrumb_json":[{"label":"Home","link":"https:\/\/szslucnalc.sk"},{"label":"In\u00e9","link":"https:\/\/szslucnalc.sk\/?cat=8"},{"label":"Hur\u00e1 sp\u00e4\u0165 do \u0161koly ! &nbsp;&nbsp;&nbsp;&nbsp;&nbsp;&nbsp;&nbsp;&nbsp;&nbsp;&nbsp;&nbsp;&nbsp;&nbsp;&nbsp;&nbsp; Te\u0161\u00edme sa na v\u00e1s!","link":"https:\/\/szslucnalc.sk\/?p=17541"}],"_links":{"self":[{"href":"https:\/\/szslucnalc.sk\/index.php?rest_route=\/wp\/v2\/posts\/17541","targetHints":{"allow":["GET"]}}],"collection":[{"href":"https:\/\/szslucnalc.sk\/index.php?rest_route=\/wp\/v2\/posts"}],"about":[{"href":"https:\/\/szslucnalc.sk\/index.php?rest_route=\/wp\/v2\/types\/post"}],"author":[{"embeddable":true,"href":"https:\/\/szslucnalc.sk\/index.php?rest_route=\/wp\/v2\/users\/2"}],"replies":[{"embeddable":true,"href":"https:\/\/szslucnalc.sk\/index.php?rest_route=%2Fwp%2Fv2%2Fcomments&post=17541"}],"version-history":[{"count":1,"href":"https:\/\/szslucnalc.sk\/index.php?rest_route=\/wp\/v2\/posts\/17541\/revisions"}],"predecessor-version":[{"id":17542,"href":"https:\/\/szslucnalc.sk\/index.php?rest_route=\/wp\/v2\/posts\/17541\/revisions\/17542"}],"wp:featuredmedia":[{"embeddable":true,"href":"https:\/\/szslucnalc.sk\/index.php?rest_route=\/wp\/v2\/media\/17372"}],"wp:attachment":[{"href":"https:\/\/szslucnalc.sk\/index.php?rest_route=%2Fwp%2Fv2%2Fmedia&parent=17541"}],"wp:term":[{"taxonomy":"category","embeddable":true,"href":"https:\/\/szslucnalc.sk\/index.php?rest_route=%2Fwp%2Fv2%2Fcategories&post=17541"},{"taxonomy":"post_tag","embeddable":true,"href":"https:\/\/szslucnalc.sk\/index.php?rest_route=%2Fwp%2Fv2%2Ftags&post=17541"}],"curies":[{"name":"wp","href":"https:\/\/api.w.org\/{rel}","templated":true}]}}