{"id":17546,"date":"2022-09-07T08:58:02","date_gmt":"2022-09-07T06:58:02","guid":{"rendered":"https:\/\/szslucnalc.sk\/?p=17546"},"modified":"2022-09-07T18:45:47","modified_gmt":"2022-09-07T16:45:47","slug":"novy-skolsky-rok-odstartovany","status":"publish","type":"post","link":"https:\/\/szslucnalc.sk\/?p=17546","title":{"rendered":"Nov\u00fd \u0161kolsk\u00fd rok od\u0161tartovan\u00fd."},"content":{"rendered":"\n<p class=\"wp-block-paragraph\">Mimoriadne dlh\u00e9 pr\u00e1zdniny sa predsa len skon\u010dili a \u0161kolsk\u00fd zvonec op\u00e4\u0165 funguje.  V\u0161etci sa do \u0161koli\u010dky chtiac nechtiac op\u00e4\u0165 do\u0165apkali a budova op\u00e4\u0165 o\u017eila. Hne\u010f prv\u00fd de\u0148 sme zarez\u00e1vali naplno. Po hymne a pr\u00edhovore riadite\u013ea \u0161koly sa dostala k slovu aj \u0161\u00e9fka \u0161tudentsk\u00e9ho parlamentu a u\u010ditelia dostali kvietok. Po foten\u00ed sa u\u017e rozd\u00e1vali inform\u00e1cie a pokyny&#8230; a nebolo ich m\u00e1lo. Naj\u0165a\u017e\u0161ie je to isto pre prv\u00e1kov, ale v\u0161ak si zvykn\u00fa. <\/p>\n\n\n\n<p class=\"wp-block-paragraph\">A \u010do si \u017eel\u00e1me do toho nov\u00e9ho roka 22\/23? Hlavne aby bol kone\u010dne norm\u00e1lny &#8211; bez covidu, respir\u00e1torov, online vyu\u010dovania&#8230;. zato so v\u0161etk\u00fdmi \u0161k. akciami &#8211; imatrikul\u00e1ciou, stu\u017ekov\u00fdmi, plesom &#8230;<\/p>\n","protected":false},"excerpt":{"rendered":"<p>Mimoriadne dlh&eacute; pr&aacute;zdniny sa predsa len skon&#269;ili a &scaron;kolsk&yacute; zvonec op&auml;&#357; funguje. V&scaron;etci sa do &scaron;koli&#269;ky chtiac nechtiac op&auml;&#357; do&#357;apkali a budova op&auml;&#357; o&#382;ila. Hne&#271; prv&yacute;<span class=\"excerpt-hellip\"> [\u2026]<\/span><\/p>\n","protected":false},"author":2,"featured_media":17550,"comment_status":"closed","ping_status":"closed","sticky":false,"template":"","format":"standard","meta":{"footnotes":""},"categories":[8],"tags":[],"class_list":["post-17546","post","type-post","status-publish","format-standard","has-post-thumbnail","hentry","category-ine"],"aioseo_notices":[],"aioseo_head":"\n\t\t<!-- All in One SEO 5.0.0.1 - aioseo.com -->\n\t<meta name=\"description\" content=\"Mimoriadne dlh\u00e9 pr\u00e1zdniny sa predsa len skon\u010dili a \u0161kolsk\u00fd zvonec op\u00e4\u0165 funguje. V\u0161etci sa do \u0161koli\u010dky chtiac nechtiac op\u00e4\u0165 do\u0165apkali a budova op\u00e4\u0165 o\u017eila. Hne\u010f prv\u00fd de\u0148 sme zarez\u00e1vali naplno. Po hymne a pr\u00edhovore riadite\u013ea \u0161koly sa dostala k slovu aj \u0161\u00e9fka \u0161tudentsk\u00e9ho parlamentu a u\u010ditelia dostali kvietok. Po foten\u00ed sa u\u017e rozd\u00e1vali inform\u00e1cie a\" \/>\n\t<meta name=\"robots\" content=\"max-image-preview:large\" \/>\n\t<meta name=\"author\" content=\"Miroslav Sekula\"\/>\n\t<link rel=\"canonical\" href=\"https:\/\/szslucnalc.sk\/?p=17546\" \/>\n\t<meta name=\"generator\" content=\"All in One SEO (AIOSEO) 5.0.0.1\" \/>\n\t\t<meta property=\"og:locale\" content=\"sk_SK\" \/>\n\t\t<meta property=\"og:site_name\" content=\"Stredn\u00e1 zdravotn\u00edcka \u0161kola Lu\u010denec - Stredn\u00e1 zdravotn\u00edcka \u0161kola\" \/>\n\t\t<meta property=\"og:type\" content=\"article\" \/>\n\t\t<meta property=\"og:title\" content=\"Nov\u00fd \u0161kolsk\u00fd rok od\u0161tartovan\u00fd. - Stredn\u00e1 zdravotn\u00edcka \u0161kola Lu\u010denec\" \/>\n\t\t<meta property=\"og:description\" content=\"Mimoriadne dlh\u00e9 pr\u00e1zdniny sa predsa len skon\u010dili a \u0161kolsk\u00fd zvonec op\u00e4\u0165 funguje. V\u0161etci sa do \u0161koli\u010dky chtiac nechtiac op\u00e4\u0165 do\u0165apkali a budova op\u00e4\u0165 o\u017eila. Hne\u010f prv\u00fd de\u0148 sme zarez\u00e1vali naplno. Po hymne a pr\u00edhovore riadite\u013ea \u0161koly sa dostala k slovu aj \u0161\u00e9fka \u0161tudentsk\u00e9ho parlamentu a u\u010ditelia dostali kvietok. Po foten\u00ed sa u\u017e rozd\u00e1vali inform\u00e1cie a\" \/>\n\t\t<meta property=\"og:url\" content=\"https:\/\/szslucnalc.sk\/?p=17546\" \/>\n\t\t<meta property=\"og:image\" content=\"https:\/\/szslucnalc.sk\/wp-content\/uploads\/2022\/09\/P1027086-scaled.jpg\" \/>\n\t\t<meta property=\"og:image:secure_url\" content=\"https:\/\/szslucnalc.sk\/wp-content\/uploads\/2022\/09\/P1027086-scaled.jpg\" \/>\n\t\t<meta property=\"og:image:width\" content=\"2560\" \/>\n\t\t<meta property=\"og:image:height\" content=\"1922\" \/>\n\t\t<meta property=\"article:published_time\" content=\"2022-09-07T06:58:02+00:00\" \/>\n\t\t<meta property=\"article:modified_time\" content=\"2022-09-07T16:45:47+00:00\" \/>\n\t\t<meta name=\"twitter:card\" content=\"summary_large_image\" \/>\n\t\t<meta name=\"twitter:title\" content=\"Nov\u00fd \u0161kolsk\u00fd rok od\u0161tartovan\u00fd. - Stredn\u00e1 zdravotn\u00edcka \u0161kola Lu\u010denec\" \/>\n\t\t<meta name=\"twitter:description\" content=\"Mimoriadne dlh\u00e9 pr\u00e1zdniny sa predsa len skon\u010dili a \u0161kolsk\u00fd zvonec op\u00e4\u0165 funguje. V\u0161etci sa do \u0161koli\u010dky chtiac nechtiac op\u00e4\u0165 do\u0165apkali a budova op\u00e4\u0165 o\u017eila. Hne\u010f prv\u00fd de\u0148 sme zarez\u00e1vali naplno. Po hymne a pr\u00edhovore riadite\u013ea \u0161koly sa dostala k slovu aj \u0161\u00e9fka \u0161tudentsk\u00e9ho parlamentu a u\u010ditelia dostali kvietok. Po foten\u00ed sa u\u017e rozd\u00e1vali inform\u00e1cie a\" \/>\n\t\t<meta name=\"twitter:image\" content=\"https:\/\/szslucnalc.sk\/wp-content\/uploads\/2022\/09\/P1027086-scaled.jpg\" \/>\n\t\t<script type=\"application\/ld+json\" class=\"aioseo-schema\">\n\t\t\t{\"@context\":\"https:\\\/\\\/schema.org\",\"@graph\":[{\"@type\":\"BlogPosting\",\"@id\":\"https:\\\/\\\/szslucnalc.sk\\\/?p=17546#blogposting\",\"name\":\"Nov\\u00fd \\u0161kolsk\\u00fd rok od\\u0161tartovan\\u00fd. - Stredn\\u00e1 zdravotn\\u00edcka \\u0161kola Lu\\u010denec\",\"headline\":\"Nov\\u00fd \\u0161kolsk\\u00fd rok od\\u0161tartovan\\u00fd.\",\"author\":{\"@id\":\"https:\\\/\\\/szslucnalc.sk\\\/?author=2#author\"},\"publisher\":{\"@id\":\"https:\\\/\\\/szslucnalc.sk\\\/#organization\"},\"image\":{\"@type\":\"ImageObject\",\"url\":\"https:\\\/\\\/szslucnalc.sk\\\/wp-content\\\/uploads\\\/2022\\\/09\\\/P1027086-scaled.jpg\",\"width\":2560,\"height\":1922},\"datePublished\":\"2022-09-07T08:58:02+02:00\",\"dateModified\":\"2022-09-07T18:45:47+02:00\",\"inLanguage\":\"sk-SK\",\"mainEntityOfPage\":{\"@id\":\"https:\\\/\\\/szslucnalc.sk\\\/?p=17546#webpage\"},\"isPartOf\":{\"@id\":\"https:\\\/\\\/szslucnalc.sk\\\/?p=17546#webpage\"},\"articleSection\":\"In\\u00e9\"},{\"@type\":\"BreadcrumbList\",\"@id\":\"https:\\\/\\\/szslucnalc.sk\\\/?p=17546#breadcrumblist\",\"itemListElement\":[{\"@type\":\"ListItem\",\"@id\":\"https:\\\/\\\/szslucnalc.sk#listItem\",\"position\":1,\"name\":\"Home\",\"item\":\"https:\\\/\\\/szslucnalc.sk\",\"nextItem\":{\"@type\":\"ListItem\",\"@id\":\"https:\\\/\\\/szslucnalc.sk\\\/?cat=8#listItem\",\"name\":\"In\\u00e9\"}},{\"@type\":\"ListItem\",\"@id\":\"https:\\\/\\\/szslucnalc.sk\\\/?cat=8#listItem\",\"position\":2,\"name\":\"In\\u00e9\",\"item\":\"https:\\\/\\\/szslucnalc.sk\\\/?cat=8\",\"nextItem\":{\"@type\":\"ListItem\",\"@id\":\"https:\\\/\\\/szslucnalc.sk\\\/?p=17546#listItem\",\"name\":\"Nov\\u00fd \\u0161kolsk\\u00fd rok od\\u0161tartovan\\u00fd.\"},\"previousItem\":{\"@type\":\"ListItem\",\"@id\":\"https:\\\/\\\/szslucnalc.sk#listItem\",\"name\":\"Home\"}},{\"@type\":\"ListItem\",\"@id\":\"https:\\\/\\\/szslucnalc.sk\\\/?p=17546#listItem\",\"position\":3,\"name\":\"Nov\\u00fd \\u0161kolsk\\u00fd rok od\\u0161tartovan\\u00fd.\",\"previousItem\":{\"@type\":\"ListItem\",\"@id\":\"https:\\\/\\\/szslucnalc.sk\\\/?cat=8#listItem\",\"name\":\"In\\u00e9\"}}]},{\"@type\":\"Organization\",\"@id\":\"https:\\\/\\\/szslucnalc.sk\\\/#organization\",\"name\":\"Stredn\\u00e1 zdravotn\\u00edcka \\u0161kola Lu\\u010denec\",\"description\":\"Stredn\\u00e1 zdravotn\\u00edcka \\u0161kola\",\"url\":\"https:\\\/\\\/szslucnalc.sk\\\/\"},{\"@type\":\"Person\",\"@id\":\"https:\\\/\\\/szslucnalc.sk\\\/?author=2#author\",\"url\":\"https:\\\/\\\/szslucnalc.sk\\\/?author=2\",\"name\":\"Miroslav Sekula\"},{\"@type\":\"WebPage\",\"@id\":\"https:\\\/\\\/szslucnalc.sk\\\/?p=17546#webpage\",\"url\":\"https:\\\/\\\/szslucnalc.sk\\\/?p=17546\",\"name\":\"Nov\\u00fd \\u0161kolsk\\u00fd rok od\\u0161tartovan\\u00fd. - Stredn\\u00e1 zdravotn\\u00edcka \\u0161kola Lu\\u010denec\",\"description\":\"Mimoriadne dlh\\u00e9 pr\\u00e1zdniny sa predsa len skon\\u010dili a \\u0161kolsk\\u00fd zvonec op\\u00e4\\u0165 funguje. V\\u0161etci sa do \\u0161koli\\u010dky chtiac nechtiac op\\u00e4\\u0165 do\\u0165apkali a budova op\\u00e4\\u0165 o\\u017eila. Hne\\u010f prv\\u00fd de\\u0148 sme zarez\\u00e1vali naplno. Po hymne a pr\\u00edhovore riadite\\u013ea \\u0161koly sa dostala k slovu aj \\u0161\\u00e9fka \\u0161tudentsk\\u00e9ho parlamentu a u\\u010ditelia dostali kvietok. Po foten\\u00ed sa u\\u017e rozd\\u00e1vali inform\\u00e1cie a\",\"inLanguage\":\"sk-SK\",\"isPartOf\":{\"@id\":\"https:\\\/\\\/szslucnalc.sk\\\/#website\"},\"breadcrumb\":{\"@id\":\"https:\\\/\\\/szslucnalc.sk\\\/?p=17546#breadcrumblist\"},\"author\":{\"@id\":\"https:\\\/\\\/szslucnalc.sk\\\/?author=2#author\"},\"creator\":{\"@id\":\"https:\\\/\\\/szslucnalc.sk\\\/?author=2#author\"},\"image\":{\"@type\":\"ImageObject\",\"url\":\"https:\\\/\\\/szslucnalc.sk\\\/wp-content\\\/uploads\\\/2022\\\/09\\\/P1027086-scaled.jpg\",\"@id\":\"https:\\\/\\\/szslucnalc.sk\\\/?p=17546\\\/#mainImage\",\"width\":2560,\"height\":1922},\"primaryImageOfPage\":{\"@id\":\"https:\\\/\\\/szslucnalc.sk\\\/?p=17546#mainImage\"},\"datePublished\":\"2022-09-07T08:58:02+02:00\",\"dateModified\":\"2022-09-07T18:45:47+02:00\"},{\"@type\":\"WebSite\",\"@id\":\"https:\\\/\\\/szslucnalc.sk\\\/#website\",\"url\":\"https:\\\/\\\/szslucnalc.sk\\\/\",\"name\":\"Stredn\\u00e1 zdravotn\\u00edcka \\u0161kola Lu\\u010denec\",\"description\":\"Stredn\\u00e1 zdravotn\\u00edcka \\u0161kola\",\"inLanguage\":\"sk-SK\",\"publisher\":{\"@id\":\"https:\\\/\\\/szslucnalc.sk\\\/#organization\"}}]}\n\t\t<\/script>\n\t\t<!-- All in One SEO -->\n\n","aioseo_head_json":{"title":"Nov\u00fd \u0161kolsk\u00fd rok od\u0161tartovan\u00fd. - Stredn\u00e1 zdravotn\u00edcka \u0161kola Lu\u010denec","description":"Mimoriadne dlh\u00e9 pr\u00e1zdniny sa predsa len skon\u010dili a \u0161kolsk\u00fd zvonec op\u00e4\u0165 funguje. V\u0161etci sa do \u0161koli\u010dky chtiac nechtiac op\u00e4\u0165 do\u0165apkali a budova op\u00e4\u0165 o\u017eila. Hne\u010f prv\u00fd de\u0148 sme zarez\u00e1vali naplno. Po hymne a pr\u00edhovore riadite\u013ea \u0161koly sa dostala k slovu aj \u0161\u00e9fka \u0161tudentsk\u00e9ho parlamentu a u\u010ditelia dostali kvietok. Po foten\u00ed sa u\u017e rozd\u00e1vali inform\u00e1cie a","canonical_url":"https:\/\/szslucnalc.sk\/?p=17546","robots":"max-image-preview:large","keywords":"","webmasterTools":{"miscellaneous":""},"schema":{"@context":"https:\/\/schema.org","@graph":[{"@type":"BlogPosting","@id":"https:\/\/szslucnalc.sk\/?p=17546#blogposting","name":"Nov\u00fd \u0161kolsk\u00fd rok od\u0161tartovan\u00fd. - Stredn\u00e1 zdravotn\u00edcka \u0161kola Lu\u010denec","headline":"Nov\u00fd \u0161kolsk\u00fd rok od\u0161tartovan\u00fd.","author":{"@id":"https:\/\/szslucnalc.sk\/?author=2#author"},"publisher":{"@id":"https:\/\/szslucnalc.sk\/#organization"},"image":{"@type":"ImageObject","url":"https:\/\/szslucnalc.sk\/wp-content\/uploads\/2022\/09\/P1027086-scaled.jpg","width":2560,"height":1922},"datePublished":"2022-09-07T08:58:02+02:00","dateModified":"2022-09-07T18:45:47+02:00","inLanguage":"sk-SK","mainEntityOfPage":{"@id":"https:\/\/szslucnalc.sk\/?p=17546#webpage"},"isPartOf":{"@id":"https:\/\/szslucnalc.sk\/?p=17546#webpage"},"articleSection":"In\u00e9"},{"@type":"BreadcrumbList","@id":"https:\/\/szslucnalc.sk\/?p=17546#breadcrumblist","itemListElement":[{"@type":"ListItem","@id":"https:\/\/szslucnalc.sk#listItem","position":1,"name":"Home","item":"https:\/\/szslucnalc.sk","nextItem":{"@type":"ListItem","@id":"https:\/\/szslucnalc.sk\/?cat=8#listItem","name":"In\u00e9"}},{"@type":"ListItem","@id":"https:\/\/szslucnalc.sk\/?cat=8#listItem","position":2,"name":"In\u00e9","item":"https:\/\/szslucnalc.sk\/?cat=8","nextItem":{"@type":"ListItem","@id":"https:\/\/szslucnalc.sk\/?p=17546#listItem","name":"Nov\u00fd \u0161kolsk\u00fd rok od\u0161tartovan\u00fd."},"previousItem":{"@type":"ListItem","@id":"https:\/\/szslucnalc.sk#listItem","name":"Home"}},{"@type":"ListItem","@id":"https:\/\/szslucnalc.sk\/?p=17546#listItem","position":3,"name":"Nov\u00fd \u0161kolsk\u00fd rok od\u0161tartovan\u00fd.","previousItem":{"@type":"ListItem","@id":"https:\/\/szslucnalc.sk\/?cat=8#listItem","name":"In\u00e9"}}]},{"@type":"Organization","@id":"https:\/\/szslucnalc.sk\/#organization","name":"Stredn\u00e1 zdravotn\u00edcka \u0161kola Lu\u010denec","description":"Stredn\u00e1 zdravotn\u00edcka \u0161kola","url":"https:\/\/szslucnalc.sk\/"},{"@type":"Person","@id":"https:\/\/szslucnalc.sk\/?author=2#author","url":"https:\/\/szslucnalc.sk\/?author=2","name":"Miroslav Sekula"},{"@type":"WebPage","@id":"https:\/\/szslucnalc.sk\/?p=17546#webpage","url":"https:\/\/szslucnalc.sk\/?p=17546","name":"Nov\u00fd \u0161kolsk\u00fd rok od\u0161tartovan\u00fd. - Stredn\u00e1 zdravotn\u00edcka \u0161kola Lu\u010denec","description":"Mimoriadne dlh\u00e9 pr\u00e1zdniny sa predsa len skon\u010dili a \u0161kolsk\u00fd zvonec op\u00e4\u0165 funguje. V\u0161etci sa do \u0161koli\u010dky chtiac nechtiac op\u00e4\u0165 do\u0165apkali a budova op\u00e4\u0165 o\u017eila. Hne\u010f prv\u00fd de\u0148 sme zarez\u00e1vali naplno. Po hymne a pr\u00edhovore riadite\u013ea \u0161koly sa dostala k slovu aj \u0161\u00e9fka \u0161tudentsk\u00e9ho parlamentu a u\u010ditelia dostali kvietok. Po foten\u00ed sa u\u017e rozd\u00e1vali inform\u00e1cie a","inLanguage":"sk-SK","isPartOf":{"@id":"https:\/\/szslucnalc.sk\/#website"},"breadcrumb":{"@id":"https:\/\/szslucnalc.sk\/?p=17546#breadcrumblist"},"author":{"@id":"https:\/\/szslucnalc.sk\/?author=2#author"},"creator":{"@id":"https:\/\/szslucnalc.sk\/?author=2#author"},"image":{"@type":"ImageObject","url":"https:\/\/szslucnalc.sk\/wp-content\/uploads\/2022\/09\/P1027086-scaled.jpg","@id":"https:\/\/szslucnalc.sk\/?p=17546\/#mainImage","width":2560,"height":1922},"primaryImageOfPage":{"@id":"https:\/\/szslucnalc.sk\/?p=17546#mainImage"},"datePublished":"2022-09-07T08:58:02+02:00","dateModified":"2022-09-07T18:45:47+02:00"},{"@type":"WebSite","@id":"https:\/\/szslucnalc.sk\/#website","url":"https:\/\/szslucnalc.sk\/","name":"Stredn\u00e1 zdravotn\u00edcka \u0161kola Lu\u010denec","description":"Stredn\u00e1 zdravotn\u00edcka \u0161kola","inLanguage":"sk-SK","publisher":{"@id":"https:\/\/szslucnalc.sk\/#organization"}}]},"og:locale":"sk_SK","og:site_name":"Stredn\u00e1 zdravotn\u00edcka \u0161kola Lu\u010denec - Stredn\u00e1 zdravotn\u00edcka \u0161kola","og:type":"article","og:title":"Nov\u00fd \u0161kolsk\u00fd rok od\u0161tartovan\u00fd. - Stredn\u00e1 zdravotn\u00edcka \u0161kola Lu\u010denec","og:description":"Mimoriadne dlh\u00e9 pr\u00e1zdniny sa predsa len skon\u010dili a \u0161kolsk\u00fd zvonec op\u00e4\u0165 funguje. V\u0161etci sa do \u0161koli\u010dky chtiac nechtiac op\u00e4\u0165 do\u0165apkali a budova op\u00e4\u0165 o\u017eila. Hne\u010f prv\u00fd de\u0148 sme zarez\u00e1vali naplno. Po hymne a pr\u00edhovore riadite\u013ea \u0161koly sa dostala k slovu aj \u0161\u00e9fka \u0161tudentsk\u00e9ho parlamentu a u\u010ditelia dostali kvietok. Po foten\u00ed sa u\u017e rozd\u00e1vali inform\u00e1cie a","og:url":"https:\/\/szslucnalc.sk\/?p=17546","og:image":"https:\/\/szslucnalc.sk\/wp-content\/uploads\/2022\/09\/P1027086-scaled.jpg","og:image:secure_url":"https:\/\/szslucnalc.sk\/wp-content\/uploads\/2022\/09\/P1027086-scaled.jpg","og:image:width":2560,"og:image:height":1922,"article:published_time":"2022-09-07T06:58:02+00:00","article:modified_time":"2022-09-07T16:45:47+00:00","twitter:card":"summary_large_image","twitter:title":"Nov\u00fd \u0161kolsk\u00fd rok od\u0161tartovan\u00fd. - Stredn\u00e1 zdravotn\u00edcka \u0161kola Lu\u010denec","twitter:description":"Mimoriadne dlh\u00e9 pr\u00e1zdniny sa predsa len skon\u010dili a \u0161kolsk\u00fd zvonec op\u00e4\u0165 funguje. V\u0161etci sa do \u0161koli\u010dky chtiac nechtiac op\u00e4\u0165 do\u0165apkali a budova op\u00e4\u0165 o\u017eila. Hne\u010f prv\u00fd de\u0148 sme zarez\u00e1vali naplno. Po hymne a pr\u00edhovore riadite\u013ea \u0161koly sa dostala k slovu aj \u0161\u00e9fka \u0161tudentsk\u00e9ho parlamentu a u\u010ditelia dostali kvietok. Po foten\u00ed sa u\u017e rozd\u00e1vali inform\u00e1cie a","twitter:image":"https:\/\/szslucnalc.sk\/wp-content\/uploads\/2022\/09\/P1027086-scaled.jpg"},"aioseo_meta_data":{"post_id":"17546","title":null,"description":null,"keywords":null,"keyphrases":null,"primary_term":null,"canonical_url":null,"og_title":null,"og_description":null,"og_object_type":"default","og_image_type":"default","og_image_url":null,"og_image_width":null,"og_image_height":null,"og_image_custom_url":null,"og_image_custom_fields":null,"og_video":null,"og_custom_url":null,"og_article_section":null,"og_article_tags":null,"twitter_use_og":false,"twitter_card":"default","twitter_image_type":"default","twitter_image_url":null,"twitter_image_custom_url":null,"twitter_image_custom_fields":null,"twitter_title":null,"twitter_description":null,"schema":{"blockGraphs":[],"customGraphs":[],"default":{"data":{"Article":[],"Course":[],"Dataset":[],"FAQPage":[],"Movie":[],"Person":[],"Product":[],"ProductReview":[],"Car":[],"Recipe":[],"Service":[],"SoftwareApplication":[],"WebPage":[]},"graphName":"","isEnabled":true},"graphs":[]},"schema_type":"default","schema_type_options":null,"pillar_content":false,"robots_default":true,"robots_noindex":false,"robots_noarchive":false,"robots_nosnippet":false,"robots_nofollow":false,"robots_noimageindex":false,"robots_noodp":false,"robots_notranslate":false,"robots_max_snippet":null,"robots_max_videopreview":null,"robots_max_imagepreview":"large","priority":null,"frequency":null,"local_seo":null,"breadcrumb_settings":null,"limit_modified_date":false,"ai":null,"created":"2023-09-15 17:29:54","updated":"2025-06-26 15:06:34","seo_analyzer_scan_date":null,"focus_keyword":null,"additional_keywords":null,"truseo_locale":null},"aioseo_breadcrumb":"<div class=\"aioseo-breadcrumbs\"><span class=\"aioseo-breadcrumb\">\n\t\t\t<a href=\"https:\/\/szslucnalc.sk\" title=\"Home\">Home<\/a>\n\t\t<\/span><span class=\"aioseo-breadcrumb-separator\">&raquo;<\/span><span class=\"aioseo-breadcrumb\">\n\t\t\t<a href=\"https:\/\/szslucnalc.sk\/?cat=8\" title=\"In\u00e9\">In\u00e9<\/a>\n\t\t<\/span><span class=\"aioseo-breadcrumb-separator\">&raquo;<\/span><span class=\"aioseo-breadcrumb\">\n\t\t\tNov\u00fd \u0161kolsk\u00fd rok od\u0161tartovan\u00fd.\n\t\t<\/span><\/div>","aioseo_breadcrumb_json":[{"label":"Home","link":"https:\/\/szslucnalc.sk"},{"label":"In\u00e9","link":"https:\/\/szslucnalc.sk\/?cat=8"},{"label":"Nov\u00fd \u0161kolsk\u00fd rok od\u0161tartovan\u00fd.","link":"https:\/\/szslucnalc.sk\/?p=17546"}],"_links":{"self":[{"href":"https:\/\/szslucnalc.sk\/index.php?rest_route=\/wp\/v2\/posts\/17546","targetHints":{"allow":["GET"]}}],"collection":[{"href":"https:\/\/szslucnalc.sk\/index.php?rest_route=\/wp\/v2\/posts"}],"about":[{"href":"https:\/\/szslucnalc.sk\/index.php?rest_route=\/wp\/v2\/types\/post"}],"author":[{"embeddable":true,"href":"https:\/\/szslucnalc.sk\/index.php?rest_route=\/wp\/v2\/users\/2"}],"replies":[{"embeddable":true,"href":"https:\/\/szslucnalc.sk\/index.php?rest_route=%2Fwp%2Fv2%2Fcomments&post=17546"}],"version-history":[{"count":1,"href":"https:\/\/szslucnalc.sk\/index.php?rest_route=\/wp\/v2\/posts\/17546\/revisions"}],"predecessor-version":[{"id":17547,"href":"https:\/\/szslucnalc.sk\/index.php?rest_route=\/wp\/v2\/posts\/17546\/revisions\/17547"}],"wp:featuredmedia":[{"embeddable":true,"href":"https:\/\/szslucnalc.sk\/index.php?rest_route=\/wp\/v2\/media\/17550"}],"wp:attachment":[{"href":"https:\/\/szslucnalc.sk\/index.php?rest_route=%2Fwp%2Fv2%2Fmedia&parent=17546"}],"wp:term":[{"taxonomy":"category","embeddable":true,"href":"https:\/\/szslucnalc.sk\/index.php?rest_route=%2Fwp%2Fv2%2Fcategories&post=17546"},{"taxonomy":"post_tag","embeddable":true,"href":"https:\/\/szslucnalc.sk\/index.php?rest_route=%2Fwp%2Fv2%2Ftags&post=17546"}],"curies":[{"name":"wp","href":"https:\/\/api.w.org\/{rel}","templated":true}]}}