{"id":17583,"date":"2022-09-08T08:25:26","date_gmt":"2022-09-08T06:25:26","guid":{"rendered":"https:\/\/szslucnalc.sk\/?p=17583"},"modified":"2022-09-08T20:46:20","modified_gmt":"2022-09-08T18:46:20","slug":"nas-sportovy-den","status":"publish","type":"post","link":"https:\/\/szslucnalc.sk\/?p=17583","title":{"rendered":"N\u00e1\u0161 \u0161portov\u00fd de\u0148"},"content":{"rendered":"\n<p class=\"wp-block-paragraph\"> 6.9.2022 -tj. druh\u00fd vyu\u010dovac\u00ed de\u0148 v \u0161kolskom roku sme str\u00e1vili netradi\u010dn\u00e9 dopoludnie pln\u00e9 z\u00e1bavy a&nbsp;\u0161portu. Na jednotliv\u00fdch stanovi\u0161tiach \u010dakali s\u00fa\u0165a\u017eiacich zauj\u00edmav\u00e9 v\u00fdzvy, ktor\u00e9 ka\u017ed\u00e1 trieda viac-menej \u00faspe\u0161ne zvl\u00e1dla. Cel\u00e9 sa to nieslo v&nbsp;duchu dobrej n\u00e1lady, pr\u00edjemn\u00fdch rozhovorov, op\u00e4tovn\u00fdch stretnut\u00ed a&nbsp;utu\u017eovania kolekt\u00edvu. Reprezentanti tried sa sna\u017eili osto\u0161es\u0165 a ostatn\u00ed aspo\u0148 fandili. Napokon sa kr\u00e1snemu 1.miestu te\u0161ili \u017eiaci 3.A triedy, ktor\u00ed nazbierali 45 bodov a spolo\u010dn\u00e9&nbsp;2.miesto obsadili \u017eiaci 3.B&nbsp; a&nbsp;4.A triedy s&nbsp;po\u010dtom bodov 43. &nbsp;Ver\u00edme, \u017ee sa po roku op\u00e4\u0165 vid\u00edme na \u010fal\u0161om skvelom \u0161portovom dni-u\u017e teraz sa na\u0148 ve\u013emi te\u0161\u00edme!!!<\/p>\n","protected":false},"excerpt":{"rendered":"<p>6.9.2022 -tj. druh&yacute; vyu&#269;ovac&iacute; de&#328; v &scaron;kolskom roku sme str&aacute;vili netradi&#269;n&eacute; dopoludnie pln&eacute; z&aacute;bavy a&nbsp;&scaron;portu. Na jednotliv&yacute;ch stanovi&scaron;tiach &#269;akali s&uacute;&#357;a&#382;iacich zauj&iacute;mav&eacute; v&yacute;zvy, ktor&eacute; ka&#382;d&aacute; trieda viac-menej<span class=\"excerpt-hellip\"> [\u2026]<\/span><\/p>\n","protected":false},"author":2,"featured_media":17588,"comment_status":"closed","ping_status":"closed","sticky":false,"template":"","format":"standard","meta":{"footnotes":""},"categories":[8],"tags":[],"class_list":["post-17583","post","type-post","status-publish","format-standard","has-post-thumbnail","hentry","category-ine"],"aioseo_notices":[],"aioseo_head":"\n\t\t<!-- All in One SEO 5.0.0.1 - aioseo.com -->\n\t<meta name=\"description\" content=\"6.9.2022 -tj. druh\u00fd vyu\u010dovac\u00ed de\u0148 v \u0161kolskom roku sme str\u00e1vili netradi\u010dn\u00e9 dopoludnie pln\u00e9 z\u00e1bavy a \u0161portu. Na jednotliv\u00fdch stanovi\u0161tiach \u010dakali s\u00fa\u0165a\u017eiacich zauj\u00edmav\u00e9 v\u00fdzvy, ktor\u00e9 ka\u017ed\u00e1 trieda viac-menej \u00faspe\u0161ne zvl\u00e1dla. Cel\u00e9 sa to nieslo v duchu dobrej n\u00e1lady, pr\u00edjemn\u00fdch rozhovorov, op\u00e4tovn\u00fdch stretnut\u00ed a utu\u017eovania kolekt\u00edvu. Reprezentanti tried sa sna\u017eili osto\u0161es\u0165 a ostatn\u00ed aspo\u0148 fandili. Napokon sa kr\u00e1snemu 1.miestu te\u0161ili\" \/>\n\t<meta name=\"robots\" content=\"max-image-preview:large\" \/>\n\t<meta name=\"author\" content=\"Miroslav Sekula\"\/>\n\t<link rel=\"canonical\" href=\"https:\/\/szslucnalc.sk\/?p=17583\" \/>\n\t<meta name=\"generator\" content=\"All in One SEO (AIOSEO) 5.0.0.1\" \/>\n\t\t<meta property=\"og:locale\" content=\"sk_SK\" \/>\n\t\t<meta property=\"og:site_name\" content=\"Stredn\u00e1 zdravotn\u00edcka \u0161kola Lu\u010denec - Stredn\u00e1 zdravotn\u00edcka \u0161kola\" \/>\n\t\t<meta property=\"og:type\" content=\"article\" \/>\n\t\t<meta property=\"og:title\" content=\"N\u00e1\u0161 \u0161portov\u00fd de\u0148 - Stredn\u00e1 zdravotn\u00edcka \u0161kola Lu\u010denec\" \/>\n\t\t<meta property=\"og:description\" content=\"6.9.2022 -tj. druh\u00fd vyu\u010dovac\u00ed de\u0148 v \u0161kolskom roku sme str\u00e1vili netradi\u010dn\u00e9 dopoludnie pln\u00e9 z\u00e1bavy a \u0161portu. Na jednotliv\u00fdch stanovi\u0161tiach \u010dakali s\u00fa\u0165a\u017eiacich zauj\u00edmav\u00e9 v\u00fdzvy, ktor\u00e9 ka\u017ed\u00e1 trieda viac-menej \u00faspe\u0161ne zvl\u00e1dla. Cel\u00e9 sa to nieslo v duchu dobrej n\u00e1lady, pr\u00edjemn\u00fdch rozhovorov, op\u00e4tovn\u00fdch stretnut\u00ed a utu\u017eovania kolekt\u00edvu. Reprezentanti tried sa sna\u017eili osto\u0161es\u0165 a ostatn\u00ed aspo\u0148 fandili. Napokon sa kr\u00e1snemu 1.miestu te\u0161ili\" \/>\n\t\t<meta property=\"og:url\" content=\"https:\/\/szslucnalc.sk\/?p=17583\" \/>\n\t\t<meta property=\"og:image\" content=\"https:\/\/szslucnalc.sk\/wp-content\/uploads\/2022\/09\/Untitled_Panorama-1-scaled.jpg\" \/>\n\t\t<meta property=\"og:image:secure_url\" content=\"https:\/\/szslucnalc.sk\/wp-content\/uploads\/2022\/09\/Untitled_Panorama-1-scaled.jpg\" \/>\n\t\t<meta property=\"og:image:width\" content=\"2560\" \/>\n\t\t<meta property=\"og:image:height\" content=\"974\" \/>\n\t\t<meta property=\"article:published_time\" content=\"2022-09-08T06:25:26+00:00\" \/>\n\t\t<meta property=\"article:modified_time\" content=\"2022-09-08T18:46:20+00:00\" \/>\n\t\t<meta name=\"twitter:card\" content=\"summary_large_image\" \/>\n\t\t<meta name=\"twitter:title\" content=\"N\u00e1\u0161 \u0161portov\u00fd de\u0148 - Stredn\u00e1 zdravotn\u00edcka \u0161kola Lu\u010denec\" \/>\n\t\t<meta name=\"twitter:description\" content=\"6.9.2022 -tj. druh\u00fd vyu\u010dovac\u00ed de\u0148 v \u0161kolskom roku sme str\u00e1vili netradi\u010dn\u00e9 dopoludnie pln\u00e9 z\u00e1bavy a \u0161portu. Na jednotliv\u00fdch stanovi\u0161tiach \u010dakali s\u00fa\u0165a\u017eiacich zauj\u00edmav\u00e9 v\u00fdzvy, ktor\u00e9 ka\u017ed\u00e1 trieda viac-menej \u00faspe\u0161ne zvl\u00e1dla. Cel\u00e9 sa to nieslo v duchu dobrej n\u00e1lady, pr\u00edjemn\u00fdch rozhovorov, op\u00e4tovn\u00fdch stretnut\u00ed a utu\u017eovania kolekt\u00edvu. Reprezentanti tried sa sna\u017eili osto\u0161es\u0165 a ostatn\u00ed aspo\u0148 fandili. Napokon sa kr\u00e1snemu 1.miestu te\u0161ili\" \/>\n\t\t<meta name=\"twitter:image\" content=\"https:\/\/szslucnalc.sk\/wp-content\/uploads\/2022\/09\/Untitled_Panorama-1-scaled.jpg\" \/>\n\t\t<script type=\"application\/ld+json\" class=\"aioseo-schema\">\n\t\t\t{\"@context\":\"https:\\\/\\\/schema.org\",\"@graph\":[{\"@type\":\"BlogPosting\",\"@id\":\"https:\\\/\\\/szslucnalc.sk\\\/?p=17583#blogposting\",\"name\":\"N\\u00e1\\u0161 \\u0161portov\\u00fd de\\u0148 - Stredn\\u00e1 zdravotn\\u00edcka \\u0161kola Lu\\u010denec\",\"headline\":\"N\\u00e1\\u0161 \\u0161portov\\u00fd de\\u0148\",\"author\":{\"@id\":\"https:\\\/\\\/szslucnalc.sk\\\/?author=2#author\"},\"publisher\":{\"@id\":\"https:\\\/\\\/szslucnalc.sk\\\/#organization\"},\"image\":{\"@type\":\"ImageObject\",\"url\":\"https:\\\/\\\/szslucnalc.sk\\\/wp-content\\\/uploads\\\/2022\\\/09\\\/Untitled_Panorama-1-scaled.jpg\",\"width\":2560,\"height\":974},\"datePublished\":\"2022-09-08T08:25:26+02:00\",\"dateModified\":\"2022-09-08T20:46:20+02:00\",\"inLanguage\":\"sk-SK\",\"mainEntityOfPage\":{\"@id\":\"https:\\\/\\\/szslucnalc.sk\\\/?p=17583#webpage\"},\"isPartOf\":{\"@id\":\"https:\\\/\\\/szslucnalc.sk\\\/?p=17583#webpage\"},\"articleSection\":\"In\\u00e9\"},{\"@type\":\"BreadcrumbList\",\"@id\":\"https:\\\/\\\/szslucnalc.sk\\\/?p=17583#breadcrumblist\",\"itemListElement\":[{\"@type\":\"ListItem\",\"@id\":\"https:\\\/\\\/szslucnalc.sk#listItem\",\"position\":1,\"name\":\"Home\",\"item\":\"https:\\\/\\\/szslucnalc.sk\",\"nextItem\":{\"@type\":\"ListItem\",\"@id\":\"https:\\\/\\\/szslucnalc.sk\\\/?cat=8#listItem\",\"name\":\"In\\u00e9\"}},{\"@type\":\"ListItem\",\"@id\":\"https:\\\/\\\/szslucnalc.sk\\\/?cat=8#listItem\",\"position\":2,\"name\":\"In\\u00e9\",\"item\":\"https:\\\/\\\/szslucnalc.sk\\\/?cat=8\",\"nextItem\":{\"@type\":\"ListItem\",\"@id\":\"https:\\\/\\\/szslucnalc.sk\\\/?p=17583#listItem\",\"name\":\"N\\u00e1\\u0161 \\u0161portov\\u00fd de\\u0148\"},\"previousItem\":{\"@type\":\"ListItem\",\"@id\":\"https:\\\/\\\/szslucnalc.sk#listItem\",\"name\":\"Home\"}},{\"@type\":\"ListItem\",\"@id\":\"https:\\\/\\\/szslucnalc.sk\\\/?p=17583#listItem\",\"position\":3,\"name\":\"N\\u00e1\\u0161 \\u0161portov\\u00fd de\\u0148\",\"previousItem\":{\"@type\":\"ListItem\",\"@id\":\"https:\\\/\\\/szslucnalc.sk\\\/?cat=8#listItem\",\"name\":\"In\\u00e9\"}}]},{\"@type\":\"Organization\",\"@id\":\"https:\\\/\\\/szslucnalc.sk\\\/#organization\",\"name\":\"Stredn\\u00e1 zdravotn\\u00edcka \\u0161kola Lu\\u010denec\",\"description\":\"Stredn\\u00e1 zdravotn\\u00edcka \\u0161kola\",\"url\":\"https:\\\/\\\/szslucnalc.sk\\\/\"},{\"@type\":\"Person\",\"@id\":\"https:\\\/\\\/szslucnalc.sk\\\/?author=2#author\",\"url\":\"https:\\\/\\\/szslucnalc.sk\\\/?author=2\",\"name\":\"Miroslav Sekula\"},{\"@type\":\"WebPage\",\"@id\":\"https:\\\/\\\/szslucnalc.sk\\\/?p=17583#webpage\",\"url\":\"https:\\\/\\\/szslucnalc.sk\\\/?p=17583\",\"name\":\"N\\u00e1\\u0161 \\u0161portov\\u00fd de\\u0148 - Stredn\\u00e1 zdravotn\\u00edcka \\u0161kola Lu\\u010denec\",\"description\":\"6.9.2022 -tj. druh\\u00fd vyu\\u010dovac\\u00ed de\\u0148 v \\u0161kolskom roku sme str\\u00e1vili netradi\\u010dn\\u00e9 dopoludnie pln\\u00e9 z\\u00e1bavy a \\u0161portu. Na jednotliv\\u00fdch stanovi\\u0161tiach \\u010dakali s\\u00fa\\u0165a\\u017eiacich zauj\\u00edmav\\u00e9 v\\u00fdzvy, ktor\\u00e9 ka\\u017ed\\u00e1 trieda viac-menej \\u00faspe\\u0161ne zvl\\u00e1dla. Cel\\u00e9 sa to nieslo v duchu dobrej n\\u00e1lady, pr\\u00edjemn\\u00fdch rozhovorov, op\\u00e4tovn\\u00fdch stretnut\\u00ed a utu\\u017eovania kolekt\\u00edvu. Reprezentanti tried sa sna\\u017eili osto\\u0161es\\u0165 a ostatn\\u00ed aspo\\u0148 fandili. Napokon sa kr\\u00e1snemu 1.miestu te\\u0161ili\",\"inLanguage\":\"sk-SK\",\"isPartOf\":{\"@id\":\"https:\\\/\\\/szslucnalc.sk\\\/#website\"},\"breadcrumb\":{\"@id\":\"https:\\\/\\\/szslucnalc.sk\\\/?p=17583#breadcrumblist\"},\"author\":{\"@id\":\"https:\\\/\\\/szslucnalc.sk\\\/?author=2#author\"},\"creator\":{\"@id\":\"https:\\\/\\\/szslucnalc.sk\\\/?author=2#author\"},\"image\":{\"@type\":\"ImageObject\",\"url\":\"https:\\\/\\\/szslucnalc.sk\\\/wp-content\\\/uploads\\\/2022\\\/09\\\/Untitled_Panorama-1-scaled.jpg\",\"@id\":\"https:\\\/\\\/szslucnalc.sk\\\/?p=17583\\\/#mainImage\",\"width\":2560,\"height\":974},\"primaryImageOfPage\":{\"@id\":\"https:\\\/\\\/szslucnalc.sk\\\/?p=17583#mainImage\"},\"datePublished\":\"2022-09-08T08:25:26+02:00\",\"dateModified\":\"2022-09-08T20:46:20+02:00\"},{\"@type\":\"WebSite\",\"@id\":\"https:\\\/\\\/szslucnalc.sk\\\/#website\",\"url\":\"https:\\\/\\\/szslucnalc.sk\\\/\",\"name\":\"Stredn\\u00e1 zdravotn\\u00edcka \\u0161kola Lu\\u010denec\",\"description\":\"Stredn\\u00e1 zdravotn\\u00edcka \\u0161kola\",\"inLanguage\":\"sk-SK\",\"publisher\":{\"@id\":\"https:\\\/\\\/szslucnalc.sk\\\/#organization\"}}]}\n\t\t<\/script>\n\t\t<!-- All in One SEO -->\n\n","aioseo_head_json":{"title":"N\u00e1\u0161 \u0161portov\u00fd de\u0148 - Stredn\u00e1 zdravotn\u00edcka \u0161kola Lu\u010denec","description":"6.9.2022 -tj. druh\u00fd vyu\u010dovac\u00ed de\u0148 v \u0161kolskom roku sme str\u00e1vili netradi\u010dn\u00e9 dopoludnie pln\u00e9 z\u00e1bavy a \u0161portu. Na jednotliv\u00fdch stanovi\u0161tiach \u010dakali s\u00fa\u0165a\u017eiacich zauj\u00edmav\u00e9 v\u00fdzvy, ktor\u00e9 ka\u017ed\u00e1 trieda viac-menej \u00faspe\u0161ne zvl\u00e1dla. Cel\u00e9 sa to nieslo v duchu dobrej n\u00e1lady, pr\u00edjemn\u00fdch rozhovorov, op\u00e4tovn\u00fdch stretnut\u00ed a utu\u017eovania kolekt\u00edvu. Reprezentanti tried sa sna\u017eili osto\u0161es\u0165 a ostatn\u00ed aspo\u0148 fandili. Napokon sa kr\u00e1snemu 1.miestu te\u0161ili","canonical_url":"https:\/\/szslucnalc.sk\/?p=17583","robots":"max-image-preview:large","keywords":"","webmasterTools":{"miscellaneous":""},"schema":{"@context":"https:\/\/schema.org","@graph":[{"@type":"BlogPosting","@id":"https:\/\/szslucnalc.sk\/?p=17583#blogposting","name":"N\u00e1\u0161 \u0161portov\u00fd de\u0148 - Stredn\u00e1 zdravotn\u00edcka \u0161kola Lu\u010denec","headline":"N\u00e1\u0161 \u0161portov\u00fd de\u0148","author":{"@id":"https:\/\/szslucnalc.sk\/?author=2#author"},"publisher":{"@id":"https:\/\/szslucnalc.sk\/#organization"},"image":{"@type":"ImageObject","url":"https:\/\/szslucnalc.sk\/wp-content\/uploads\/2022\/09\/Untitled_Panorama-1-scaled.jpg","width":2560,"height":974},"datePublished":"2022-09-08T08:25:26+02:00","dateModified":"2022-09-08T20:46:20+02:00","inLanguage":"sk-SK","mainEntityOfPage":{"@id":"https:\/\/szslucnalc.sk\/?p=17583#webpage"},"isPartOf":{"@id":"https:\/\/szslucnalc.sk\/?p=17583#webpage"},"articleSection":"In\u00e9"},{"@type":"BreadcrumbList","@id":"https:\/\/szslucnalc.sk\/?p=17583#breadcrumblist","itemListElement":[{"@type":"ListItem","@id":"https:\/\/szslucnalc.sk#listItem","position":1,"name":"Home","item":"https:\/\/szslucnalc.sk","nextItem":{"@type":"ListItem","@id":"https:\/\/szslucnalc.sk\/?cat=8#listItem","name":"In\u00e9"}},{"@type":"ListItem","@id":"https:\/\/szslucnalc.sk\/?cat=8#listItem","position":2,"name":"In\u00e9","item":"https:\/\/szslucnalc.sk\/?cat=8","nextItem":{"@type":"ListItem","@id":"https:\/\/szslucnalc.sk\/?p=17583#listItem","name":"N\u00e1\u0161 \u0161portov\u00fd de\u0148"},"previousItem":{"@type":"ListItem","@id":"https:\/\/szslucnalc.sk#listItem","name":"Home"}},{"@type":"ListItem","@id":"https:\/\/szslucnalc.sk\/?p=17583#listItem","position":3,"name":"N\u00e1\u0161 \u0161portov\u00fd de\u0148","previousItem":{"@type":"ListItem","@id":"https:\/\/szslucnalc.sk\/?cat=8#listItem","name":"In\u00e9"}}]},{"@type":"Organization","@id":"https:\/\/szslucnalc.sk\/#organization","name":"Stredn\u00e1 zdravotn\u00edcka \u0161kola Lu\u010denec","description":"Stredn\u00e1 zdravotn\u00edcka \u0161kola","url":"https:\/\/szslucnalc.sk\/"},{"@type":"Person","@id":"https:\/\/szslucnalc.sk\/?author=2#author","url":"https:\/\/szslucnalc.sk\/?author=2","name":"Miroslav Sekula"},{"@type":"WebPage","@id":"https:\/\/szslucnalc.sk\/?p=17583#webpage","url":"https:\/\/szslucnalc.sk\/?p=17583","name":"N\u00e1\u0161 \u0161portov\u00fd de\u0148 - Stredn\u00e1 zdravotn\u00edcka \u0161kola Lu\u010denec","description":"6.9.2022 -tj. druh\u00fd vyu\u010dovac\u00ed de\u0148 v \u0161kolskom roku sme str\u00e1vili netradi\u010dn\u00e9 dopoludnie pln\u00e9 z\u00e1bavy a \u0161portu. Na jednotliv\u00fdch stanovi\u0161tiach \u010dakali s\u00fa\u0165a\u017eiacich zauj\u00edmav\u00e9 v\u00fdzvy, ktor\u00e9 ka\u017ed\u00e1 trieda viac-menej \u00faspe\u0161ne zvl\u00e1dla. Cel\u00e9 sa to nieslo v duchu dobrej n\u00e1lady, pr\u00edjemn\u00fdch rozhovorov, op\u00e4tovn\u00fdch stretnut\u00ed a utu\u017eovania kolekt\u00edvu. Reprezentanti tried sa sna\u017eili osto\u0161es\u0165 a ostatn\u00ed aspo\u0148 fandili. Napokon sa kr\u00e1snemu 1.miestu te\u0161ili","inLanguage":"sk-SK","isPartOf":{"@id":"https:\/\/szslucnalc.sk\/#website"},"breadcrumb":{"@id":"https:\/\/szslucnalc.sk\/?p=17583#breadcrumblist"},"author":{"@id":"https:\/\/szslucnalc.sk\/?author=2#author"},"creator":{"@id":"https:\/\/szslucnalc.sk\/?author=2#author"},"image":{"@type":"ImageObject","url":"https:\/\/szslucnalc.sk\/wp-content\/uploads\/2022\/09\/Untitled_Panorama-1-scaled.jpg","@id":"https:\/\/szslucnalc.sk\/?p=17583\/#mainImage","width":2560,"height":974},"primaryImageOfPage":{"@id":"https:\/\/szslucnalc.sk\/?p=17583#mainImage"},"datePublished":"2022-09-08T08:25:26+02:00","dateModified":"2022-09-08T20:46:20+02:00"},{"@type":"WebSite","@id":"https:\/\/szslucnalc.sk\/#website","url":"https:\/\/szslucnalc.sk\/","name":"Stredn\u00e1 zdravotn\u00edcka \u0161kola Lu\u010denec","description":"Stredn\u00e1 zdravotn\u00edcka \u0161kola","inLanguage":"sk-SK","publisher":{"@id":"https:\/\/szslucnalc.sk\/#organization"}}]},"og:locale":"sk_SK","og:site_name":"Stredn\u00e1 zdravotn\u00edcka \u0161kola Lu\u010denec - Stredn\u00e1 zdravotn\u00edcka \u0161kola","og:type":"article","og:title":"N\u00e1\u0161 \u0161portov\u00fd de\u0148 - Stredn\u00e1 zdravotn\u00edcka \u0161kola Lu\u010denec","og:description":"6.9.2022 -tj. druh\u00fd vyu\u010dovac\u00ed de\u0148 v \u0161kolskom roku sme str\u00e1vili netradi\u010dn\u00e9 dopoludnie pln\u00e9 z\u00e1bavy a \u0161portu. Na jednotliv\u00fdch stanovi\u0161tiach \u010dakali s\u00fa\u0165a\u017eiacich zauj\u00edmav\u00e9 v\u00fdzvy, ktor\u00e9 ka\u017ed\u00e1 trieda viac-menej \u00faspe\u0161ne zvl\u00e1dla. Cel\u00e9 sa to nieslo v duchu dobrej n\u00e1lady, pr\u00edjemn\u00fdch rozhovorov, op\u00e4tovn\u00fdch stretnut\u00ed a utu\u017eovania kolekt\u00edvu. Reprezentanti tried sa sna\u017eili osto\u0161es\u0165 a ostatn\u00ed aspo\u0148 fandili. Napokon sa kr\u00e1snemu 1.miestu te\u0161ili","og:url":"https:\/\/szslucnalc.sk\/?p=17583","og:image":"https:\/\/szslucnalc.sk\/wp-content\/uploads\/2022\/09\/Untitled_Panorama-1-scaled.jpg","og:image:secure_url":"https:\/\/szslucnalc.sk\/wp-content\/uploads\/2022\/09\/Untitled_Panorama-1-scaled.jpg","og:image:width":2560,"og:image:height":974,"article:published_time":"2022-09-08T06:25:26+00:00","article:modified_time":"2022-09-08T18:46:20+00:00","twitter:card":"summary_large_image","twitter:title":"N\u00e1\u0161 \u0161portov\u00fd de\u0148 - Stredn\u00e1 zdravotn\u00edcka \u0161kola Lu\u010denec","twitter:description":"6.9.2022 -tj. druh\u00fd vyu\u010dovac\u00ed de\u0148 v \u0161kolskom roku sme str\u00e1vili netradi\u010dn\u00e9 dopoludnie pln\u00e9 z\u00e1bavy a \u0161portu. Na jednotliv\u00fdch stanovi\u0161tiach \u010dakali s\u00fa\u0165a\u017eiacich zauj\u00edmav\u00e9 v\u00fdzvy, ktor\u00e9 ka\u017ed\u00e1 trieda viac-menej \u00faspe\u0161ne zvl\u00e1dla. Cel\u00e9 sa to nieslo v duchu dobrej n\u00e1lady, pr\u00edjemn\u00fdch rozhovorov, op\u00e4tovn\u00fdch stretnut\u00ed a utu\u017eovania kolekt\u00edvu. Reprezentanti tried sa sna\u017eili osto\u0161es\u0165 a ostatn\u00ed aspo\u0148 fandili. Napokon sa kr\u00e1snemu 1.miestu te\u0161ili","twitter:image":"https:\/\/szslucnalc.sk\/wp-content\/uploads\/2022\/09\/Untitled_Panorama-1-scaled.jpg"},"aioseo_meta_data":{"post_id":"17583","title":null,"description":null,"keywords":null,"keyphrases":null,"primary_term":null,"canonical_url":null,"og_title":null,"og_description":null,"og_object_type":"default","og_image_type":"default","og_image_url":null,"og_image_width":null,"og_image_height":null,"og_image_custom_url":null,"og_image_custom_fields":null,"og_video":null,"og_custom_url":null,"og_article_section":null,"og_article_tags":null,"twitter_use_og":false,"twitter_card":"default","twitter_image_type":"default","twitter_image_url":null,"twitter_image_custom_url":null,"twitter_image_custom_fields":null,"twitter_title":null,"twitter_description":null,"schema":{"blockGraphs":[],"customGraphs":[],"default":{"data":{"Article":[],"Course":[],"Dataset":[],"FAQPage":[],"Movie":[],"Person":[],"Product":[],"ProductReview":[],"Car":[],"Recipe":[],"Service":[],"SoftwareApplication":[],"WebPage":[]},"graphName":"","isEnabled":true},"graphs":[]},"schema_type":"default","schema_type_options":null,"pillar_content":false,"robots_default":true,"robots_noindex":false,"robots_noarchive":false,"robots_nosnippet":false,"robots_nofollow":false,"robots_noimageindex":false,"robots_noodp":false,"robots_notranslate":false,"robots_max_snippet":null,"robots_max_videopreview":null,"robots_max_imagepreview":"large","priority":null,"frequency":null,"local_seo":null,"breadcrumb_settings":null,"limit_modified_date":false,"ai":null,"created":"2023-09-15 17:29:54","updated":"2025-06-26 15:06:34","seo_analyzer_scan_date":null,"focus_keyword":null,"additional_keywords":null,"truseo_locale":null},"aioseo_breadcrumb":"<div class=\"aioseo-breadcrumbs\"><span class=\"aioseo-breadcrumb\">\n\t\t\t<a href=\"https:\/\/szslucnalc.sk\" title=\"Home\">Home<\/a>\n\t\t<\/span><span class=\"aioseo-breadcrumb-separator\">&raquo;<\/span><span class=\"aioseo-breadcrumb\">\n\t\t\t<a href=\"https:\/\/szslucnalc.sk\/?cat=8\" title=\"In\u00e9\">In\u00e9<\/a>\n\t\t<\/span><span class=\"aioseo-breadcrumb-separator\">&raquo;<\/span><span class=\"aioseo-breadcrumb\">\n\t\t\tN\u00e1\u0161 \u0161portov\u00fd de\u0148\n\t\t<\/span><\/div>","aioseo_breadcrumb_json":[{"label":"Home","link":"https:\/\/szslucnalc.sk"},{"label":"In\u00e9","link":"https:\/\/szslucnalc.sk\/?cat=8"},{"label":"N\u00e1\u0161 \u0161portov\u00fd de\u0148","link":"https:\/\/szslucnalc.sk\/?p=17583"}],"_links":{"self":[{"href":"https:\/\/szslucnalc.sk\/index.php?rest_route=\/wp\/v2\/posts\/17583","targetHints":{"allow":["GET"]}}],"collection":[{"href":"https:\/\/szslucnalc.sk\/index.php?rest_route=\/wp\/v2\/posts"}],"about":[{"href":"https:\/\/szslucnalc.sk\/index.php?rest_route=\/wp\/v2\/types\/post"}],"author":[{"embeddable":true,"href":"https:\/\/szslucnalc.sk\/index.php?rest_route=\/wp\/v2\/users\/2"}],"replies":[{"embeddable":true,"href":"https:\/\/szslucnalc.sk\/index.php?rest_route=%2Fwp%2Fv2%2Fcomments&post=17583"}],"version-history":[{"count":2,"href":"https:\/\/szslucnalc.sk\/index.php?rest_route=\/wp\/v2\/posts\/17583\/revisions"}],"predecessor-version":[{"id":17587,"href":"https:\/\/szslucnalc.sk\/index.php?rest_route=\/wp\/v2\/posts\/17583\/revisions\/17587"}],"wp:featuredmedia":[{"embeddable":true,"href":"https:\/\/szslucnalc.sk\/index.php?rest_route=\/wp\/v2\/media\/17588"}],"wp:attachment":[{"href":"https:\/\/szslucnalc.sk\/index.php?rest_route=%2Fwp%2Fv2%2Fmedia&parent=17583"}],"wp:term":[{"taxonomy":"category","embeddable":true,"href":"https:\/\/szslucnalc.sk\/index.php?rest_route=%2Fwp%2Fv2%2Fcategories&post=17583"},{"taxonomy":"post_tag","embeddable":true,"href":"https:\/\/szslucnalc.sk\/index.php?rest_route=%2Fwp%2Fv2%2Ftags&post=17583"}],"curies":[{"name":"wp","href":"https:\/\/api.w.org\/{rel}","templated":true}]}}