{"id":17788,"date":"2022-09-18T19:19:32","date_gmt":"2022-09-18T17:19:32","guid":{"rendered":"https:\/\/szslucnalc.sk\/?p=17788"},"modified":"2022-09-18T19:57:03","modified_gmt":"2022-09-18T17:57:03","slug":"nasa-expedicia-do-modrej-laguny","status":"publish","type":"post","link":"https:\/\/szslucnalc.sk\/?p=17788","title":{"rendered":"Na\u0161a exped\u00edcia do modrej lag\u00fany"},"content":{"rendered":"\n<p class=\"wp-block-paragraph\">V sobotu 10.9. v podve\u010dern\u00fdch hodin\u00e1ch sme za\u010dali n\u00e1\u0161 KO\u017dAZ dlhou, ale za to pr\u00edjemnou cestou, ktor\u00e1 sa niesla v \u00fa\u017easnej atmosf\u00e9re. Prv\u00fd dotyk so zemou chorv\u00e1tskeho meste\u010dka Orebi\u010d v n\u00e1s vzbudil pocit kr\u00e1sna. N\u00e1dych pr\u00edmorsk\u00e9ho vzduchu n\u00e1m v\u0161etk\u00fdm dodal energiu nato\u013eko, \u017ee sme sa hne\u010f&nbsp; vydali na pl\u00e1\u017e . Vlny n\u00e1s un\u00e1\u0161al do rozpr\u00e1vkov\u00e9ho raja. Rados\u0165 a oddych n\u00e1s sprev\u00e1dzali po\u010das cel\u00e9ho dobrodru\u017estva v krajine slne\u010dn\u00fdch l\u00fa\u010dov a farby lag\u00fany. Dni n\u00e1m nap\u013a\u0148ali na\u0161i profesori teoretick\u00fdmi a praktick\u00fdmi aktivitami a s pln\u00fdmi d\u00fa\u0161kami sme si u\u017e\u00edvali pren\u00e1dhern\u00e9 chv\u00edle v kruhu jedine\u010dn\u00fdch osobnost\u00ed , na\u0161ich spolu\u017eiakov. Av\u0161ak n\u00e1\u0161 \u010das sme tr\u00e1vili aj potulovan\u00edm sa po tejto kr\u00e1snej krajine. Roz\u0161\u00edrili sme na\u0161e obzory aj plavbou lo\u010fou, ktor\u00e1&nbsp; n\u00e1s doviezla na \u010darokr\u00e1sny ostrov Kor\u010du\u013ea. Nasleduj\u00faci de\u0148 sme zamierili do majest\u00e1tneho&nbsp; historick\u00e9ho mesta Dubrovn\u00edk, perly Jadranu, \u00fadajne tretieho najromantickej\u0161ieho mesta v Eur\u00f3pe. Okrem t\u00fdchto z\u00e1\u017eitkov sme utu\u017eovali aj vz\u0165ahy medzi triedami pomocou s\u00fa\u0165a\u017e\u00ed,v ktor\u00fdch sme overovali na\u0161e teoretick\u00e9 vedomosti a praktick\u00e9 zru\u010dnosti. S\u00fa\u0165a\u017ee sa skladali z troch zlo\u017eiek: zo z\u00e1chrany topiaceho, overovania vedomost\u00ed v oblasti civilnej ochrany a tzv. pevnosti Boyard, kde sme museli zap\u00e1ja\u0165 n\u00e1\u0161 intelekt, fyzick\u00fa kond\u00edciu a t\u00edmovos\u0165. Ve\u013emi sa n\u00e1m to v\u0161etk\u00fdm p\u00e1\u010dilo a sme v\u010fa\u010dn\u00ed za origin\u00e1lny z\u00e1\u017eitok. Za toto v\u0161etko patr\u00ed na\u0161e obrovsk\u00e9 \u010eAKUJEME hlavne p\u00e1novi profesorovi Skrutekovi a tie\u017e sprev\u00e1dzaj\u00facim profesork\u00e1m Sekulovej, Mur\u00ednovej a B\u00e1lintovej. Dovidenia Croatia !<\/p>\n\n\n\n<p class=\"wp-block-paragraph\">Lucia a Viki&nbsp;<\/p>\n\n\n\n<figure class=\"wp-block-video\"><video controls src=\"https:\/\/szslucnalc.sk\/wp-content\/uploads\/2022\/09\/InShot_20220917_155157484.mp4\"><\/video><\/figure>\n","protected":false},"excerpt":{"rendered":"<p>V sobotu 10.9. v podve&#269;ern&yacute;ch hodin&aacute;ch sme za&#269;ali n&aacute;&scaron; KO&#381;AZ dlhou, ale za to pr&iacute;jemnou cestou, ktor&aacute; sa niesla v &uacute;&#382;asnej atmosf&eacute;re. Prv&yacute; dotyk so zemou<span class=\"excerpt-hellip\"> [\u2026]<\/span><\/p>\n","protected":false},"author":2,"featured_media":17760,"comment_status":"closed","ping_status":"closed","sticky":false,"template":"","format":"standard","meta":{"footnotes":""},"categories":[5],"tags":[],"class_list":["post-17788","post","type-post","status-publish","format-standard","has-post-thumbnail","hentry","category-zahranicne"],"aioseo_notices":[],"aioseo_head":"\n\t\t<!-- All in One SEO 5.0.0.1 - aioseo.com -->\n\t<meta name=\"description\" content=\"V sobotu 10.9. v podve\u010dern\u00fdch hodin\u00e1ch sme za\u010dali n\u00e1\u0161 KO\u017dAZ dlhou, ale za to pr\u00edjemnou cestou, ktor\u00e1 sa niesla v \u00fa\u017easnej atmosf\u00e9re. Prv\u00fd dotyk so zemou chorv\u00e1tskeho meste\u010dka Orebi\u010d v n\u00e1s vzbudil pocit kr\u00e1sna. N\u00e1dych pr\u00edmorsk\u00e9ho vzduchu n\u00e1m v\u0161etk\u00fdm dodal energiu nato\u013eko, \u017ee sme sa hne\u010f vydali na pl\u00e1\u017e . Vlny n\u00e1s un\u00e1\u0161al do rozpr\u00e1vkov\u00e9ho\" \/>\n\t<meta name=\"robots\" content=\"max-image-preview:large\" \/>\n\t<meta name=\"author\" content=\"Miroslav Sekula\"\/>\n\t<link rel=\"canonical\" href=\"https:\/\/szslucnalc.sk\/?p=17788\" \/>\n\t<meta name=\"generator\" content=\"All in One SEO (AIOSEO) 5.0.0.1\" \/>\n\t\t<meta property=\"og:locale\" content=\"sk_SK\" \/>\n\t\t<meta property=\"og:site_name\" content=\"Stredn\u00e1 zdravotn\u00edcka \u0161kola Lu\u010denec - Stredn\u00e1 zdravotn\u00edcka \u0161kola\" \/>\n\t\t<meta property=\"og:type\" content=\"article\" \/>\n\t\t<meta property=\"og:title\" content=\"Na\u0161a exped\u00edcia do modrej lag\u00fany - Stredn\u00e1 zdravotn\u00edcka \u0161kola Lu\u010denec\" \/>\n\t\t<meta property=\"og:description\" content=\"V sobotu 10.9. v podve\u010dern\u00fdch hodin\u00e1ch sme za\u010dali n\u00e1\u0161 KO\u017dAZ dlhou, ale za to pr\u00edjemnou cestou, ktor\u00e1 sa niesla v \u00fa\u017easnej atmosf\u00e9re. Prv\u00fd dotyk so zemou chorv\u00e1tskeho meste\u010dka Orebi\u010d v n\u00e1s vzbudil pocit kr\u00e1sna. N\u00e1dych pr\u00edmorsk\u00e9ho vzduchu n\u00e1m v\u0161etk\u00fdm dodal energiu nato\u013eko, \u017ee sme sa hne\u010f vydali na pl\u00e1\u017e . Vlny n\u00e1s un\u00e1\u0161al do rozpr\u00e1vkov\u00e9ho\" \/>\n\t\t<meta property=\"og:url\" content=\"https:\/\/szslucnalc.sk\/?p=17788\" \/>\n\t\t<meta property=\"og:image\" content=\"https:\/\/szslucnalc.sk\/wp-content\/uploads\/2022\/09\/20220914_102706.jpg\" \/>\n\t\t<meta property=\"og:image:secure_url\" content=\"https:\/\/szslucnalc.sk\/wp-content\/uploads\/2022\/09\/20220914_102706.jpg\" \/>\n\t\t<meta property=\"og:image:width\" content=\"1024\" \/>\n\t\t<meta property=\"og:image:height\" content=\"768\" \/>\n\t\t<meta property=\"article:published_time\" content=\"2022-09-18T17:19:32+00:00\" \/>\n\t\t<meta property=\"article:modified_time\" content=\"2022-09-18T17:57:03+00:00\" \/>\n\t\t<meta name=\"twitter:card\" content=\"summary_large_image\" \/>\n\t\t<meta name=\"twitter:title\" content=\"Na\u0161a exped\u00edcia do modrej lag\u00fany - Stredn\u00e1 zdravotn\u00edcka \u0161kola Lu\u010denec\" \/>\n\t\t<meta name=\"twitter:description\" content=\"V sobotu 10.9. v podve\u010dern\u00fdch hodin\u00e1ch sme za\u010dali n\u00e1\u0161 KO\u017dAZ dlhou, ale za to pr\u00edjemnou cestou, ktor\u00e1 sa niesla v \u00fa\u017easnej atmosf\u00e9re. Prv\u00fd dotyk so zemou chorv\u00e1tskeho meste\u010dka Orebi\u010d v n\u00e1s vzbudil pocit kr\u00e1sna. N\u00e1dych pr\u00edmorsk\u00e9ho vzduchu n\u00e1m v\u0161etk\u00fdm dodal energiu nato\u013eko, \u017ee sme sa hne\u010f vydali na pl\u00e1\u017e . Vlny n\u00e1s un\u00e1\u0161al do rozpr\u00e1vkov\u00e9ho\" \/>\n\t\t<meta name=\"twitter:image\" content=\"https:\/\/szslucnalc.sk\/wp-content\/uploads\/2022\/09\/20220914_102706.jpg\" \/>\n\t\t<script type=\"application\/ld+json\" class=\"aioseo-schema\">\n\t\t\t{\"@context\":\"https:\\\/\\\/schema.org\",\"@graph\":[{\"@type\":\"BlogPosting\",\"@id\":\"https:\\\/\\\/szslucnalc.sk\\\/?p=17788#blogposting\",\"name\":\"Na\\u0161a exped\\u00edcia do modrej lag\\u00fany - Stredn\\u00e1 zdravotn\\u00edcka \\u0161kola Lu\\u010denec\",\"headline\":\"Na\\u0161a exped\\u00edcia do modrej lag\\u00fany\",\"author\":{\"@id\":\"https:\\\/\\\/szslucnalc.sk\\\/?author=2#author\"},\"publisher\":{\"@id\":\"https:\\\/\\\/szslucnalc.sk\\\/#organization\"},\"image\":{\"@type\":\"ImageObject\",\"url\":\"https:\\\/\\\/szslucnalc.sk\\\/wp-content\\\/uploads\\\/2022\\\/09\\\/20220914_102706.jpg\",\"width\":1024,\"height\":768},\"datePublished\":\"2022-09-18T19:19:32+02:00\",\"dateModified\":\"2022-09-18T19:57:03+02:00\",\"inLanguage\":\"sk-SK\",\"mainEntityOfPage\":{\"@id\":\"https:\\\/\\\/szslucnalc.sk\\\/?p=17788#webpage\"},\"isPartOf\":{\"@id\":\"https:\\\/\\\/szslucnalc.sk\\\/?p=17788#webpage\"},\"articleSection\":\"Zahrani\\u010dn\\u00e9\"},{\"@type\":\"BreadcrumbList\",\"@id\":\"https:\\\/\\\/szslucnalc.sk\\\/?p=17788#breadcrumblist\",\"itemListElement\":[{\"@type\":\"ListItem\",\"@id\":\"https:\\\/\\\/szslucnalc.sk#listItem\",\"position\":1,\"name\":\"Home\",\"item\":\"https:\\\/\\\/szslucnalc.sk\",\"nextItem\":{\"@type\":\"ListItem\",\"@id\":\"https:\\\/\\\/szslucnalc.sk\\\/?cat=5#listItem\",\"name\":\"Zahrani\\u010dn\\u00e9\"}},{\"@type\":\"ListItem\",\"@id\":\"https:\\\/\\\/szslucnalc.sk\\\/?cat=5#listItem\",\"position\":2,\"name\":\"Zahrani\\u010dn\\u00e9\",\"item\":\"https:\\\/\\\/szslucnalc.sk\\\/?cat=5\",\"nextItem\":{\"@type\":\"ListItem\",\"@id\":\"https:\\\/\\\/szslucnalc.sk\\\/?p=17788#listItem\",\"name\":\"Na\\u0161a exped\\u00edcia do modrej lag\\u00fany\"},\"previousItem\":{\"@type\":\"ListItem\",\"@id\":\"https:\\\/\\\/szslucnalc.sk#listItem\",\"name\":\"Home\"}},{\"@type\":\"ListItem\",\"@id\":\"https:\\\/\\\/szslucnalc.sk\\\/?p=17788#listItem\",\"position\":3,\"name\":\"Na\\u0161a exped\\u00edcia do modrej lag\\u00fany\",\"previousItem\":{\"@type\":\"ListItem\",\"@id\":\"https:\\\/\\\/szslucnalc.sk\\\/?cat=5#listItem\",\"name\":\"Zahrani\\u010dn\\u00e9\"}}]},{\"@type\":\"Organization\",\"@id\":\"https:\\\/\\\/szslucnalc.sk\\\/#organization\",\"name\":\"Stredn\\u00e1 zdravotn\\u00edcka \\u0161kola Lu\\u010denec\",\"description\":\"Stredn\\u00e1 zdravotn\\u00edcka \\u0161kola\",\"url\":\"https:\\\/\\\/szslucnalc.sk\\\/\"},{\"@type\":\"Person\",\"@id\":\"https:\\\/\\\/szslucnalc.sk\\\/?author=2#author\",\"url\":\"https:\\\/\\\/szslucnalc.sk\\\/?author=2\",\"name\":\"Miroslav Sekula\"},{\"@type\":\"WebPage\",\"@id\":\"https:\\\/\\\/szslucnalc.sk\\\/?p=17788#webpage\",\"url\":\"https:\\\/\\\/szslucnalc.sk\\\/?p=17788\",\"name\":\"Na\\u0161a exped\\u00edcia do modrej lag\\u00fany - Stredn\\u00e1 zdravotn\\u00edcka \\u0161kola Lu\\u010denec\",\"description\":\"V sobotu 10.9. v podve\\u010dern\\u00fdch hodin\\u00e1ch sme za\\u010dali n\\u00e1\\u0161 KO\\u017dAZ dlhou, ale za to pr\\u00edjemnou cestou, ktor\\u00e1 sa niesla v \\u00fa\\u017easnej atmosf\\u00e9re. Prv\\u00fd dotyk so zemou chorv\\u00e1tskeho meste\\u010dka Orebi\\u010d v n\\u00e1s vzbudil pocit kr\\u00e1sna. N\\u00e1dych pr\\u00edmorsk\\u00e9ho vzduchu n\\u00e1m v\\u0161etk\\u00fdm dodal energiu nato\\u013eko, \\u017ee sme sa hne\\u010f vydali na pl\\u00e1\\u017e . Vlny n\\u00e1s un\\u00e1\\u0161al do rozpr\\u00e1vkov\\u00e9ho\",\"inLanguage\":\"sk-SK\",\"isPartOf\":{\"@id\":\"https:\\\/\\\/szslucnalc.sk\\\/#website\"},\"breadcrumb\":{\"@id\":\"https:\\\/\\\/szslucnalc.sk\\\/?p=17788#breadcrumblist\"},\"author\":{\"@id\":\"https:\\\/\\\/szslucnalc.sk\\\/?author=2#author\"},\"creator\":{\"@id\":\"https:\\\/\\\/szslucnalc.sk\\\/?author=2#author\"},\"image\":{\"@type\":\"ImageObject\",\"url\":\"https:\\\/\\\/szslucnalc.sk\\\/wp-content\\\/uploads\\\/2022\\\/09\\\/20220914_102706.jpg\",\"@id\":\"https:\\\/\\\/szslucnalc.sk\\\/?p=17788\\\/#mainImage\",\"width\":1024,\"height\":768},\"primaryImageOfPage\":{\"@id\":\"https:\\\/\\\/szslucnalc.sk\\\/?p=17788#mainImage\"},\"datePublished\":\"2022-09-18T19:19:32+02:00\",\"dateModified\":\"2022-09-18T19:57:03+02:00\"},{\"@type\":\"WebSite\",\"@id\":\"https:\\\/\\\/szslucnalc.sk\\\/#website\",\"url\":\"https:\\\/\\\/szslucnalc.sk\\\/\",\"name\":\"Stredn\\u00e1 zdravotn\\u00edcka \\u0161kola Lu\\u010denec\",\"description\":\"Stredn\\u00e1 zdravotn\\u00edcka \\u0161kola\",\"inLanguage\":\"sk-SK\",\"publisher\":{\"@id\":\"https:\\\/\\\/szslucnalc.sk\\\/#organization\"}}]}\n\t\t<\/script>\n\t\t<!-- All in One SEO -->\n\n","aioseo_head_json":{"title":"Na\u0161a exped\u00edcia do modrej lag\u00fany - Stredn\u00e1 zdravotn\u00edcka \u0161kola Lu\u010denec","description":"V sobotu 10.9. v podve\u010dern\u00fdch hodin\u00e1ch sme za\u010dali n\u00e1\u0161 KO\u017dAZ dlhou, ale za to pr\u00edjemnou cestou, ktor\u00e1 sa niesla v \u00fa\u017easnej atmosf\u00e9re. Prv\u00fd dotyk so zemou chorv\u00e1tskeho meste\u010dka Orebi\u010d v n\u00e1s vzbudil pocit kr\u00e1sna. N\u00e1dych pr\u00edmorsk\u00e9ho vzduchu n\u00e1m v\u0161etk\u00fdm dodal energiu nato\u013eko, \u017ee sme sa hne\u010f vydali na pl\u00e1\u017e . Vlny n\u00e1s un\u00e1\u0161al do rozpr\u00e1vkov\u00e9ho","canonical_url":"https:\/\/szslucnalc.sk\/?p=17788","robots":"max-image-preview:large","keywords":"","webmasterTools":{"miscellaneous":""},"schema":{"@context":"https:\/\/schema.org","@graph":[{"@type":"BlogPosting","@id":"https:\/\/szslucnalc.sk\/?p=17788#blogposting","name":"Na\u0161a exped\u00edcia do modrej lag\u00fany - Stredn\u00e1 zdravotn\u00edcka \u0161kola Lu\u010denec","headline":"Na\u0161a exped\u00edcia do modrej lag\u00fany","author":{"@id":"https:\/\/szslucnalc.sk\/?author=2#author"},"publisher":{"@id":"https:\/\/szslucnalc.sk\/#organization"},"image":{"@type":"ImageObject","url":"https:\/\/szslucnalc.sk\/wp-content\/uploads\/2022\/09\/20220914_102706.jpg","width":1024,"height":768},"datePublished":"2022-09-18T19:19:32+02:00","dateModified":"2022-09-18T19:57:03+02:00","inLanguage":"sk-SK","mainEntityOfPage":{"@id":"https:\/\/szslucnalc.sk\/?p=17788#webpage"},"isPartOf":{"@id":"https:\/\/szslucnalc.sk\/?p=17788#webpage"},"articleSection":"Zahrani\u010dn\u00e9"},{"@type":"BreadcrumbList","@id":"https:\/\/szslucnalc.sk\/?p=17788#breadcrumblist","itemListElement":[{"@type":"ListItem","@id":"https:\/\/szslucnalc.sk#listItem","position":1,"name":"Home","item":"https:\/\/szslucnalc.sk","nextItem":{"@type":"ListItem","@id":"https:\/\/szslucnalc.sk\/?cat=5#listItem","name":"Zahrani\u010dn\u00e9"}},{"@type":"ListItem","@id":"https:\/\/szslucnalc.sk\/?cat=5#listItem","position":2,"name":"Zahrani\u010dn\u00e9","item":"https:\/\/szslucnalc.sk\/?cat=5","nextItem":{"@type":"ListItem","@id":"https:\/\/szslucnalc.sk\/?p=17788#listItem","name":"Na\u0161a exped\u00edcia do modrej lag\u00fany"},"previousItem":{"@type":"ListItem","@id":"https:\/\/szslucnalc.sk#listItem","name":"Home"}},{"@type":"ListItem","@id":"https:\/\/szslucnalc.sk\/?p=17788#listItem","position":3,"name":"Na\u0161a exped\u00edcia do modrej lag\u00fany","previousItem":{"@type":"ListItem","@id":"https:\/\/szslucnalc.sk\/?cat=5#listItem","name":"Zahrani\u010dn\u00e9"}}]},{"@type":"Organization","@id":"https:\/\/szslucnalc.sk\/#organization","name":"Stredn\u00e1 zdravotn\u00edcka \u0161kola Lu\u010denec","description":"Stredn\u00e1 zdravotn\u00edcka \u0161kola","url":"https:\/\/szslucnalc.sk\/"},{"@type":"Person","@id":"https:\/\/szslucnalc.sk\/?author=2#author","url":"https:\/\/szslucnalc.sk\/?author=2","name":"Miroslav Sekula"},{"@type":"WebPage","@id":"https:\/\/szslucnalc.sk\/?p=17788#webpage","url":"https:\/\/szslucnalc.sk\/?p=17788","name":"Na\u0161a exped\u00edcia do modrej lag\u00fany - Stredn\u00e1 zdravotn\u00edcka \u0161kola Lu\u010denec","description":"V sobotu 10.9. v podve\u010dern\u00fdch hodin\u00e1ch sme za\u010dali n\u00e1\u0161 KO\u017dAZ dlhou, ale za to pr\u00edjemnou cestou, ktor\u00e1 sa niesla v \u00fa\u017easnej atmosf\u00e9re. Prv\u00fd dotyk so zemou chorv\u00e1tskeho meste\u010dka Orebi\u010d v n\u00e1s vzbudil pocit kr\u00e1sna. N\u00e1dych pr\u00edmorsk\u00e9ho vzduchu n\u00e1m v\u0161etk\u00fdm dodal energiu nato\u013eko, \u017ee sme sa hne\u010f vydali na pl\u00e1\u017e . Vlny n\u00e1s un\u00e1\u0161al do rozpr\u00e1vkov\u00e9ho","inLanguage":"sk-SK","isPartOf":{"@id":"https:\/\/szslucnalc.sk\/#website"},"breadcrumb":{"@id":"https:\/\/szslucnalc.sk\/?p=17788#breadcrumblist"},"author":{"@id":"https:\/\/szslucnalc.sk\/?author=2#author"},"creator":{"@id":"https:\/\/szslucnalc.sk\/?author=2#author"},"image":{"@type":"ImageObject","url":"https:\/\/szslucnalc.sk\/wp-content\/uploads\/2022\/09\/20220914_102706.jpg","@id":"https:\/\/szslucnalc.sk\/?p=17788\/#mainImage","width":1024,"height":768},"primaryImageOfPage":{"@id":"https:\/\/szslucnalc.sk\/?p=17788#mainImage"},"datePublished":"2022-09-18T19:19:32+02:00","dateModified":"2022-09-18T19:57:03+02:00"},{"@type":"WebSite","@id":"https:\/\/szslucnalc.sk\/#website","url":"https:\/\/szslucnalc.sk\/","name":"Stredn\u00e1 zdravotn\u00edcka \u0161kola Lu\u010denec","description":"Stredn\u00e1 zdravotn\u00edcka \u0161kola","inLanguage":"sk-SK","publisher":{"@id":"https:\/\/szslucnalc.sk\/#organization"}}]},"og:locale":"sk_SK","og:site_name":"Stredn\u00e1 zdravotn\u00edcka \u0161kola Lu\u010denec - Stredn\u00e1 zdravotn\u00edcka \u0161kola","og:type":"article","og:title":"Na\u0161a exped\u00edcia do modrej lag\u00fany - Stredn\u00e1 zdravotn\u00edcka \u0161kola Lu\u010denec","og:description":"V sobotu 10.9. v podve\u010dern\u00fdch hodin\u00e1ch sme za\u010dali n\u00e1\u0161 KO\u017dAZ dlhou, ale za to pr\u00edjemnou cestou, ktor\u00e1 sa niesla v \u00fa\u017easnej atmosf\u00e9re. Prv\u00fd dotyk so zemou chorv\u00e1tskeho meste\u010dka Orebi\u010d v n\u00e1s vzbudil pocit kr\u00e1sna. N\u00e1dych pr\u00edmorsk\u00e9ho vzduchu n\u00e1m v\u0161etk\u00fdm dodal energiu nato\u013eko, \u017ee sme sa hne\u010f vydali na pl\u00e1\u017e . Vlny n\u00e1s un\u00e1\u0161al do rozpr\u00e1vkov\u00e9ho","og:url":"https:\/\/szslucnalc.sk\/?p=17788","og:image":"https:\/\/szslucnalc.sk\/wp-content\/uploads\/2022\/09\/20220914_102706.jpg","og:image:secure_url":"https:\/\/szslucnalc.sk\/wp-content\/uploads\/2022\/09\/20220914_102706.jpg","og:image:width":1024,"og:image:height":768,"article:published_time":"2022-09-18T17:19:32+00:00","article:modified_time":"2022-09-18T17:57:03+00:00","twitter:card":"summary_large_image","twitter:title":"Na\u0161a exped\u00edcia do modrej lag\u00fany - Stredn\u00e1 zdravotn\u00edcka \u0161kola Lu\u010denec","twitter:description":"V sobotu 10.9. v podve\u010dern\u00fdch hodin\u00e1ch sme za\u010dali n\u00e1\u0161 KO\u017dAZ dlhou, ale za to pr\u00edjemnou cestou, ktor\u00e1 sa niesla v \u00fa\u017easnej atmosf\u00e9re. Prv\u00fd dotyk so zemou chorv\u00e1tskeho meste\u010dka Orebi\u010d v n\u00e1s vzbudil pocit kr\u00e1sna. N\u00e1dych pr\u00edmorsk\u00e9ho vzduchu n\u00e1m v\u0161etk\u00fdm dodal energiu nato\u013eko, \u017ee sme sa hne\u010f vydali na pl\u00e1\u017e . Vlny n\u00e1s un\u00e1\u0161al do rozpr\u00e1vkov\u00e9ho","twitter:image":"https:\/\/szslucnalc.sk\/wp-content\/uploads\/2022\/09\/20220914_102706.jpg"},"aioseo_meta_data":{"post_id":"17788","title":null,"description":null,"keywords":null,"keyphrases":null,"primary_term":null,"canonical_url":null,"og_title":null,"og_description":null,"og_object_type":"default","og_image_type":"default","og_image_url":null,"og_image_width":null,"og_image_height":null,"og_image_custom_url":null,"og_image_custom_fields":null,"og_video":null,"og_custom_url":null,"og_article_section":null,"og_article_tags":null,"twitter_use_og":false,"twitter_card":"default","twitter_image_type":"default","twitter_image_url":null,"twitter_image_custom_url":null,"twitter_image_custom_fields":null,"twitter_title":null,"twitter_description":null,"schema":{"blockGraphs":[],"customGraphs":[],"default":{"data":{"Article":[],"Course":[],"Dataset":[],"FAQPage":[],"Movie":[],"Person":[],"Product":[],"ProductReview":[],"Car":[],"Recipe":[],"Service":[],"SoftwareApplication":[],"WebPage":[]},"graphName":"","isEnabled":true},"graphs":[]},"schema_type":"default","schema_type_options":null,"pillar_content":false,"robots_default":true,"robots_noindex":false,"robots_noarchive":false,"robots_nosnippet":false,"robots_nofollow":false,"robots_noimageindex":false,"robots_noodp":false,"robots_notranslate":false,"robots_max_snippet":null,"robots_max_videopreview":null,"robots_max_imagepreview":"large","priority":null,"frequency":null,"local_seo":null,"breadcrumb_settings":null,"limit_modified_date":false,"ai":null,"created":"2023-09-15 17:29:54","updated":"2025-06-26 15:06:34","seo_analyzer_scan_date":null,"focus_keyword":null,"additional_keywords":null,"truseo_locale":null},"aioseo_breadcrumb":"<div class=\"aioseo-breadcrumbs\"><span class=\"aioseo-breadcrumb\">\n\t\t\t<a href=\"https:\/\/szslucnalc.sk\" title=\"Home\">Home<\/a>\n\t\t<\/span><span class=\"aioseo-breadcrumb-separator\">&raquo;<\/span><span class=\"aioseo-breadcrumb\">\n\t\t\t<a href=\"https:\/\/szslucnalc.sk\/?cat=5\" title=\"Zahrani\u010dn\u00e9\">Zahrani\u010dn\u00e9<\/a>\n\t\t<\/span><span class=\"aioseo-breadcrumb-separator\">&raquo;<\/span><span class=\"aioseo-breadcrumb\">\n\t\t\tNa\u0161a exped\u00edcia do modrej lag\u00fany\n\t\t<\/span><\/div>","aioseo_breadcrumb_json":[{"label":"Home","link":"https:\/\/szslucnalc.sk"},{"label":"Zahrani\u010dn\u00e9","link":"https:\/\/szslucnalc.sk\/?cat=5"},{"label":"Na\u0161a exped\u00edcia do modrej lag\u00fany","link":"https:\/\/szslucnalc.sk\/?p=17788"}],"_links":{"self":[{"href":"https:\/\/szslucnalc.sk\/index.php?rest_route=\/wp\/v2\/posts\/17788","targetHints":{"allow":["GET"]}}],"collection":[{"href":"https:\/\/szslucnalc.sk\/index.php?rest_route=\/wp\/v2\/posts"}],"about":[{"href":"https:\/\/szslucnalc.sk\/index.php?rest_route=\/wp\/v2\/types\/post"}],"author":[{"embeddable":true,"href":"https:\/\/szslucnalc.sk\/index.php?rest_route=\/wp\/v2\/users\/2"}],"replies":[{"embeddable":true,"href":"https:\/\/szslucnalc.sk\/index.php?rest_route=%2Fwp%2Fv2%2Fcomments&post=17788"}],"version-history":[{"count":2,"href":"https:\/\/szslucnalc.sk\/index.php?rest_route=\/wp\/v2\/posts\/17788\/revisions"}],"predecessor-version":[{"id":17903,"href":"https:\/\/szslucnalc.sk\/index.php?rest_route=\/wp\/v2\/posts\/17788\/revisions\/17903"}],"wp:featuredmedia":[{"embeddable":true,"href":"https:\/\/szslucnalc.sk\/index.php?rest_route=\/wp\/v2\/media\/17760"}],"wp:attachment":[{"href":"https:\/\/szslucnalc.sk\/index.php?rest_route=%2Fwp%2Fv2%2Fmedia&parent=17788"}],"wp:term":[{"taxonomy":"category","embeddable":true,"href":"https:\/\/szslucnalc.sk\/index.php?rest_route=%2Fwp%2Fv2%2Fcategories&post=17788"},{"taxonomy":"post_tag","embeddable":true,"href":"https:\/\/szslucnalc.sk\/index.php?rest_route=%2Fwp%2Fv2%2Ftags&post=17788"}],"curies":[{"name":"wp","href":"https:\/\/api.w.org\/{rel}","templated":true}]}}