{"id":17919,"date":"2022-09-23T12:56:46","date_gmt":"2022-09-23T10:56:46","guid":{"rendered":"https:\/\/szslucnalc.sk\/?p=17919"},"modified":"2022-09-23T12:56:48","modified_gmt":"2022-09-23T10:56:48","slug":"biela-pastelka-2022","status":"publish","type":"post","link":"https:\/\/szslucnalc.sk\/?p=17919","title":{"rendered":"Biela pastelka 2022"},"content":{"rendered":"<p>\u201cVe\u013ea \u013eud\u00ed mi kedysi hovorilo, vzdaj to, ako slepec nikdy nebude\u0161 \u00faspe\u0161n\u00fd, ale ja som to nevzdal\u2026.Nikdy sa nevzd\u00e1vajte svojich snov a cho\u010fte za nimi!\u201d- Andrea Bocelli<\/p>\n<p>Cesta za plnen\u00edm snov je n\u00e1ro\u010dn\u00e1 a neraz t\u0155nist\u00e1, ale nie nemo\u017en\u00e1. Dennodenne n\u00e1m to dokazuj\u00fa osobnosti, ktor\u00e9 napriek r\u00f4znemu hendicapu dosahuj\u00fa obdivuhodn\u00e9 v\u00fdsledky. Pre zrakovo postihnut\u00fdch je ka\u017edodenn\u00e9  fungovanie v be\u017enom \u017eivote dosahovan\u00edm cie\u013eov. Preto je pre n\u00e1s, \u201ezdravo\u0165\u00e1kov\u201c  \u00faplne prirodzen\u00e9, \u017ee sa ka\u017edoro\u010dne zap\u00e1jame do charitat\u00edvnej zbierky Biela pastelka. Aspo\u0148 tak\u00fdmto sp\u00f4sobom m\u00f4\u017eeme vyjadri\u0165 svoju solidaritu, podporu a spolupatri\u010dnos\u0165. Ka\u017ed\u00fd, kto v uliciach Lu\u010denca finan\u010dne prispel na\u0161im tretiakom do tejto zbierky,  z cel\u00e9ho srdca \u010eAKUJEME.<br \/>\nS.Krn\u00e1\u010dov\u00e1<\/p>\n","protected":false},"excerpt":{"rendered":"<p>&ldquo;Ve&#318;a &#318;ud&iacute; mi kedysi hovorilo, vzdaj to, ako slepec nikdy nebude&scaron; &uacute;spe&scaron;n&yacute;, ale ja som to nevzdal&hellip;.Nikdy sa nevzd&aacute;vajte svojich snov a cho&#271;te za nimi!&rdquo;- Andrea<span class=\"excerpt-hellip\"> [\u2026]<\/span><\/p>\n","protected":false},"author":2,"featured_media":17924,"comment_status":"closed","ping_status":"closed","sticky":false,"template":"","format":"standard","meta":{"footnotes":""},"categories":[6],"tags":[],"class_list":["post-17919","post","type-post","status-publish","format-standard","has-post-thumbnail","hentry","category-charita"],"aioseo_notices":[],"aioseo_head":"\n\t\t<!-- All in One SEO 5.0.0.1 - aioseo.com -->\n\t<meta name=\"description\" content=\"\u201cVe\u013ea \u013eud\u00ed mi kedysi hovorilo, vzdaj to, ako slepec nikdy nebude\u0161 \u00faspe\u0161n\u00fd, ale ja som to nevzdal\u2026.Nikdy sa nevzd\u00e1vajte svojich snov a cho\u010fte za nimi!\u201d- Andrea Bocelli Cesta za plnen\u00edm snov je n\u00e1ro\u010dn\u00e1 a neraz t\u0155nist\u00e1, ale nie nemo\u017en\u00e1. Dennodenne n\u00e1m to dokazuj\u00fa osobnosti, ktor\u00e9 napriek r\u00f4znemu hendicapu dosahuj\u00fa obdivuhodn\u00e9 v\u00fdsledky. Pre zrakovo postihnut\u00fdch je\" \/>\n\t<meta name=\"robots\" content=\"max-image-preview:large\" \/>\n\t<meta name=\"author\" content=\"Miroslav Sekula\"\/>\n\t<link rel=\"canonical\" href=\"https:\/\/szslucnalc.sk\/?p=17919\" \/>\n\t<meta name=\"generator\" content=\"All in One SEO (AIOSEO) 5.0.0.1\" \/>\n\t\t<meta property=\"og:locale\" content=\"sk_SK\" \/>\n\t\t<meta property=\"og:site_name\" content=\"Stredn\u00e1 zdravotn\u00edcka \u0161kola Lu\u010denec - Stredn\u00e1 zdravotn\u00edcka \u0161kola\" \/>\n\t\t<meta property=\"og:type\" content=\"article\" \/>\n\t\t<meta property=\"og:title\" content=\"Biela pastelka 2022 - Stredn\u00e1 zdravotn\u00edcka \u0161kola Lu\u010denec\" \/>\n\t\t<meta property=\"og:description\" content=\"\u201cVe\u013ea \u013eud\u00ed mi kedysi hovorilo, vzdaj to, ako slepec nikdy nebude\u0161 \u00faspe\u0161n\u00fd, ale ja som to nevzdal\u2026.Nikdy sa nevzd\u00e1vajte svojich snov a cho\u010fte za nimi!\u201d- Andrea Bocelli Cesta za plnen\u00edm snov je n\u00e1ro\u010dn\u00e1 a neraz t\u0155nist\u00e1, ale nie nemo\u017en\u00e1. Dennodenne n\u00e1m to dokazuj\u00fa osobnosti, ktor\u00e9 napriek r\u00f4znemu hendicapu dosahuj\u00fa obdivuhodn\u00e9 v\u00fdsledky. Pre zrakovo postihnut\u00fdch je\" \/>\n\t\t<meta property=\"og:url\" content=\"https:\/\/szslucnalc.sk\/?p=17919\" \/>\n\t\t<meta property=\"og:image\" content=\"https:\/\/szslucnalc.sk\/wp-content\/uploads\/2022\/09\/307804289_679346146945010_581631694772895431_n.jpg\" \/>\n\t\t<meta property=\"og:image:secure_url\" content=\"https:\/\/szslucnalc.sk\/wp-content\/uploads\/2022\/09\/307804289_679346146945010_581631694772895431_n.jpg\" \/>\n\t\t<meta property=\"og:image:width\" content=\"2048\" \/>\n\t\t<meta property=\"og:image:height\" content=\"1536\" \/>\n\t\t<meta property=\"article:published_time\" content=\"2022-09-23T10:56:46+00:00\" \/>\n\t\t<meta property=\"article:modified_time\" content=\"2022-09-23T10:56:48+00:00\" \/>\n\t\t<meta name=\"twitter:card\" content=\"summary_large_image\" \/>\n\t\t<meta name=\"twitter:title\" content=\"Biela pastelka 2022 - Stredn\u00e1 zdravotn\u00edcka \u0161kola Lu\u010denec\" \/>\n\t\t<meta name=\"twitter:description\" content=\"\u201cVe\u013ea \u013eud\u00ed mi kedysi hovorilo, vzdaj to, ako slepec nikdy nebude\u0161 \u00faspe\u0161n\u00fd, ale ja som to nevzdal\u2026.Nikdy sa nevzd\u00e1vajte svojich snov a cho\u010fte za nimi!\u201d- Andrea Bocelli Cesta za plnen\u00edm snov je n\u00e1ro\u010dn\u00e1 a neraz t\u0155nist\u00e1, ale nie nemo\u017en\u00e1. Dennodenne n\u00e1m to dokazuj\u00fa osobnosti, ktor\u00e9 napriek r\u00f4znemu hendicapu dosahuj\u00fa obdivuhodn\u00e9 v\u00fdsledky. Pre zrakovo postihnut\u00fdch je\" \/>\n\t\t<meta name=\"twitter:image\" content=\"https:\/\/szslucnalc.sk\/wp-content\/uploads\/2022\/09\/307804289_679346146945010_581631694772895431_n.jpg\" \/>\n\t\t<script type=\"application\/ld+json\" class=\"aioseo-schema\">\n\t\t\t{\"@context\":\"https:\\\/\\\/schema.org\",\"@graph\":[{\"@type\":\"BlogPosting\",\"@id\":\"https:\\\/\\\/szslucnalc.sk\\\/?p=17919#blogposting\",\"name\":\"Biela pastelka 2022 - Stredn\\u00e1 zdravotn\\u00edcka \\u0161kola Lu\\u010denec\",\"headline\":\"Biela pastelka 2022\",\"author\":{\"@id\":\"https:\\\/\\\/szslucnalc.sk\\\/?author=2#author\"},\"publisher\":{\"@id\":\"https:\\\/\\\/szslucnalc.sk\\\/#organization\"},\"image\":{\"@type\":\"ImageObject\",\"url\":\"https:\\\/\\\/szslucnalc.sk\\\/wp-content\\\/uploads\\\/2022\\\/09\\\/307804289_679346146945010_581631694772895431_n.jpg\",\"width\":2048,\"height\":1536},\"datePublished\":\"2022-09-23T12:56:46+02:00\",\"dateModified\":\"2022-09-23T12:56:48+02:00\",\"inLanguage\":\"sk-SK\",\"mainEntityOfPage\":{\"@id\":\"https:\\\/\\\/szslucnalc.sk\\\/?p=17919#webpage\"},\"isPartOf\":{\"@id\":\"https:\\\/\\\/szslucnalc.sk\\\/?p=17919#webpage\"},\"articleSection\":\"Charita\"},{\"@type\":\"BreadcrumbList\",\"@id\":\"https:\\\/\\\/szslucnalc.sk\\\/?p=17919#breadcrumblist\",\"itemListElement\":[{\"@type\":\"ListItem\",\"@id\":\"https:\\\/\\\/szslucnalc.sk#listItem\",\"position\":1,\"name\":\"Home\",\"item\":\"https:\\\/\\\/szslucnalc.sk\",\"nextItem\":{\"@type\":\"ListItem\",\"@id\":\"https:\\\/\\\/szslucnalc.sk\\\/?cat=6#listItem\",\"name\":\"Charita\"}},{\"@type\":\"ListItem\",\"@id\":\"https:\\\/\\\/szslucnalc.sk\\\/?cat=6#listItem\",\"position\":2,\"name\":\"Charita\",\"item\":\"https:\\\/\\\/szslucnalc.sk\\\/?cat=6\",\"nextItem\":{\"@type\":\"ListItem\",\"@id\":\"https:\\\/\\\/szslucnalc.sk\\\/?p=17919#listItem\",\"name\":\"Biela pastelka 2022\"},\"previousItem\":{\"@type\":\"ListItem\",\"@id\":\"https:\\\/\\\/szslucnalc.sk#listItem\",\"name\":\"Home\"}},{\"@type\":\"ListItem\",\"@id\":\"https:\\\/\\\/szslucnalc.sk\\\/?p=17919#listItem\",\"position\":3,\"name\":\"Biela pastelka 2022\",\"previousItem\":{\"@type\":\"ListItem\",\"@id\":\"https:\\\/\\\/szslucnalc.sk\\\/?cat=6#listItem\",\"name\":\"Charita\"}}]},{\"@type\":\"Organization\",\"@id\":\"https:\\\/\\\/szslucnalc.sk\\\/#organization\",\"name\":\"Stredn\\u00e1 zdravotn\\u00edcka \\u0161kola Lu\\u010denec\",\"description\":\"Stredn\\u00e1 zdravotn\\u00edcka \\u0161kola\",\"url\":\"https:\\\/\\\/szslucnalc.sk\\\/\"},{\"@type\":\"Person\",\"@id\":\"https:\\\/\\\/szslucnalc.sk\\\/?author=2#author\",\"url\":\"https:\\\/\\\/szslucnalc.sk\\\/?author=2\",\"name\":\"Miroslav Sekula\"},{\"@type\":\"WebPage\",\"@id\":\"https:\\\/\\\/szslucnalc.sk\\\/?p=17919#webpage\",\"url\":\"https:\\\/\\\/szslucnalc.sk\\\/?p=17919\",\"name\":\"Biela pastelka 2022 - Stredn\\u00e1 zdravotn\\u00edcka \\u0161kola Lu\\u010denec\",\"description\":\"\\u201cVe\\u013ea \\u013eud\\u00ed mi kedysi hovorilo, vzdaj to, ako slepec nikdy nebude\\u0161 \\u00faspe\\u0161n\\u00fd, ale ja som to nevzdal\\u2026.Nikdy sa nevzd\\u00e1vajte svojich snov a cho\\u010fte za nimi!\\u201d- Andrea Bocelli Cesta za plnen\\u00edm snov je n\\u00e1ro\\u010dn\\u00e1 a neraz t\\u0155nist\\u00e1, ale nie nemo\\u017en\\u00e1. Dennodenne n\\u00e1m to dokazuj\\u00fa osobnosti, ktor\\u00e9 napriek r\\u00f4znemu hendicapu dosahuj\\u00fa obdivuhodn\\u00e9 v\\u00fdsledky. Pre zrakovo postihnut\\u00fdch je\",\"inLanguage\":\"sk-SK\",\"isPartOf\":{\"@id\":\"https:\\\/\\\/szslucnalc.sk\\\/#website\"},\"breadcrumb\":{\"@id\":\"https:\\\/\\\/szslucnalc.sk\\\/?p=17919#breadcrumblist\"},\"author\":{\"@id\":\"https:\\\/\\\/szslucnalc.sk\\\/?author=2#author\"},\"creator\":{\"@id\":\"https:\\\/\\\/szslucnalc.sk\\\/?author=2#author\"},\"image\":{\"@type\":\"ImageObject\",\"url\":\"https:\\\/\\\/szslucnalc.sk\\\/wp-content\\\/uploads\\\/2022\\\/09\\\/307804289_679346146945010_581631694772895431_n.jpg\",\"@id\":\"https:\\\/\\\/szslucnalc.sk\\\/?p=17919\\\/#mainImage\",\"width\":2048,\"height\":1536},\"primaryImageOfPage\":{\"@id\":\"https:\\\/\\\/szslucnalc.sk\\\/?p=17919#mainImage\"},\"datePublished\":\"2022-09-23T12:56:46+02:00\",\"dateModified\":\"2022-09-23T12:56:48+02:00\"},{\"@type\":\"WebSite\",\"@id\":\"https:\\\/\\\/szslucnalc.sk\\\/#website\",\"url\":\"https:\\\/\\\/szslucnalc.sk\\\/\",\"name\":\"Stredn\\u00e1 zdravotn\\u00edcka \\u0161kola Lu\\u010denec\",\"description\":\"Stredn\\u00e1 zdravotn\\u00edcka \\u0161kola\",\"inLanguage\":\"sk-SK\",\"publisher\":{\"@id\":\"https:\\\/\\\/szslucnalc.sk\\\/#organization\"}}]}\n\t\t<\/script>\n\t\t<!-- All in One SEO -->\n\n","aioseo_head_json":{"title":"Biela pastelka 2022 - Stredn\u00e1 zdravotn\u00edcka \u0161kola Lu\u010denec","description":"\u201cVe\u013ea \u013eud\u00ed mi kedysi hovorilo, vzdaj to, ako slepec nikdy nebude\u0161 \u00faspe\u0161n\u00fd, ale ja som to nevzdal\u2026.Nikdy sa nevzd\u00e1vajte svojich snov a cho\u010fte za nimi!\u201d- Andrea Bocelli Cesta za plnen\u00edm snov je n\u00e1ro\u010dn\u00e1 a neraz t\u0155nist\u00e1, ale nie nemo\u017en\u00e1. Dennodenne n\u00e1m to dokazuj\u00fa osobnosti, ktor\u00e9 napriek r\u00f4znemu hendicapu dosahuj\u00fa obdivuhodn\u00e9 v\u00fdsledky. Pre zrakovo postihnut\u00fdch je","canonical_url":"https:\/\/szslucnalc.sk\/?p=17919","robots":"max-image-preview:large","keywords":"","webmasterTools":{"miscellaneous":""},"schema":{"@context":"https:\/\/schema.org","@graph":[{"@type":"BlogPosting","@id":"https:\/\/szslucnalc.sk\/?p=17919#blogposting","name":"Biela pastelka 2022 - Stredn\u00e1 zdravotn\u00edcka \u0161kola Lu\u010denec","headline":"Biela pastelka 2022","author":{"@id":"https:\/\/szslucnalc.sk\/?author=2#author"},"publisher":{"@id":"https:\/\/szslucnalc.sk\/#organization"},"image":{"@type":"ImageObject","url":"https:\/\/szslucnalc.sk\/wp-content\/uploads\/2022\/09\/307804289_679346146945010_581631694772895431_n.jpg","width":2048,"height":1536},"datePublished":"2022-09-23T12:56:46+02:00","dateModified":"2022-09-23T12:56:48+02:00","inLanguage":"sk-SK","mainEntityOfPage":{"@id":"https:\/\/szslucnalc.sk\/?p=17919#webpage"},"isPartOf":{"@id":"https:\/\/szslucnalc.sk\/?p=17919#webpage"},"articleSection":"Charita"},{"@type":"BreadcrumbList","@id":"https:\/\/szslucnalc.sk\/?p=17919#breadcrumblist","itemListElement":[{"@type":"ListItem","@id":"https:\/\/szslucnalc.sk#listItem","position":1,"name":"Home","item":"https:\/\/szslucnalc.sk","nextItem":{"@type":"ListItem","@id":"https:\/\/szslucnalc.sk\/?cat=6#listItem","name":"Charita"}},{"@type":"ListItem","@id":"https:\/\/szslucnalc.sk\/?cat=6#listItem","position":2,"name":"Charita","item":"https:\/\/szslucnalc.sk\/?cat=6","nextItem":{"@type":"ListItem","@id":"https:\/\/szslucnalc.sk\/?p=17919#listItem","name":"Biela pastelka 2022"},"previousItem":{"@type":"ListItem","@id":"https:\/\/szslucnalc.sk#listItem","name":"Home"}},{"@type":"ListItem","@id":"https:\/\/szslucnalc.sk\/?p=17919#listItem","position":3,"name":"Biela pastelka 2022","previousItem":{"@type":"ListItem","@id":"https:\/\/szslucnalc.sk\/?cat=6#listItem","name":"Charita"}}]},{"@type":"Organization","@id":"https:\/\/szslucnalc.sk\/#organization","name":"Stredn\u00e1 zdravotn\u00edcka \u0161kola Lu\u010denec","description":"Stredn\u00e1 zdravotn\u00edcka \u0161kola","url":"https:\/\/szslucnalc.sk\/"},{"@type":"Person","@id":"https:\/\/szslucnalc.sk\/?author=2#author","url":"https:\/\/szslucnalc.sk\/?author=2","name":"Miroslav Sekula"},{"@type":"WebPage","@id":"https:\/\/szslucnalc.sk\/?p=17919#webpage","url":"https:\/\/szslucnalc.sk\/?p=17919","name":"Biela pastelka 2022 - Stredn\u00e1 zdravotn\u00edcka \u0161kola Lu\u010denec","description":"\u201cVe\u013ea \u013eud\u00ed mi kedysi hovorilo, vzdaj to, ako slepec nikdy nebude\u0161 \u00faspe\u0161n\u00fd, ale ja som to nevzdal\u2026.Nikdy sa nevzd\u00e1vajte svojich snov a cho\u010fte za nimi!\u201d- Andrea Bocelli Cesta za plnen\u00edm snov je n\u00e1ro\u010dn\u00e1 a neraz t\u0155nist\u00e1, ale nie nemo\u017en\u00e1. Dennodenne n\u00e1m to dokazuj\u00fa osobnosti, ktor\u00e9 napriek r\u00f4znemu hendicapu dosahuj\u00fa obdivuhodn\u00e9 v\u00fdsledky. Pre zrakovo postihnut\u00fdch je","inLanguage":"sk-SK","isPartOf":{"@id":"https:\/\/szslucnalc.sk\/#website"},"breadcrumb":{"@id":"https:\/\/szslucnalc.sk\/?p=17919#breadcrumblist"},"author":{"@id":"https:\/\/szslucnalc.sk\/?author=2#author"},"creator":{"@id":"https:\/\/szslucnalc.sk\/?author=2#author"},"image":{"@type":"ImageObject","url":"https:\/\/szslucnalc.sk\/wp-content\/uploads\/2022\/09\/307804289_679346146945010_581631694772895431_n.jpg","@id":"https:\/\/szslucnalc.sk\/?p=17919\/#mainImage","width":2048,"height":1536},"primaryImageOfPage":{"@id":"https:\/\/szslucnalc.sk\/?p=17919#mainImage"},"datePublished":"2022-09-23T12:56:46+02:00","dateModified":"2022-09-23T12:56:48+02:00"},{"@type":"WebSite","@id":"https:\/\/szslucnalc.sk\/#website","url":"https:\/\/szslucnalc.sk\/","name":"Stredn\u00e1 zdravotn\u00edcka \u0161kola Lu\u010denec","description":"Stredn\u00e1 zdravotn\u00edcka \u0161kola","inLanguage":"sk-SK","publisher":{"@id":"https:\/\/szslucnalc.sk\/#organization"}}]},"og:locale":"sk_SK","og:site_name":"Stredn\u00e1 zdravotn\u00edcka \u0161kola Lu\u010denec - Stredn\u00e1 zdravotn\u00edcka \u0161kola","og:type":"article","og:title":"Biela pastelka 2022 - Stredn\u00e1 zdravotn\u00edcka \u0161kola Lu\u010denec","og:description":"\u201cVe\u013ea \u013eud\u00ed mi kedysi hovorilo, vzdaj to, ako slepec nikdy nebude\u0161 \u00faspe\u0161n\u00fd, ale ja som to nevzdal\u2026.Nikdy sa nevzd\u00e1vajte svojich snov a cho\u010fte za nimi!\u201d- Andrea Bocelli Cesta za plnen\u00edm snov je n\u00e1ro\u010dn\u00e1 a neraz t\u0155nist\u00e1, ale nie nemo\u017en\u00e1. Dennodenne n\u00e1m to dokazuj\u00fa osobnosti, ktor\u00e9 napriek r\u00f4znemu hendicapu dosahuj\u00fa obdivuhodn\u00e9 v\u00fdsledky. Pre zrakovo postihnut\u00fdch je","og:url":"https:\/\/szslucnalc.sk\/?p=17919","og:image":"https:\/\/szslucnalc.sk\/wp-content\/uploads\/2022\/09\/307804289_679346146945010_581631694772895431_n.jpg","og:image:secure_url":"https:\/\/szslucnalc.sk\/wp-content\/uploads\/2022\/09\/307804289_679346146945010_581631694772895431_n.jpg","og:image:width":2048,"og:image:height":1536,"article:published_time":"2022-09-23T10:56:46+00:00","article:modified_time":"2022-09-23T10:56:48+00:00","twitter:card":"summary_large_image","twitter:title":"Biela pastelka 2022 - Stredn\u00e1 zdravotn\u00edcka \u0161kola Lu\u010denec","twitter:description":"\u201cVe\u013ea \u013eud\u00ed mi kedysi hovorilo, vzdaj to, ako slepec nikdy nebude\u0161 \u00faspe\u0161n\u00fd, ale ja som to nevzdal\u2026.Nikdy sa nevzd\u00e1vajte svojich snov a cho\u010fte za nimi!\u201d- Andrea Bocelli Cesta za plnen\u00edm snov je n\u00e1ro\u010dn\u00e1 a neraz t\u0155nist\u00e1, ale nie nemo\u017en\u00e1. Dennodenne n\u00e1m to dokazuj\u00fa osobnosti, ktor\u00e9 napriek r\u00f4znemu hendicapu dosahuj\u00fa obdivuhodn\u00e9 v\u00fdsledky. Pre zrakovo postihnut\u00fdch je","twitter:image":"https:\/\/szslucnalc.sk\/wp-content\/uploads\/2022\/09\/307804289_679346146945010_581631694772895431_n.jpg"},"aioseo_meta_data":{"post_id":"17919","title":null,"description":null,"keywords":null,"keyphrases":null,"primary_term":null,"canonical_url":null,"og_title":null,"og_description":null,"og_object_type":"default","og_image_type":"default","og_image_url":null,"og_image_width":null,"og_image_height":null,"og_image_custom_url":null,"og_image_custom_fields":null,"og_video":null,"og_custom_url":null,"og_article_section":null,"og_article_tags":null,"twitter_use_og":false,"twitter_card":"default","twitter_image_type":"default","twitter_image_url":null,"twitter_image_custom_url":null,"twitter_image_custom_fields":null,"twitter_title":null,"twitter_description":null,"schema":{"blockGraphs":[],"customGraphs":[],"default":{"data":{"Article":[],"Course":[],"Dataset":[],"FAQPage":[],"Movie":[],"Person":[],"Product":[],"ProductReview":[],"Car":[],"Recipe":[],"Service":[],"SoftwareApplication":[],"WebPage":[]},"graphName":"","isEnabled":true},"graphs":[]},"schema_type":"default","schema_type_options":null,"pillar_content":false,"robots_default":true,"robots_noindex":false,"robots_noarchive":false,"robots_nosnippet":false,"robots_nofollow":false,"robots_noimageindex":false,"robots_noodp":false,"robots_notranslate":false,"robots_max_snippet":null,"robots_max_videopreview":null,"robots_max_imagepreview":"large","priority":null,"frequency":null,"local_seo":null,"breadcrumb_settings":null,"limit_modified_date":false,"ai":null,"created":"2023-09-15 17:30:31","updated":"2025-06-26 15:06:34","seo_analyzer_scan_date":null,"focus_keyword":null,"additional_keywords":null,"truseo_locale":null},"aioseo_breadcrumb":"<div class=\"aioseo-breadcrumbs\"><span class=\"aioseo-breadcrumb\">\n\t\t\t<a href=\"https:\/\/szslucnalc.sk\" title=\"Home\">Home<\/a>\n\t\t<\/span><span class=\"aioseo-breadcrumb-separator\">&raquo;<\/span><span class=\"aioseo-breadcrumb\">\n\t\t\t<a href=\"https:\/\/szslucnalc.sk\/?cat=6\" title=\"Charita\">Charita<\/a>\n\t\t<\/span><span class=\"aioseo-breadcrumb-separator\">&raquo;<\/span><span class=\"aioseo-breadcrumb\">\n\t\t\tBiela pastelka 2022\n\t\t<\/span><\/div>","aioseo_breadcrumb_json":[{"label":"Home","link":"https:\/\/szslucnalc.sk"},{"label":"Charita","link":"https:\/\/szslucnalc.sk\/?cat=6"},{"label":"Biela pastelka 2022","link":"https:\/\/szslucnalc.sk\/?p=17919"}],"_links":{"self":[{"href":"https:\/\/szslucnalc.sk\/index.php?rest_route=\/wp\/v2\/posts\/17919","targetHints":{"allow":["GET"]}}],"collection":[{"href":"https:\/\/szslucnalc.sk\/index.php?rest_route=\/wp\/v2\/posts"}],"about":[{"href":"https:\/\/szslucnalc.sk\/index.php?rest_route=\/wp\/v2\/types\/post"}],"author":[{"embeddable":true,"href":"https:\/\/szslucnalc.sk\/index.php?rest_route=\/wp\/v2\/users\/2"}],"replies":[{"embeddable":true,"href":"https:\/\/szslucnalc.sk\/index.php?rest_route=%2Fwp%2Fv2%2Fcomments&post=17919"}],"version-history":[{"count":1,"href":"https:\/\/szslucnalc.sk\/index.php?rest_route=\/wp\/v2\/posts\/17919\/revisions"}],"predecessor-version":[{"id":17927,"href":"https:\/\/szslucnalc.sk\/index.php?rest_route=\/wp\/v2\/posts\/17919\/revisions\/17927"}],"wp:featuredmedia":[{"embeddable":true,"href":"https:\/\/szslucnalc.sk\/index.php?rest_route=\/wp\/v2\/media\/17924"}],"wp:attachment":[{"href":"https:\/\/szslucnalc.sk\/index.php?rest_route=%2Fwp%2Fv2%2Fmedia&parent=17919"}],"wp:term":[{"taxonomy":"category","embeddable":true,"href":"https:\/\/szslucnalc.sk\/index.php?rest_route=%2Fwp%2Fv2%2Fcategories&post=17919"},{"taxonomy":"post_tag","embeddable":true,"href":"https:\/\/szslucnalc.sk\/index.php?rest_route=%2Fwp%2Fv2%2Ftags&post=17919"}],"curies":[{"name":"wp","href":"https:\/\/api.w.org\/{rel}","templated":true}]}}