{"id":17928,"date":"2022-09-23T13:06:24","date_gmt":"2022-09-23T11:06:24","guid":{"rendered":"https:\/\/szslucnalc.sk\/?p=17928"},"modified":"2022-09-23T13:06:58","modified_gmt":"2022-09-23T11:06:58","slug":"cyklopotulky-do-halice","status":"publish","type":"post","link":"https:\/\/szslucnalc.sk\/?p=17928","title":{"rendered":"Cyklopotulky do Hali\u010de"},"content":{"rendered":"<p>V r\u00e1mci Eur\u00f3pskeho t\u00fd\u017ed\u0148a mobility sme sa z\u00fa\u010dastnili cyklistick\u00e9ho sprievodu na trase Lu\u010denec \u2013 Hali\u010d a sp\u00e4\u0165, ktor\u00e9 organizovalo mesto Lu\u010denec. Vy\u0161tartovali sme z N\u00e1mestia republiky za sprievodu policajn\u00fdch aut smerom do Mestsk\u00e9ho parku a potom cyklotrasou popri priehrade smer Hali\u010d. V Hali\u010de  sme sa v zlo\u017een\u00ed Vikt\u00f3ria Nina Katreniakov\u00e1 II. A, Maxim Li\u010dko II. A, L\u00edvia Barcajov\u00e1 III. A, Diana Kladiv\u00edkov\u00e1 III. A, Bianka Laud\u00e1rov\u00e1 III. A, Emma Mali\u0161ov\u00e1 III. B, Anita Vargov\u00e1 III. B od ostatn\u00fdch odpojili a i\u0161li sme k rybn\u00edku, ktor\u00fd sa nach\u00e1dza v parku pod Hali\u010dsk\u00fdm z\u00e1mkom. Potom u\u017e len jazda domov, na ktorej sme zhodnotili, \u017ee tak\u00fdto cyklov\u00fdlet by mohol by\u0165 aj \u010dastej\u0161ie.<\/p>\n","protected":false},"excerpt":{"rendered":"<p>V r&aacute;mci Eur&oacute;pskeho t&yacute;&#382;d&#328;a mobility sme sa z&uacute;&#269;astnili cyklistick&eacute;ho sprievodu na trase Lu&#269;enec &ndash; Hali&#269; a sp&auml;&#357;, ktor&eacute; organizovalo mesto Lu&#269;enec. Vy&scaron;tartovali sme z N&aacute;mestia republiky<span class=\"excerpt-hellip\"> [\u2026]<\/span><\/p>\n","protected":false},"author":2,"featured_media":17932,"comment_status":"closed","ping_status":"closed","sticky":false,"template":"","format":"standard","meta":{"footnotes":""},"categories":[4],"tags":[],"class_list":["post-17928","post","type-post","status-publish","format-standard","has-post-thumbnail","hentry","category-sport"],"aioseo_notices":[],"aioseo_head":"\n\t\t<!-- All in One SEO 5.0.0.1 - aioseo.com -->\n\t<meta name=\"description\" content=\"V r\u00e1mci Eur\u00f3pskeho t\u00fd\u017ed\u0148a mobility sme sa z\u00fa\u010dastnili cyklistick\u00e9ho sprievodu na trase Lu\u010denec \u2013 Hali\u010d a sp\u00e4\u0165, ktor\u00e9 organizovalo mesto Lu\u010denec. Vy\u0161tartovali sme z N\u00e1mestia republiky za sprievodu policajn\u00fdch aut smerom do Mestsk\u00e9ho parku a potom cyklotrasou popri priehrade smer Hali\u010d. V Hali\u010de sme sa v zlo\u017een\u00ed Vikt\u00f3ria Nina Katreniakov\u00e1 II. A, Maxim Li\u010dko II.\" \/>\n\t<meta name=\"robots\" content=\"max-image-preview:large\" \/>\n\t<meta name=\"author\" content=\"Miroslav Sekula\"\/>\n\t<link rel=\"canonical\" href=\"https:\/\/szslucnalc.sk\/?p=17928\" \/>\n\t<meta name=\"generator\" content=\"All in One SEO (AIOSEO) 5.0.0.1\" \/>\n\t\t<meta property=\"og:locale\" content=\"sk_SK\" \/>\n\t\t<meta property=\"og:site_name\" content=\"Stredn\u00e1 zdravotn\u00edcka \u0161kola Lu\u010denec - Stredn\u00e1 zdravotn\u00edcka \u0161kola\" \/>\n\t\t<meta property=\"og:type\" content=\"article\" \/>\n\t\t<meta property=\"og:title\" content=\"Cyklopotulky do Hali\u010de - Stredn\u00e1 zdravotn\u00edcka \u0161kola Lu\u010denec\" \/>\n\t\t<meta property=\"og:description\" content=\"V r\u00e1mci Eur\u00f3pskeho t\u00fd\u017ed\u0148a mobility sme sa z\u00fa\u010dastnili cyklistick\u00e9ho sprievodu na trase Lu\u010denec \u2013 Hali\u010d a sp\u00e4\u0165, ktor\u00e9 organizovalo mesto Lu\u010denec. Vy\u0161tartovali sme z N\u00e1mestia republiky za sprievodu policajn\u00fdch aut smerom do Mestsk\u00e9ho parku a potom cyklotrasou popri priehrade smer Hali\u010d. V Hali\u010de sme sa v zlo\u017een\u00ed Vikt\u00f3ria Nina Katreniakov\u00e1 II. A, Maxim Li\u010dko II.\" \/>\n\t\t<meta property=\"og:url\" content=\"https:\/\/szslucnalc.sk\/?p=17928\" \/>\n\t\t<meta property=\"og:image\" content=\"https:\/\/szslucnalc.sk\/wp-content\/uploads\/2022\/09\/04-scaled.jpg\" \/>\n\t\t<meta property=\"og:image:secure_url\" content=\"https:\/\/szslucnalc.sk\/wp-content\/uploads\/2022\/09\/04-scaled.jpg\" \/>\n\t\t<meta property=\"og:image:width\" content=\"2560\" \/>\n\t\t<meta property=\"og:image:height\" content=\"1440\" \/>\n\t\t<meta property=\"article:published_time\" content=\"2022-09-23T11:06:24+00:00\" \/>\n\t\t<meta property=\"article:modified_time\" content=\"2022-09-23T11:06:58+00:00\" \/>\n\t\t<meta name=\"twitter:card\" content=\"summary_large_image\" \/>\n\t\t<meta name=\"twitter:title\" content=\"Cyklopotulky do Hali\u010de - Stredn\u00e1 zdravotn\u00edcka \u0161kola Lu\u010denec\" \/>\n\t\t<meta name=\"twitter:description\" content=\"V r\u00e1mci Eur\u00f3pskeho t\u00fd\u017ed\u0148a mobility sme sa z\u00fa\u010dastnili cyklistick\u00e9ho sprievodu na trase Lu\u010denec \u2013 Hali\u010d a sp\u00e4\u0165, ktor\u00e9 organizovalo mesto Lu\u010denec. Vy\u0161tartovali sme z N\u00e1mestia republiky za sprievodu policajn\u00fdch aut smerom do Mestsk\u00e9ho parku a potom cyklotrasou popri priehrade smer Hali\u010d. V Hali\u010de sme sa v zlo\u017een\u00ed Vikt\u00f3ria Nina Katreniakov\u00e1 II. A, Maxim Li\u010dko II.\" \/>\n\t\t<meta name=\"twitter:image\" content=\"https:\/\/szslucnalc.sk\/wp-content\/uploads\/2022\/09\/04-scaled.jpg\" \/>\n\t\t<script type=\"application\/ld+json\" class=\"aioseo-schema\">\n\t\t\t{\"@context\":\"https:\\\/\\\/schema.org\",\"@graph\":[{\"@type\":\"BlogPosting\",\"@id\":\"https:\\\/\\\/szslucnalc.sk\\\/?p=17928#blogposting\",\"name\":\"Cyklopotulky do Hali\\u010de - Stredn\\u00e1 zdravotn\\u00edcka \\u0161kola Lu\\u010denec\",\"headline\":\"Cyklopotulky do Hali\\u010de\",\"author\":{\"@id\":\"https:\\\/\\\/szslucnalc.sk\\\/?author=2#author\"},\"publisher\":{\"@id\":\"https:\\\/\\\/szslucnalc.sk\\\/#organization\"},\"image\":{\"@type\":\"ImageObject\",\"url\":\"https:\\\/\\\/szslucnalc.sk\\\/wp-content\\\/uploads\\\/2022\\\/09\\\/04-scaled.jpg\",\"width\":2560,\"height\":1440},\"datePublished\":\"2022-09-23T13:06:24+02:00\",\"dateModified\":\"2022-09-23T13:06:58+02:00\",\"inLanguage\":\"sk-SK\",\"mainEntityOfPage\":{\"@id\":\"https:\\\/\\\/szslucnalc.sk\\\/?p=17928#webpage\"},\"isPartOf\":{\"@id\":\"https:\\\/\\\/szslucnalc.sk\\\/?p=17928#webpage\"},\"articleSection\":\"\\u0160port\"},{\"@type\":\"BreadcrumbList\",\"@id\":\"https:\\\/\\\/szslucnalc.sk\\\/?p=17928#breadcrumblist\",\"itemListElement\":[{\"@type\":\"ListItem\",\"@id\":\"https:\\\/\\\/szslucnalc.sk#listItem\",\"position\":1,\"name\":\"Home\",\"item\":\"https:\\\/\\\/szslucnalc.sk\",\"nextItem\":{\"@type\":\"ListItem\",\"@id\":\"https:\\\/\\\/szslucnalc.sk\\\/?cat=4#listItem\",\"name\":\"\\u0160port\"}},{\"@type\":\"ListItem\",\"@id\":\"https:\\\/\\\/szslucnalc.sk\\\/?cat=4#listItem\",\"position\":2,\"name\":\"\\u0160port\",\"item\":\"https:\\\/\\\/szslucnalc.sk\\\/?cat=4\",\"nextItem\":{\"@type\":\"ListItem\",\"@id\":\"https:\\\/\\\/szslucnalc.sk\\\/?p=17928#listItem\",\"name\":\"Cyklopotulky do Hali\\u010de\"},\"previousItem\":{\"@type\":\"ListItem\",\"@id\":\"https:\\\/\\\/szslucnalc.sk#listItem\",\"name\":\"Home\"}},{\"@type\":\"ListItem\",\"@id\":\"https:\\\/\\\/szslucnalc.sk\\\/?p=17928#listItem\",\"position\":3,\"name\":\"Cyklopotulky do Hali\\u010de\",\"previousItem\":{\"@type\":\"ListItem\",\"@id\":\"https:\\\/\\\/szslucnalc.sk\\\/?cat=4#listItem\",\"name\":\"\\u0160port\"}}]},{\"@type\":\"Organization\",\"@id\":\"https:\\\/\\\/szslucnalc.sk\\\/#organization\",\"name\":\"Stredn\\u00e1 zdravotn\\u00edcka \\u0161kola Lu\\u010denec\",\"description\":\"Stredn\\u00e1 zdravotn\\u00edcka \\u0161kola\",\"url\":\"https:\\\/\\\/szslucnalc.sk\\\/\"},{\"@type\":\"Person\",\"@id\":\"https:\\\/\\\/szslucnalc.sk\\\/?author=2#author\",\"url\":\"https:\\\/\\\/szslucnalc.sk\\\/?author=2\",\"name\":\"Miroslav Sekula\"},{\"@type\":\"WebPage\",\"@id\":\"https:\\\/\\\/szslucnalc.sk\\\/?p=17928#webpage\",\"url\":\"https:\\\/\\\/szslucnalc.sk\\\/?p=17928\",\"name\":\"Cyklopotulky do Hali\\u010de - Stredn\\u00e1 zdravotn\\u00edcka \\u0161kola Lu\\u010denec\",\"description\":\"V r\\u00e1mci Eur\\u00f3pskeho t\\u00fd\\u017ed\\u0148a mobility sme sa z\\u00fa\\u010dastnili cyklistick\\u00e9ho sprievodu na trase Lu\\u010denec \\u2013 Hali\\u010d a sp\\u00e4\\u0165, ktor\\u00e9 organizovalo mesto Lu\\u010denec. Vy\\u0161tartovali sme z N\\u00e1mestia republiky za sprievodu policajn\\u00fdch aut smerom do Mestsk\\u00e9ho parku a potom cyklotrasou popri priehrade smer Hali\\u010d. V Hali\\u010de sme sa v zlo\\u017een\\u00ed Vikt\\u00f3ria Nina Katreniakov\\u00e1 II. A, Maxim Li\\u010dko II.\",\"inLanguage\":\"sk-SK\",\"isPartOf\":{\"@id\":\"https:\\\/\\\/szslucnalc.sk\\\/#website\"},\"breadcrumb\":{\"@id\":\"https:\\\/\\\/szslucnalc.sk\\\/?p=17928#breadcrumblist\"},\"author\":{\"@id\":\"https:\\\/\\\/szslucnalc.sk\\\/?author=2#author\"},\"creator\":{\"@id\":\"https:\\\/\\\/szslucnalc.sk\\\/?author=2#author\"},\"image\":{\"@type\":\"ImageObject\",\"url\":\"https:\\\/\\\/szslucnalc.sk\\\/wp-content\\\/uploads\\\/2022\\\/09\\\/04-scaled.jpg\",\"@id\":\"https:\\\/\\\/szslucnalc.sk\\\/?p=17928\\\/#mainImage\",\"width\":2560,\"height\":1440},\"primaryImageOfPage\":{\"@id\":\"https:\\\/\\\/szslucnalc.sk\\\/?p=17928#mainImage\"},\"datePublished\":\"2022-09-23T13:06:24+02:00\",\"dateModified\":\"2022-09-23T13:06:58+02:00\"},{\"@type\":\"WebSite\",\"@id\":\"https:\\\/\\\/szslucnalc.sk\\\/#website\",\"url\":\"https:\\\/\\\/szslucnalc.sk\\\/\",\"name\":\"Stredn\\u00e1 zdravotn\\u00edcka \\u0161kola Lu\\u010denec\",\"description\":\"Stredn\\u00e1 zdravotn\\u00edcka \\u0161kola\",\"inLanguage\":\"sk-SK\",\"publisher\":{\"@id\":\"https:\\\/\\\/szslucnalc.sk\\\/#organization\"}}]}\n\t\t<\/script>\n\t\t<!-- All in One SEO -->\n\n","aioseo_head_json":{"title":"Cyklopotulky do Hali\u010de - Stredn\u00e1 zdravotn\u00edcka \u0161kola Lu\u010denec","description":"V r\u00e1mci Eur\u00f3pskeho t\u00fd\u017ed\u0148a mobility sme sa z\u00fa\u010dastnili cyklistick\u00e9ho sprievodu na trase Lu\u010denec \u2013 Hali\u010d a sp\u00e4\u0165, ktor\u00e9 organizovalo mesto Lu\u010denec. Vy\u0161tartovali sme z N\u00e1mestia republiky za sprievodu policajn\u00fdch aut smerom do Mestsk\u00e9ho parku a potom cyklotrasou popri priehrade smer Hali\u010d. V Hali\u010de sme sa v zlo\u017een\u00ed Vikt\u00f3ria Nina Katreniakov\u00e1 II. A, Maxim Li\u010dko II.","canonical_url":"https:\/\/szslucnalc.sk\/?p=17928","robots":"max-image-preview:large","keywords":"","webmasterTools":{"miscellaneous":""},"schema":{"@context":"https:\/\/schema.org","@graph":[{"@type":"BlogPosting","@id":"https:\/\/szslucnalc.sk\/?p=17928#blogposting","name":"Cyklopotulky do Hali\u010de - Stredn\u00e1 zdravotn\u00edcka \u0161kola Lu\u010denec","headline":"Cyklopotulky do Hali\u010de","author":{"@id":"https:\/\/szslucnalc.sk\/?author=2#author"},"publisher":{"@id":"https:\/\/szslucnalc.sk\/#organization"},"image":{"@type":"ImageObject","url":"https:\/\/szslucnalc.sk\/wp-content\/uploads\/2022\/09\/04-scaled.jpg","width":2560,"height":1440},"datePublished":"2022-09-23T13:06:24+02:00","dateModified":"2022-09-23T13:06:58+02:00","inLanguage":"sk-SK","mainEntityOfPage":{"@id":"https:\/\/szslucnalc.sk\/?p=17928#webpage"},"isPartOf":{"@id":"https:\/\/szslucnalc.sk\/?p=17928#webpage"},"articleSection":"\u0160port"},{"@type":"BreadcrumbList","@id":"https:\/\/szslucnalc.sk\/?p=17928#breadcrumblist","itemListElement":[{"@type":"ListItem","@id":"https:\/\/szslucnalc.sk#listItem","position":1,"name":"Home","item":"https:\/\/szslucnalc.sk","nextItem":{"@type":"ListItem","@id":"https:\/\/szslucnalc.sk\/?cat=4#listItem","name":"\u0160port"}},{"@type":"ListItem","@id":"https:\/\/szslucnalc.sk\/?cat=4#listItem","position":2,"name":"\u0160port","item":"https:\/\/szslucnalc.sk\/?cat=4","nextItem":{"@type":"ListItem","@id":"https:\/\/szslucnalc.sk\/?p=17928#listItem","name":"Cyklopotulky do Hali\u010de"},"previousItem":{"@type":"ListItem","@id":"https:\/\/szslucnalc.sk#listItem","name":"Home"}},{"@type":"ListItem","@id":"https:\/\/szslucnalc.sk\/?p=17928#listItem","position":3,"name":"Cyklopotulky do Hali\u010de","previousItem":{"@type":"ListItem","@id":"https:\/\/szslucnalc.sk\/?cat=4#listItem","name":"\u0160port"}}]},{"@type":"Organization","@id":"https:\/\/szslucnalc.sk\/#organization","name":"Stredn\u00e1 zdravotn\u00edcka \u0161kola Lu\u010denec","description":"Stredn\u00e1 zdravotn\u00edcka \u0161kola","url":"https:\/\/szslucnalc.sk\/"},{"@type":"Person","@id":"https:\/\/szslucnalc.sk\/?author=2#author","url":"https:\/\/szslucnalc.sk\/?author=2","name":"Miroslav Sekula"},{"@type":"WebPage","@id":"https:\/\/szslucnalc.sk\/?p=17928#webpage","url":"https:\/\/szslucnalc.sk\/?p=17928","name":"Cyklopotulky do Hali\u010de - Stredn\u00e1 zdravotn\u00edcka \u0161kola Lu\u010denec","description":"V r\u00e1mci Eur\u00f3pskeho t\u00fd\u017ed\u0148a mobility sme sa z\u00fa\u010dastnili cyklistick\u00e9ho sprievodu na trase Lu\u010denec \u2013 Hali\u010d a sp\u00e4\u0165, ktor\u00e9 organizovalo mesto Lu\u010denec. Vy\u0161tartovali sme z N\u00e1mestia republiky za sprievodu policajn\u00fdch aut smerom do Mestsk\u00e9ho parku a potom cyklotrasou popri priehrade smer Hali\u010d. V Hali\u010de sme sa v zlo\u017een\u00ed Vikt\u00f3ria Nina Katreniakov\u00e1 II. A, Maxim Li\u010dko II.","inLanguage":"sk-SK","isPartOf":{"@id":"https:\/\/szslucnalc.sk\/#website"},"breadcrumb":{"@id":"https:\/\/szslucnalc.sk\/?p=17928#breadcrumblist"},"author":{"@id":"https:\/\/szslucnalc.sk\/?author=2#author"},"creator":{"@id":"https:\/\/szslucnalc.sk\/?author=2#author"},"image":{"@type":"ImageObject","url":"https:\/\/szslucnalc.sk\/wp-content\/uploads\/2022\/09\/04-scaled.jpg","@id":"https:\/\/szslucnalc.sk\/?p=17928\/#mainImage","width":2560,"height":1440},"primaryImageOfPage":{"@id":"https:\/\/szslucnalc.sk\/?p=17928#mainImage"},"datePublished":"2022-09-23T13:06:24+02:00","dateModified":"2022-09-23T13:06:58+02:00"},{"@type":"WebSite","@id":"https:\/\/szslucnalc.sk\/#website","url":"https:\/\/szslucnalc.sk\/","name":"Stredn\u00e1 zdravotn\u00edcka \u0161kola Lu\u010denec","description":"Stredn\u00e1 zdravotn\u00edcka \u0161kola","inLanguage":"sk-SK","publisher":{"@id":"https:\/\/szslucnalc.sk\/#organization"}}]},"og:locale":"sk_SK","og:site_name":"Stredn\u00e1 zdravotn\u00edcka \u0161kola Lu\u010denec - Stredn\u00e1 zdravotn\u00edcka \u0161kola","og:type":"article","og:title":"Cyklopotulky do Hali\u010de - Stredn\u00e1 zdravotn\u00edcka \u0161kola Lu\u010denec","og:description":"V r\u00e1mci Eur\u00f3pskeho t\u00fd\u017ed\u0148a mobility sme sa z\u00fa\u010dastnili cyklistick\u00e9ho sprievodu na trase Lu\u010denec \u2013 Hali\u010d a sp\u00e4\u0165, ktor\u00e9 organizovalo mesto Lu\u010denec. Vy\u0161tartovali sme z N\u00e1mestia republiky za sprievodu policajn\u00fdch aut smerom do Mestsk\u00e9ho parku a potom cyklotrasou popri priehrade smer Hali\u010d. V Hali\u010de sme sa v zlo\u017een\u00ed Vikt\u00f3ria Nina Katreniakov\u00e1 II. A, Maxim Li\u010dko II.","og:url":"https:\/\/szslucnalc.sk\/?p=17928","og:image":"https:\/\/szslucnalc.sk\/wp-content\/uploads\/2022\/09\/04-scaled.jpg","og:image:secure_url":"https:\/\/szslucnalc.sk\/wp-content\/uploads\/2022\/09\/04-scaled.jpg","og:image:width":2560,"og:image:height":1440,"article:published_time":"2022-09-23T11:06:24+00:00","article:modified_time":"2022-09-23T11:06:58+00:00","twitter:card":"summary_large_image","twitter:title":"Cyklopotulky do Hali\u010de - Stredn\u00e1 zdravotn\u00edcka \u0161kola Lu\u010denec","twitter:description":"V r\u00e1mci Eur\u00f3pskeho t\u00fd\u017ed\u0148a mobility sme sa z\u00fa\u010dastnili cyklistick\u00e9ho sprievodu na trase Lu\u010denec \u2013 Hali\u010d a sp\u00e4\u0165, ktor\u00e9 organizovalo mesto Lu\u010denec. Vy\u0161tartovali sme z N\u00e1mestia republiky za sprievodu policajn\u00fdch aut smerom do Mestsk\u00e9ho parku a potom cyklotrasou popri priehrade smer Hali\u010d. V Hali\u010de sme sa v zlo\u017een\u00ed Vikt\u00f3ria Nina Katreniakov\u00e1 II. A, Maxim Li\u010dko II.","twitter:image":"https:\/\/szslucnalc.sk\/wp-content\/uploads\/2022\/09\/04-scaled.jpg"},"aioseo_meta_data":{"post_id":"17928","title":null,"description":null,"keywords":null,"keyphrases":null,"primary_term":null,"canonical_url":null,"og_title":null,"og_description":null,"og_object_type":"default","og_image_type":"default","og_image_url":null,"og_image_width":null,"og_image_height":null,"og_image_custom_url":null,"og_image_custom_fields":null,"og_video":null,"og_custom_url":null,"og_article_section":null,"og_article_tags":null,"twitter_use_og":false,"twitter_card":"default","twitter_image_type":"default","twitter_image_url":null,"twitter_image_custom_url":null,"twitter_image_custom_fields":null,"twitter_title":null,"twitter_description":null,"schema":{"blockGraphs":[],"customGraphs":[],"default":{"data":{"Article":[],"Course":[],"Dataset":[],"FAQPage":[],"Movie":[],"Person":[],"Product":[],"ProductReview":[],"Car":[],"Recipe":[],"Service":[],"SoftwareApplication":[],"WebPage":[]},"graphName":"","isEnabled":true},"graphs":[]},"schema_type":"default","schema_type_options":null,"pillar_content":false,"robots_default":true,"robots_noindex":false,"robots_noarchive":false,"robots_nosnippet":false,"robots_nofollow":false,"robots_noimageindex":false,"robots_noodp":false,"robots_notranslate":false,"robots_max_snippet":null,"robots_max_videopreview":null,"robots_max_imagepreview":"large","priority":null,"frequency":null,"local_seo":null,"breadcrumb_settings":null,"limit_modified_date":false,"ai":null,"created":"2023-09-15 17:30:31","updated":"2025-06-26 15:08:12","seo_analyzer_scan_date":null,"focus_keyword":null,"additional_keywords":null,"truseo_locale":null},"aioseo_breadcrumb":"<div class=\"aioseo-breadcrumbs\"><span class=\"aioseo-breadcrumb\">\n\t\t\t<a href=\"https:\/\/szslucnalc.sk\" title=\"Home\">Home<\/a>\n\t\t<\/span><span class=\"aioseo-breadcrumb-separator\">&raquo;<\/span><span class=\"aioseo-breadcrumb\">\n\t\t\t<a href=\"https:\/\/szslucnalc.sk\/?cat=4\" title=\"\u0160port\">\u0160port<\/a>\n\t\t<\/span><span class=\"aioseo-breadcrumb-separator\">&raquo;<\/span><span class=\"aioseo-breadcrumb\">\n\t\t\tCyklopotulky do Hali\u010de\n\t\t<\/span><\/div>","aioseo_breadcrumb_json":[{"label":"Home","link":"https:\/\/szslucnalc.sk"},{"label":"\u0160port","link":"https:\/\/szslucnalc.sk\/?cat=4"},{"label":"Cyklopotulky do Hali\u010de","link":"https:\/\/szslucnalc.sk\/?p=17928"}],"_links":{"self":[{"href":"https:\/\/szslucnalc.sk\/index.php?rest_route=\/wp\/v2\/posts\/17928","targetHints":{"allow":["GET"]}}],"collection":[{"href":"https:\/\/szslucnalc.sk\/index.php?rest_route=\/wp\/v2\/posts"}],"about":[{"href":"https:\/\/szslucnalc.sk\/index.php?rest_route=\/wp\/v2\/types\/post"}],"author":[{"embeddable":true,"href":"https:\/\/szslucnalc.sk\/index.php?rest_route=\/wp\/v2\/users\/2"}],"replies":[{"embeddable":true,"href":"https:\/\/szslucnalc.sk\/index.php?rest_route=%2Fwp%2Fv2%2Fcomments&post=17928"}],"version-history":[{"count":1,"href":"https:\/\/szslucnalc.sk\/index.php?rest_route=\/wp\/v2\/posts\/17928\/revisions"}],"predecessor-version":[{"id":17933,"href":"https:\/\/szslucnalc.sk\/index.php?rest_route=\/wp\/v2\/posts\/17928\/revisions\/17933"}],"wp:featuredmedia":[{"embeddable":true,"href":"https:\/\/szslucnalc.sk\/index.php?rest_route=\/wp\/v2\/media\/17932"}],"wp:attachment":[{"href":"https:\/\/szslucnalc.sk\/index.php?rest_route=%2Fwp%2Fv2%2Fmedia&parent=17928"}],"wp:term":[{"taxonomy":"category","embeddable":true,"href":"https:\/\/szslucnalc.sk\/index.php?rest_route=%2Fwp%2Fv2%2Fcategories&post=17928"},{"taxonomy":"post_tag","embeddable":true,"href":"https:\/\/szslucnalc.sk\/index.php?rest_route=%2Fwp%2Fv2%2Ftags&post=17928"}],"curies":[{"name":"wp","href":"https:\/\/api.w.org\/{rel}","templated":true}]}}