{"id":17959,"date":"2022-09-28T07:45:25","date_gmt":"2022-09-28T05:45:25","guid":{"rendered":"https:\/\/szslucnalc.sk\/?p=17959"},"modified":"2022-09-28T07:45:28","modified_gmt":"2022-09-28T05:45:28","slug":"nas-skolsky-parlament-opat-zasada","status":"publish","type":"post","link":"https:\/\/szslucnalc.sk\/?p=17959","title":{"rendered":"N\u00e1\u0161 \u0161kolsk\u00fd parlament op\u00e4\u0165 zasad\u00e1 !"},"content":{"rendered":"<p>Aj tento \u0161kolsk\u00fd rok 2022- 2023 sme za\u010dali zasada\u0165. Priv\u00edtali sme nov\u00fdch \u010dlenov a to z\u00e1stupcov z prv\u00e9ho ro\u010dn\u00edka. Hne\u010f prv\u00e9 stretnutie bolo ve\u013emi efekt\u00edvne, kde sme diskutovali a \u010dlenovia \u0160P predniesli svoje n\u00e1vrhy.<br \/>\nTe\u0161\u00edme sa na v\u00e1s a nov\u00e9 aktivity v tomto \u0161kolskom roku \ud83d\ude0a<br \/>\nMgr. Lenka Vargov\u00e1 \u2013 koordin\u00e1tor \u0160kolsk\u00e9ho parlamentu<\/p>\n","protected":false},"excerpt":{"rendered":"<p>Aj tento &scaron;kolsk&yacute; rok 2022- 2023 sme za&#269;ali zasada&#357;. Priv&iacute;tali sme nov&yacute;ch &#269;lenov a to z&aacute;stupcov z prv&eacute;ho ro&#269;n&iacute;ka. Hne&#271; prv&eacute; stretnutie bolo ve&#318;mi efekt&iacute;vne, kde<span class=\"excerpt-hellip\"> [\u2026]<\/span><\/p>\n","protected":false},"author":2,"featured_media":17960,"comment_status":"closed","ping_status":"closed","sticky":false,"template":"","format":"standard","meta":{"footnotes":""},"categories":[8],"tags":[],"class_list":["post-17959","post","type-post","status-publish","format-standard","has-post-thumbnail","hentry","category-ine"],"aioseo_notices":[],"aioseo_head":"\n\t\t<!-- All in One SEO 5.0.0.1 - aioseo.com -->\n\t<meta name=\"description\" content=\"Aj tento \u0161kolsk\u00fd rok 2022- 2023 sme za\u010dali zasada\u0165. Priv\u00edtali sme nov\u00fdch \u010dlenov a to z\u00e1stupcov z prv\u00e9ho ro\u010dn\u00edka. Hne\u010f prv\u00e9 stretnutie bolo ve\u013emi efekt\u00edvne, kde sme diskutovali a \u010dlenovia \u0160P predniesli svoje n\u00e1vrhy. Te\u0161\u00edme sa na v\u00e1s a nov\u00e9 aktivity v tomto \u0161kolskom roku \u00f0&#159;&#152;&#138; Mgr. Lenka Vargov\u00e1 \u2013 koordin\u00e1tor \u0160kolsk\u00e9ho parlamentu\" \/>\n\t<meta name=\"robots\" content=\"max-image-preview:large\" \/>\n\t<meta name=\"author\" content=\"Miroslav Sekula\"\/>\n\t<link rel=\"canonical\" href=\"https:\/\/szslucnalc.sk\/?p=17959\" \/>\n\t<meta name=\"generator\" content=\"All in One SEO (AIOSEO) 5.0.0.1\" \/>\n\t\t<meta property=\"og:locale\" content=\"sk_SK\" \/>\n\t\t<meta property=\"og:site_name\" content=\"Stredn\u00e1 zdravotn\u00edcka \u0161kola Lu\u010denec - Stredn\u00e1 zdravotn\u00edcka \u0161kola\" \/>\n\t\t<meta property=\"og:type\" content=\"article\" \/>\n\t\t<meta property=\"og:title\" content=\"N\u00e1\u0161 \u0161kolsk\u00fd parlament op\u00e4\u0165 zasad\u00e1 ! - Stredn\u00e1 zdravotn\u00edcka \u0161kola Lu\u010denec\" \/>\n\t\t<meta property=\"og:description\" content=\"Aj tento \u0161kolsk\u00fd rok 2022- 2023 sme za\u010dali zasada\u0165. Priv\u00edtali sme nov\u00fdch \u010dlenov a to z\u00e1stupcov z prv\u00e9ho ro\u010dn\u00edka. Hne\u010f prv\u00e9 stretnutie bolo ve\u013emi efekt\u00edvne, kde sme diskutovali a \u010dlenovia \u0160P predniesli svoje n\u00e1vrhy. Te\u0161\u00edme sa na v\u00e1s a nov\u00e9 aktivity v tomto \u0161kolskom roku \u00f0&#159;&#152;&#138; Mgr. Lenka Vargov\u00e1 \u2013 koordin\u00e1tor \u0160kolsk\u00e9ho parlamentu\" \/>\n\t\t<meta property=\"og:url\" content=\"https:\/\/szslucnalc.sk\/?p=17959\" \/>\n\t\t<meta property=\"og:image\" content=\"https:\/\/szslucnalc.sk\/wp-content\/uploads\/2022\/09\/308334093_409251374500709_5367256446281911494_n.jpg\" \/>\n\t\t<meta property=\"og:image:secure_url\" content=\"https:\/\/szslucnalc.sk\/wp-content\/uploads\/2022\/09\/308334093_409251374500709_5367256446281911494_n.jpg\" \/>\n\t\t<meta property=\"og:image:width\" content=\"2048\" \/>\n\t\t<meta property=\"og:image:height\" content=\"1536\" \/>\n\t\t<meta property=\"article:published_time\" content=\"2022-09-28T05:45:25+00:00\" \/>\n\t\t<meta property=\"article:modified_time\" content=\"2022-09-28T05:45:28+00:00\" \/>\n\t\t<meta name=\"twitter:card\" content=\"summary_large_image\" \/>\n\t\t<meta name=\"twitter:title\" content=\"N\u00e1\u0161 \u0161kolsk\u00fd parlament op\u00e4\u0165 zasad\u00e1 ! - Stredn\u00e1 zdravotn\u00edcka \u0161kola Lu\u010denec\" \/>\n\t\t<meta name=\"twitter:description\" content=\"Aj tento \u0161kolsk\u00fd rok 2022- 2023 sme za\u010dali zasada\u0165. Priv\u00edtali sme nov\u00fdch \u010dlenov a to z\u00e1stupcov z prv\u00e9ho ro\u010dn\u00edka. Hne\u010f prv\u00e9 stretnutie bolo ve\u013emi efekt\u00edvne, kde sme diskutovali a \u010dlenovia \u0160P predniesli svoje n\u00e1vrhy. Te\u0161\u00edme sa na v\u00e1s a nov\u00e9 aktivity v tomto \u0161kolskom roku \u00f0&#159;&#152;&#138; Mgr. Lenka Vargov\u00e1 \u2013 koordin\u00e1tor \u0160kolsk\u00e9ho parlamentu\" \/>\n\t\t<meta name=\"twitter:image\" content=\"https:\/\/szslucnalc.sk\/wp-content\/uploads\/2022\/09\/308334093_409251374500709_5367256446281911494_n.jpg\" \/>\n\t\t<script type=\"application\/ld+json\" class=\"aioseo-schema\">\n\t\t\t{\"@context\":\"https:\\\/\\\/schema.org\",\"@graph\":[{\"@type\":\"BlogPosting\",\"@id\":\"https:\\\/\\\/szslucnalc.sk\\\/?p=17959#blogposting\",\"name\":\"N\\u00e1\\u0161 \\u0161kolsk\\u00fd parlament op\\u00e4\\u0165 zasad\\u00e1 ! - Stredn\\u00e1 zdravotn\\u00edcka \\u0161kola Lu\\u010denec\",\"headline\":\"N\\u00e1\\u0161 \\u0161kolsk\\u00fd parlament op\\u00e4\\u0165 zasad\\u00e1 !\",\"author\":{\"@id\":\"https:\\\/\\\/szslucnalc.sk\\\/?author=2#author\"},\"publisher\":{\"@id\":\"https:\\\/\\\/szslucnalc.sk\\\/#organization\"},\"image\":{\"@type\":\"ImageObject\",\"url\":\"https:\\\/\\\/szslucnalc.sk\\\/wp-content\\\/uploads\\\/2022\\\/09\\\/308334093_409251374500709_5367256446281911494_n.jpg\",\"width\":2048,\"height\":1536},\"datePublished\":\"2022-09-28T07:45:25+02:00\",\"dateModified\":\"2022-09-28T07:45:28+02:00\",\"inLanguage\":\"sk-SK\",\"mainEntityOfPage\":{\"@id\":\"https:\\\/\\\/szslucnalc.sk\\\/?p=17959#webpage\"},\"isPartOf\":{\"@id\":\"https:\\\/\\\/szslucnalc.sk\\\/?p=17959#webpage\"},\"articleSection\":\"In\\u00e9\"},{\"@type\":\"BreadcrumbList\",\"@id\":\"https:\\\/\\\/szslucnalc.sk\\\/?p=17959#breadcrumblist\",\"itemListElement\":[{\"@type\":\"ListItem\",\"@id\":\"https:\\\/\\\/szslucnalc.sk#listItem\",\"position\":1,\"name\":\"Home\",\"item\":\"https:\\\/\\\/szslucnalc.sk\",\"nextItem\":{\"@type\":\"ListItem\",\"@id\":\"https:\\\/\\\/szslucnalc.sk\\\/?cat=8#listItem\",\"name\":\"In\\u00e9\"}},{\"@type\":\"ListItem\",\"@id\":\"https:\\\/\\\/szslucnalc.sk\\\/?cat=8#listItem\",\"position\":2,\"name\":\"In\\u00e9\",\"item\":\"https:\\\/\\\/szslucnalc.sk\\\/?cat=8\",\"nextItem\":{\"@type\":\"ListItem\",\"@id\":\"https:\\\/\\\/szslucnalc.sk\\\/?p=17959#listItem\",\"name\":\"N\\u00e1\\u0161 \\u0161kolsk\\u00fd parlament op\\u00e4\\u0165 zasad\\u00e1 !\"},\"previousItem\":{\"@type\":\"ListItem\",\"@id\":\"https:\\\/\\\/szslucnalc.sk#listItem\",\"name\":\"Home\"}},{\"@type\":\"ListItem\",\"@id\":\"https:\\\/\\\/szslucnalc.sk\\\/?p=17959#listItem\",\"position\":3,\"name\":\"N\\u00e1\\u0161 \\u0161kolsk\\u00fd parlament op\\u00e4\\u0165 zasad\\u00e1 !\",\"previousItem\":{\"@type\":\"ListItem\",\"@id\":\"https:\\\/\\\/szslucnalc.sk\\\/?cat=8#listItem\",\"name\":\"In\\u00e9\"}}]},{\"@type\":\"Organization\",\"@id\":\"https:\\\/\\\/szslucnalc.sk\\\/#organization\",\"name\":\"Stredn\\u00e1 zdravotn\\u00edcka \\u0161kola Lu\\u010denec\",\"description\":\"Stredn\\u00e1 zdravotn\\u00edcka \\u0161kola\",\"url\":\"https:\\\/\\\/szslucnalc.sk\\\/\"},{\"@type\":\"Person\",\"@id\":\"https:\\\/\\\/szslucnalc.sk\\\/?author=2#author\",\"url\":\"https:\\\/\\\/szslucnalc.sk\\\/?author=2\",\"name\":\"Miroslav Sekula\"},{\"@type\":\"WebPage\",\"@id\":\"https:\\\/\\\/szslucnalc.sk\\\/?p=17959#webpage\",\"url\":\"https:\\\/\\\/szslucnalc.sk\\\/?p=17959\",\"name\":\"N\\u00e1\\u0161 \\u0161kolsk\\u00fd parlament op\\u00e4\\u0165 zasad\\u00e1 ! - Stredn\\u00e1 zdravotn\\u00edcka \\u0161kola Lu\\u010denec\",\"description\":\"Aj tento \\u0161kolsk\\u00fd rok 2022- 2023 sme za\\u010dali zasada\\u0165. Priv\\u00edtali sme nov\\u00fdch \\u010dlenov a to z\\u00e1stupcov z prv\\u00e9ho ro\\u010dn\\u00edka. Hne\\u010f prv\\u00e9 stretnutie bolo ve\\u013emi efekt\\u00edvne, kde sme diskutovali a \\u010dlenovia \\u0160P predniesli svoje n\\u00e1vrhy. Te\\u0161\\u00edme sa na v\\u00e1s a nov\\u00e9 aktivity v tomto \\u0161kolskom roku \\u00f0&#159;&#152;&#138; Mgr. Lenka Vargov\\u00e1 \\u2013 koordin\\u00e1tor \\u0160kolsk\\u00e9ho parlamentu\",\"inLanguage\":\"sk-SK\",\"isPartOf\":{\"@id\":\"https:\\\/\\\/szslucnalc.sk\\\/#website\"},\"breadcrumb\":{\"@id\":\"https:\\\/\\\/szslucnalc.sk\\\/?p=17959#breadcrumblist\"},\"author\":{\"@id\":\"https:\\\/\\\/szslucnalc.sk\\\/?author=2#author\"},\"creator\":{\"@id\":\"https:\\\/\\\/szslucnalc.sk\\\/?author=2#author\"},\"image\":{\"@type\":\"ImageObject\",\"url\":\"https:\\\/\\\/szslucnalc.sk\\\/wp-content\\\/uploads\\\/2022\\\/09\\\/308334093_409251374500709_5367256446281911494_n.jpg\",\"@id\":\"https:\\\/\\\/szslucnalc.sk\\\/?p=17959\\\/#mainImage\",\"width\":2048,\"height\":1536},\"primaryImageOfPage\":{\"@id\":\"https:\\\/\\\/szslucnalc.sk\\\/?p=17959#mainImage\"},\"datePublished\":\"2022-09-28T07:45:25+02:00\",\"dateModified\":\"2022-09-28T07:45:28+02:00\"},{\"@type\":\"WebSite\",\"@id\":\"https:\\\/\\\/szslucnalc.sk\\\/#website\",\"url\":\"https:\\\/\\\/szslucnalc.sk\\\/\",\"name\":\"Stredn\\u00e1 zdravotn\\u00edcka \\u0161kola Lu\\u010denec\",\"description\":\"Stredn\\u00e1 zdravotn\\u00edcka \\u0161kola\",\"inLanguage\":\"sk-SK\",\"publisher\":{\"@id\":\"https:\\\/\\\/szslucnalc.sk\\\/#organization\"}}]}\n\t\t<\/script>\n\t\t<!-- All in One SEO -->\n\n","aioseo_head_json":{"title":"N\u00e1\u0161 \u0161kolsk\u00fd parlament op\u00e4\u0165 zasad\u00e1 ! - Stredn\u00e1 zdravotn\u00edcka \u0161kola Lu\u010denec","description":"Aj tento \u0161kolsk\u00fd rok 2022- 2023 sme za\u010dali zasada\u0165. Priv\u00edtali sme nov\u00fdch \u010dlenov a to z\u00e1stupcov z prv\u00e9ho ro\u010dn\u00edka. Hne\u010f prv\u00e9 stretnutie bolo ve\u013emi efekt\u00edvne, kde sme diskutovali a \u010dlenovia \u0160P predniesli svoje n\u00e1vrhy. Te\u0161\u00edme sa na v\u00e1s a nov\u00e9 aktivity v tomto \u0161kolskom roku \u00f0&#159;&#152;&#138; Mgr. Lenka Vargov\u00e1 \u2013 koordin\u00e1tor \u0160kolsk\u00e9ho parlamentu","canonical_url":"https:\/\/szslucnalc.sk\/?p=17959","robots":"max-image-preview:large","keywords":"","webmasterTools":{"miscellaneous":""},"schema":{"@context":"https:\/\/schema.org","@graph":[{"@type":"BlogPosting","@id":"https:\/\/szslucnalc.sk\/?p=17959#blogposting","name":"N\u00e1\u0161 \u0161kolsk\u00fd parlament op\u00e4\u0165 zasad\u00e1 ! - Stredn\u00e1 zdravotn\u00edcka \u0161kola Lu\u010denec","headline":"N\u00e1\u0161 \u0161kolsk\u00fd parlament op\u00e4\u0165 zasad\u00e1 !","author":{"@id":"https:\/\/szslucnalc.sk\/?author=2#author"},"publisher":{"@id":"https:\/\/szslucnalc.sk\/#organization"},"image":{"@type":"ImageObject","url":"https:\/\/szslucnalc.sk\/wp-content\/uploads\/2022\/09\/308334093_409251374500709_5367256446281911494_n.jpg","width":2048,"height":1536},"datePublished":"2022-09-28T07:45:25+02:00","dateModified":"2022-09-28T07:45:28+02:00","inLanguage":"sk-SK","mainEntityOfPage":{"@id":"https:\/\/szslucnalc.sk\/?p=17959#webpage"},"isPartOf":{"@id":"https:\/\/szslucnalc.sk\/?p=17959#webpage"},"articleSection":"In\u00e9"},{"@type":"BreadcrumbList","@id":"https:\/\/szslucnalc.sk\/?p=17959#breadcrumblist","itemListElement":[{"@type":"ListItem","@id":"https:\/\/szslucnalc.sk#listItem","position":1,"name":"Home","item":"https:\/\/szslucnalc.sk","nextItem":{"@type":"ListItem","@id":"https:\/\/szslucnalc.sk\/?cat=8#listItem","name":"In\u00e9"}},{"@type":"ListItem","@id":"https:\/\/szslucnalc.sk\/?cat=8#listItem","position":2,"name":"In\u00e9","item":"https:\/\/szslucnalc.sk\/?cat=8","nextItem":{"@type":"ListItem","@id":"https:\/\/szslucnalc.sk\/?p=17959#listItem","name":"N\u00e1\u0161 \u0161kolsk\u00fd parlament op\u00e4\u0165 zasad\u00e1 !"},"previousItem":{"@type":"ListItem","@id":"https:\/\/szslucnalc.sk#listItem","name":"Home"}},{"@type":"ListItem","@id":"https:\/\/szslucnalc.sk\/?p=17959#listItem","position":3,"name":"N\u00e1\u0161 \u0161kolsk\u00fd parlament op\u00e4\u0165 zasad\u00e1 !","previousItem":{"@type":"ListItem","@id":"https:\/\/szslucnalc.sk\/?cat=8#listItem","name":"In\u00e9"}}]},{"@type":"Organization","@id":"https:\/\/szslucnalc.sk\/#organization","name":"Stredn\u00e1 zdravotn\u00edcka \u0161kola Lu\u010denec","description":"Stredn\u00e1 zdravotn\u00edcka \u0161kola","url":"https:\/\/szslucnalc.sk\/"},{"@type":"Person","@id":"https:\/\/szslucnalc.sk\/?author=2#author","url":"https:\/\/szslucnalc.sk\/?author=2","name":"Miroslav Sekula"},{"@type":"WebPage","@id":"https:\/\/szslucnalc.sk\/?p=17959#webpage","url":"https:\/\/szslucnalc.sk\/?p=17959","name":"N\u00e1\u0161 \u0161kolsk\u00fd parlament op\u00e4\u0165 zasad\u00e1 ! - Stredn\u00e1 zdravotn\u00edcka \u0161kola Lu\u010denec","description":"Aj tento \u0161kolsk\u00fd rok 2022- 2023 sme za\u010dali zasada\u0165. Priv\u00edtali sme nov\u00fdch \u010dlenov a to z\u00e1stupcov z prv\u00e9ho ro\u010dn\u00edka. Hne\u010f prv\u00e9 stretnutie bolo ve\u013emi efekt\u00edvne, kde sme diskutovali a \u010dlenovia \u0160P predniesli svoje n\u00e1vrhy. Te\u0161\u00edme sa na v\u00e1s a nov\u00e9 aktivity v tomto \u0161kolskom roku \u00f0&#159;&#152;&#138; Mgr. Lenka Vargov\u00e1 \u2013 koordin\u00e1tor \u0160kolsk\u00e9ho parlamentu","inLanguage":"sk-SK","isPartOf":{"@id":"https:\/\/szslucnalc.sk\/#website"},"breadcrumb":{"@id":"https:\/\/szslucnalc.sk\/?p=17959#breadcrumblist"},"author":{"@id":"https:\/\/szslucnalc.sk\/?author=2#author"},"creator":{"@id":"https:\/\/szslucnalc.sk\/?author=2#author"},"image":{"@type":"ImageObject","url":"https:\/\/szslucnalc.sk\/wp-content\/uploads\/2022\/09\/308334093_409251374500709_5367256446281911494_n.jpg","@id":"https:\/\/szslucnalc.sk\/?p=17959\/#mainImage","width":2048,"height":1536},"primaryImageOfPage":{"@id":"https:\/\/szslucnalc.sk\/?p=17959#mainImage"},"datePublished":"2022-09-28T07:45:25+02:00","dateModified":"2022-09-28T07:45:28+02:00"},{"@type":"WebSite","@id":"https:\/\/szslucnalc.sk\/#website","url":"https:\/\/szslucnalc.sk\/","name":"Stredn\u00e1 zdravotn\u00edcka \u0161kola Lu\u010denec","description":"Stredn\u00e1 zdravotn\u00edcka \u0161kola","inLanguage":"sk-SK","publisher":{"@id":"https:\/\/szslucnalc.sk\/#organization"}}]},"og:locale":"sk_SK","og:site_name":"Stredn\u00e1 zdravotn\u00edcka \u0161kola Lu\u010denec - Stredn\u00e1 zdravotn\u00edcka \u0161kola","og:type":"article","og:title":"N\u00e1\u0161 \u0161kolsk\u00fd parlament op\u00e4\u0165 zasad\u00e1 ! - Stredn\u00e1 zdravotn\u00edcka \u0161kola Lu\u010denec","og:description":"Aj tento \u0161kolsk\u00fd rok 2022- 2023 sme za\u010dali zasada\u0165. Priv\u00edtali sme nov\u00fdch \u010dlenov a to z\u00e1stupcov z prv\u00e9ho ro\u010dn\u00edka. Hne\u010f prv\u00e9 stretnutie bolo ve\u013emi efekt\u00edvne, kde sme diskutovali a \u010dlenovia \u0160P predniesli svoje n\u00e1vrhy. Te\u0161\u00edme sa na v\u00e1s a nov\u00e9 aktivity v tomto \u0161kolskom roku \u00f0&#159;&#152;&#138; Mgr. Lenka Vargov\u00e1 \u2013 koordin\u00e1tor \u0160kolsk\u00e9ho parlamentu","og:url":"https:\/\/szslucnalc.sk\/?p=17959","og:image":"https:\/\/szslucnalc.sk\/wp-content\/uploads\/2022\/09\/308334093_409251374500709_5367256446281911494_n.jpg","og:image:secure_url":"https:\/\/szslucnalc.sk\/wp-content\/uploads\/2022\/09\/308334093_409251374500709_5367256446281911494_n.jpg","og:image:width":2048,"og:image:height":1536,"article:published_time":"2022-09-28T05:45:25+00:00","article:modified_time":"2022-09-28T05:45:28+00:00","twitter:card":"summary_large_image","twitter:title":"N\u00e1\u0161 \u0161kolsk\u00fd parlament op\u00e4\u0165 zasad\u00e1 ! - Stredn\u00e1 zdravotn\u00edcka \u0161kola Lu\u010denec","twitter:description":"Aj tento \u0161kolsk\u00fd rok 2022- 2023 sme za\u010dali zasada\u0165. Priv\u00edtali sme nov\u00fdch \u010dlenov a to z\u00e1stupcov z prv\u00e9ho ro\u010dn\u00edka. Hne\u010f prv\u00e9 stretnutie bolo ve\u013emi efekt\u00edvne, kde sme diskutovali a \u010dlenovia \u0160P predniesli svoje n\u00e1vrhy. Te\u0161\u00edme sa na v\u00e1s a nov\u00e9 aktivity v tomto \u0161kolskom roku \u00f0&#159;&#152;&#138; Mgr. Lenka Vargov\u00e1 \u2013 koordin\u00e1tor \u0160kolsk\u00e9ho parlamentu","twitter:image":"https:\/\/szslucnalc.sk\/wp-content\/uploads\/2022\/09\/308334093_409251374500709_5367256446281911494_n.jpg"},"aioseo_meta_data":{"post_id":"17959","title":null,"description":null,"keywords":null,"keyphrases":null,"primary_term":null,"canonical_url":null,"og_title":null,"og_description":null,"og_object_type":"default","og_image_type":"default","og_image_url":null,"og_image_width":null,"og_image_height":null,"og_image_custom_url":null,"og_image_custom_fields":null,"og_video":null,"og_custom_url":null,"og_article_section":null,"og_article_tags":null,"twitter_use_og":false,"twitter_card":"default","twitter_image_type":"default","twitter_image_url":null,"twitter_image_custom_url":null,"twitter_image_custom_fields":null,"twitter_title":null,"twitter_description":null,"schema":{"blockGraphs":[],"customGraphs":[],"default":{"data":{"Article":[],"Course":[],"Dataset":[],"FAQPage":[],"Movie":[],"Person":[],"Product":[],"ProductReview":[],"Car":[],"Recipe":[],"Service":[],"SoftwareApplication":[],"WebPage":[]},"graphName":"","isEnabled":true},"graphs":[]},"schema_type":"default","schema_type_options":null,"pillar_content":false,"robots_default":true,"robots_noindex":false,"robots_noarchive":false,"robots_nosnippet":false,"robots_nofollow":false,"robots_noimageindex":false,"robots_noodp":false,"robots_notranslate":false,"robots_max_snippet":null,"robots_max_videopreview":null,"robots_max_imagepreview":"large","priority":null,"frequency":null,"local_seo":null,"breadcrumb_settings":null,"limit_modified_date":false,"ai":null,"created":"2023-09-15 17:30:32","updated":"2025-06-26 15:08:13","seo_analyzer_scan_date":null,"focus_keyword":null,"additional_keywords":null,"truseo_locale":null},"aioseo_breadcrumb":"<div class=\"aioseo-breadcrumbs\"><span class=\"aioseo-breadcrumb\">\n\t\t\t<a href=\"https:\/\/szslucnalc.sk\" title=\"Home\">Home<\/a>\n\t\t<\/span><span class=\"aioseo-breadcrumb-separator\">&raquo;<\/span><span class=\"aioseo-breadcrumb\">\n\t\t\t<a href=\"https:\/\/szslucnalc.sk\/?cat=8\" title=\"In\u00e9\">In\u00e9<\/a>\n\t\t<\/span><span class=\"aioseo-breadcrumb-separator\">&raquo;<\/span><span class=\"aioseo-breadcrumb\">\n\t\t\tN\u00e1\u0161 \u0161kolsk\u00fd parlament op\u00e4\u0165 zasad\u00e1 !\n\t\t<\/span><\/div>","aioseo_breadcrumb_json":[{"label":"Home","link":"https:\/\/szslucnalc.sk"},{"label":"In\u00e9","link":"https:\/\/szslucnalc.sk\/?cat=8"},{"label":"N\u00e1\u0161 \u0161kolsk\u00fd parlament op\u00e4\u0165 zasad\u00e1 !","link":"https:\/\/szslucnalc.sk\/?p=17959"}],"_links":{"self":[{"href":"https:\/\/szslucnalc.sk\/index.php?rest_route=\/wp\/v2\/posts\/17959","targetHints":{"allow":["GET"]}}],"collection":[{"href":"https:\/\/szslucnalc.sk\/index.php?rest_route=\/wp\/v2\/posts"}],"about":[{"href":"https:\/\/szslucnalc.sk\/index.php?rest_route=\/wp\/v2\/types\/post"}],"author":[{"embeddable":true,"href":"https:\/\/szslucnalc.sk\/index.php?rest_route=\/wp\/v2\/users\/2"}],"replies":[{"embeddable":true,"href":"https:\/\/szslucnalc.sk\/index.php?rest_route=%2Fwp%2Fv2%2Fcomments&post=17959"}],"version-history":[{"count":1,"href":"https:\/\/szslucnalc.sk\/index.php?rest_route=\/wp\/v2\/posts\/17959\/revisions"}],"predecessor-version":[{"id":17961,"href":"https:\/\/szslucnalc.sk\/index.php?rest_route=\/wp\/v2\/posts\/17959\/revisions\/17961"}],"wp:featuredmedia":[{"embeddable":true,"href":"https:\/\/szslucnalc.sk\/index.php?rest_route=\/wp\/v2\/media\/17960"}],"wp:attachment":[{"href":"https:\/\/szslucnalc.sk\/index.php?rest_route=%2Fwp%2Fv2%2Fmedia&parent=17959"}],"wp:term":[{"taxonomy":"category","embeddable":true,"href":"https:\/\/szslucnalc.sk\/index.php?rest_route=%2Fwp%2Fv2%2Fcategories&post=17959"},{"taxonomy":"post_tag","embeddable":true,"href":"https:\/\/szslucnalc.sk\/index.php?rest_route=%2Fwp%2Fv2%2Ftags&post=17959"}],"curies":[{"name":"wp","href":"https:\/\/api.w.org\/{rel}","templated":true}]}}