{"id":17963,"date":"2022-09-28T10:42:04","date_gmt":"2022-09-28T08:42:04","guid":{"rendered":"https:\/\/szslucnalc.sk\/?p=17963"},"modified":"2022-09-28T10:42:06","modified_gmt":"2022-09-28T08:42:06","slug":"svet-potrebuje-pozitivne-myslienky-a-cokoladu-a-svet-tvorime-aj-my-%f0%9f%98%8a","status":"publish","type":"post","link":"https:\/\/szslucnalc.sk\/?p=17963","title":{"rendered":"Svet potrebuje pozit\u00edvne my\u0161lienky a \u010dokol\u00e1du a svet tvor\u00edme aj my \ud83d\ude0a"},"content":{"rendered":"<p>Septembrov\u00e1 13-tka nie je v\u00f4bec ne\u0161\u0165astn\u00fdm \u010d\u00edslom, sk\u00f4r naopak. Mohla by n\u00e1s nakopn\u00fa\u0165 k nie\u010domu pozit\u00edvnemu, ke\u010f\u017ee tento de\u0148 sa oslavuje ako de\u0148 pozit\u00edvneho myslenia a v ten ist\u00fd de\u0148 si pripom\u00edname aj medzin\u00e1rodn\u00fd de\u0148 \u010dokol\u00e1dy. Nako\u013eko n\u00e1m na\u0161e obohacuj\u00face povinnosti na \u0161kole nedopriali osl\u00e1vi\u0165 tieto sviatky presne 13. septembra, preto\u017ee mnoh\u00ed na\u0161i \u0161tudenti boli vycestovan\u00ed, tak sme si tieto dva sviatky pripomenuli d\u0148a 27.9. v utorok. V\u00f4bec n\u00e1m nevadilo, \u017ee to bolo s opozden\u00edm. Ve\u010f je ist\u00e9, lep\u0161ie neskoro ako nikdy \ud83d\ude0a Osladili sme si tento de\u0148 \u010dokol\u00e1dou a pote\u0161ili svoje okolie pozit\u00edvnymi odkazmi. Prajeme V\u00e1m kr\u00e1sny pozit\u00edvny de\u0148 a spokojne si dnes dajte aj jednu cel\u00fa \u010dokol\u00e1du, \u010do by nie \ud83d\ude09<\/p>\n","protected":false},"excerpt":{"rendered":"<p>Septembrov&aacute; 13-tka nie je v&ocirc;bec ne&scaron;&#357;astn&yacute;m &#269;&iacute;slom, sk&ocirc;r naopak. Mohla by n&aacute;s nakopn&uacute;&#357; k nie&#269;omu pozit&iacute;vnemu, ke&#271;&#382;e tento de&#328; sa oslavuje ako de&#328; pozit&iacute;vneho myslenia a<span class=\"excerpt-hellip\"> [\u2026]<\/span><\/p>\n","protected":false},"author":2,"featured_media":17991,"comment_status":"closed","ping_status":"closed","sticky":false,"template":"","format":"standard","meta":{"footnotes":""},"categories":[8],"tags":[],"class_list":["post-17963","post","type-post","status-publish","format-standard","has-post-thumbnail","hentry","category-ine"],"aioseo_notices":[],"aioseo_head":"\n\t\t<!-- All in One SEO 5.0.0.1 - aioseo.com -->\n\t<meta name=\"description\" content=\"Septembrov\u00e1 13-tka nie je v\u00f4bec ne\u0161\u0165astn\u00fdm \u010d\u00edslom, sk\u00f4r naopak. Mohla by n\u00e1s nakopn\u00fa\u0165 k nie\u010domu pozit\u00edvnemu, ke\u010f\u017ee tento de\u0148 sa oslavuje ako de\u0148 pozit\u00edvneho myslenia a v ten ist\u00fd de\u0148 si pripom\u00edname aj medzin\u00e1rodn\u00fd de\u0148 \u010dokol\u00e1dy. Nako\u013eko n\u00e1m na\u0161e obohacuj\u00face povinnosti na \u0161kole nedopriali osl\u00e1vi\u0165 tieto sviatky presne 13. septembra, preto\u017ee mnoh\u00ed na\u0161i \u0161tudenti boli\" \/>\n\t<meta name=\"robots\" content=\"max-image-preview:large\" \/>\n\t<meta name=\"author\" content=\"Miroslav Sekula\"\/>\n\t<link rel=\"canonical\" href=\"https:\/\/szslucnalc.sk\/?p=17963\" \/>\n\t<meta name=\"generator\" content=\"All in One SEO (AIOSEO) 5.0.0.1\" \/>\n\t\t<meta property=\"og:locale\" content=\"sk_SK\" \/>\n\t\t<meta property=\"og:site_name\" content=\"Stredn\u00e1 zdravotn\u00edcka \u0161kola Lu\u010denec - Stredn\u00e1 zdravotn\u00edcka \u0161kola\" \/>\n\t\t<meta property=\"og:type\" content=\"article\" \/>\n\t\t<meta property=\"og:title\" content=\"Svet potrebuje pozit\u00edvne my\u0161lienky a \u010dokol\u00e1du a svet tvor\u00edme aj my \ud83d\ude0a - Stredn\u00e1 zdravotn\u00edcka \u0161kola Lu\u010denec\" \/>\n\t\t<meta property=\"og:description\" content=\"Septembrov\u00e1 13-tka nie je v\u00f4bec ne\u0161\u0165astn\u00fdm \u010d\u00edslom, sk\u00f4r naopak. Mohla by n\u00e1s nakopn\u00fa\u0165 k nie\u010domu pozit\u00edvnemu, ke\u010f\u017ee tento de\u0148 sa oslavuje ako de\u0148 pozit\u00edvneho myslenia a v ten ist\u00fd de\u0148 si pripom\u00edname aj medzin\u00e1rodn\u00fd de\u0148 \u010dokol\u00e1dy. Nako\u013eko n\u00e1m na\u0161e obohacuj\u00face povinnosti na \u0161kole nedopriali osl\u00e1vi\u0165 tieto sviatky presne 13. septembra, preto\u017ee mnoh\u00ed na\u0161i \u0161tudenti boli\" \/>\n\t\t<meta property=\"og:url\" content=\"https:\/\/szslucnalc.sk\/?p=17963\" \/>\n\t\t<meta property=\"og:image\" content=\"https:\/\/szslucnalc.sk\/wp-content\/uploads\/2022\/09\/308623802_1812121785802928_4313239046005929059_n.jpg\" \/>\n\t\t<meta property=\"og:image:secure_url\" content=\"https:\/\/szslucnalc.sk\/wp-content\/uploads\/2022\/09\/308623802_1812121785802928_4313239046005929059_n.jpg\" \/>\n\t\t<meta property=\"og:image:width\" content=\"1536\" \/>\n\t\t<meta property=\"og:image:height\" content=\"2048\" \/>\n\t\t<meta property=\"article:published_time\" content=\"2022-09-28T08:42:04+00:00\" \/>\n\t\t<meta property=\"article:modified_time\" content=\"2022-09-28T08:42:06+00:00\" \/>\n\t\t<meta name=\"twitter:card\" content=\"summary_large_image\" \/>\n\t\t<meta name=\"twitter:title\" content=\"Svet potrebuje pozit\u00edvne my\u0161lienky a \u010dokol\u00e1du a svet tvor\u00edme aj my \ud83d\ude0a - Stredn\u00e1 zdravotn\u00edcka \u0161kola Lu\u010denec\" \/>\n\t\t<meta name=\"twitter:description\" content=\"Septembrov\u00e1 13-tka nie je v\u00f4bec ne\u0161\u0165astn\u00fdm \u010d\u00edslom, sk\u00f4r naopak. Mohla by n\u00e1s nakopn\u00fa\u0165 k nie\u010domu pozit\u00edvnemu, ke\u010f\u017ee tento de\u0148 sa oslavuje ako de\u0148 pozit\u00edvneho myslenia a v ten ist\u00fd de\u0148 si pripom\u00edname aj medzin\u00e1rodn\u00fd de\u0148 \u010dokol\u00e1dy. Nako\u013eko n\u00e1m na\u0161e obohacuj\u00face povinnosti na \u0161kole nedopriali osl\u00e1vi\u0165 tieto sviatky presne 13. septembra, preto\u017ee mnoh\u00ed na\u0161i \u0161tudenti boli\" \/>\n\t\t<meta name=\"twitter:image\" content=\"https:\/\/szslucnalc.sk\/wp-content\/uploads\/2022\/09\/308623802_1812121785802928_4313239046005929059_n.jpg\" \/>\n\t\t<script type=\"application\/ld+json\" class=\"aioseo-schema\">\n\t\t\t{\"@context\":\"https:\\\/\\\/schema.org\",\"@graph\":[{\"@type\":\"BlogPosting\",\"@id\":\"https:\\\/\\\/szslucnalc.sk\\\/?p=17963#blogposting\",\"name\":\"Svet potrebuje pozit\\u00edvne my\\u0161lienky a \\u010dokol\\u00e1du a svet tvor\\u00edme aj my \\ud83d\\ude0a - Stredn\\u00e1 zdravotn\\u00edcka \\u0161kola Lu\\u010denec\",\"headline\":\"Svet potrebuje pozit\\u00edvne my\\u0161lienky a \\u010dokol\\u00e1du a svet tvor\\u00edme aj my \\ud83d\\ude0a\",\"author\":{\"@id\":\"https:\\\/\\\/szslucnalc.sk\\\/?author=2#author\"},\"publisher\":{\"@id\":\"https:\\\/\\\/szslucnalc.sk\\\/#organization\"},\"image\":{\"@type\":\"ImageObject\",\"url\":\"https:\\\/\\\/szslucnalc.sk\\\/wp-content\\\/uploads\\\/2022\\\/09\\\/308623802_1812121785802928_4313239046005929059_n.jpg\",\"width\":1536,\"height\":2048},\"datePublished\":\"2022-09-28T10:42:04+02:00\",\"dateModified\":\"2022-09-28T10:42:06+02:00\",\"inLanguage\":\"sk-SK\",\"mainEntityOfPage\":{\"@id\":\"https:\\\/\\\/szslucnalc.sk\\\/?p=17963#webpage\"},\"isPartOf\":{\"@id\":\"https:\\\/\\\/szslucnalc.sk\\\/?p=17963#webpage\"},\"articleSection\":\"In\\u00e9\"},{\"@type\":\"BreadcrumbList\",\"@id\":\"https:\\\/\\\/szslucnalc.sk\\\/?p=17963#breadcrumblist\",\"itemListElement\":[{\"@type\":\"ListItem\",\"@id\":\"https:\\\/\\\/szslucnalc.sk#listItem\",\"position\":1,\"name\":\"Home\",\"item\":\"https:\\\/\\\/szslucnalc.sk\",\"nextItem\":{\"@type\":\"ListItem\",\"@id\":\"https:\\\/\\\/szslucnalc.sk\\\/?cat=8#listItem\",\"name\":\"In\\u00e9\"}},{\"@type\":\"ListItem\",\"@id\":\"https:\\\/\\\/szslucnalc.sk\\\/?cat=8#listItem\",\"position\":2,\"name\":\"In\\u00e9\",\"item\":\"https:\\\/\\\/szslucnalc.sk\\\/?cat=8\",\"nextItem\":{\"@type\":\"ListItem\",\"@id\":\"https:\\\/\\\/szslucnalc.sk\\\/?p=17963#listItem\",\"name\":\"Svet potrebuje pozit\\u00edvne my\\u0161lienky a \\u010dokol\\u00e1du a svet tvor\\u00edme aj my \\ud83d\\ude0a\"},\"previousItem\":{\"@type\":\"ListItem\",\"@id\":\"https:\\\/\\\/szslucnalc.sk#listItem\",\"name\":\"Home\"}},{\"@type\":\"ListItem\",\"@id\":\"https:\\\/\\\/szslucnalc.sk\\\/?p=17963#listItem\",\"position\":3,\"name\":\"Svet potrebuje pozit\\u00edvne my\\u0161lienky a \\u010dokol\\u00e1du a svet tvor\\u00edme aj my \\ud83d\\ude0a\",\"previousItem\":{\"@type\":\"ListItem\",\"@id\":\"https:\\\/\\\/szslucnalc.sk\\\/?cat=8#listItem\",\"name\":\"In\\u00e9\"}}]},{\"@type\":\"Organization\",\"@id\":\"https:\\\/\\\/szslucnalc.sk\\\/#organization\",\"name\":\"Stredn\\u00e1 zdravotn\\u00edcka \\u0161kola Lu\\u010denec\",\"description\":\"Stredn\\u00e1 zdravotn\\u00edcka \\u0161kola\",\"url\":\"https:\\\/\\\/szslucnalc.sk\\\/\"},{\"@type\":\"Person\",\"@id\":\"https:\\\/\\\/szslucnalc.sk\\\/?author=2#author\",\"url\":\"https:\\\/\\\/szslucnalc.sk\\\/?author=2\",\"name\":\"Miroslav Sekula\"},{\"@type\":\"WebPage\",\"@id\":\"https:\\\/\\\/szslucnalc.sk\\\/?p=17963#webpage\",\"url\":\"https:\\\/\\\/szslucnalc.sk\\\/?p=17963\",\"name\":\"Svet potrebuje pozit\\u00edvne my\\u0161lienky a \\u010dokol\\u00e1du a svet tvor\\u00edme aj my \\ud83d\\ude0a - Stredn\\u00e1 zdravotn\\u00edcka \\u0161kola Lu\\u010denec\",\"description\":\"Septembrov\\u00e1 13-tka nie je v\\u00f4bec ne\\u0161\\u0165astn\\u00fdm \\u010d\\u00edslom, sk\\u00f4r naopak. Mohla by n\\u00e1s nakopn\\u00fa\\u0165 k nie\\u010domu pozit\\u00edvnemu, ke\\u010f\\u017ee tento de\\u0148 sa oslavuje ako de\\u0148 pozit\\u00edvneho myslenia a v ten ist\\u00fd de\\u0148 si pripom\\u00edname aj medzin\\u00e1rodn\\u00fd de\\u0148 \\u010dokol\\u00e1dy. Nako\\u013eko n\\u00e1m na\\u0161e obohacuj\\u00face povinnosti na \\u0161kole nedopriali osl\\u00e1vi\\u0165 tieto sviatky presne 13. septembra, preto\\u017ee mnoh\\u00ed na\\u0161i \\u0161tudenti boli\",\"inLanguage\":\"sk-SK\",\"isPartOf\":{\"@id\":\"https:\\\/\\\/szslucnalc.sk\\\/#website\"},\"breadcrumb\":{\"@id\":\"https:\\\/\\\/szslucnalc.sk\\\/?p=17963#breadcrumblist\"},\"author\":{\"@id\":\"https:\\\/\\\/szslucnalc.sk\\\/?author=2#author\"},\"creator\":{\"@id\":\"https:\\\/\\\/szslucnalc.sk\\\/?author=2#author\"},\"image\":{\"@type\":\"ImageObject\",\"url\":\"https:\\\/\\\/szslucnalc.sk\\\/wp-content\\\/uploads\\\/2022\\\/09\\\/308623802_1812121785802928_4313239046005929059_n.jpg\",\"@id\":\"https:\\\/\\\/szslucnalc.sk\\\/?p=17963\\\/#mainImage\",\"width\":1536,\"height\":2048},\"primaryImageOfPage\":{\"@id\":\"https:\\\/\\\/szslucnalc.sk\\\/?p=17963#mainImage\"},\"datePublished\":\"2022-09-28T10:42:04+02:00\",\"dateModified\":\"2022-09-28T10:42:06+02:00\"},{\"@type\":\"WebSite\",\"@id\":\"https:\\\/\\\/szslucnalc.sk\\\/#website\",\"url\":\"https:\\\/\\\/szslucnalc.sk\\\/\",\"name\":\"Stredn\\u00e1 zdravotn\\u00edcka \\u0161kola Lu\\u010denec\",\"description\":\"Stredn\\u00e1 zdravotn\\u00edcka \\u0161kola\",\"inLanguage\":\"sk-SK\",\"publisher\":{\"@id\":\"https:\\\/\\\/szslucnalc.sk\\\/#organization\"}}]}\n\t\t<\/script>\n\t\t<!-- All in One SEO -->\n\n","aioseo_head_json":{"title":"Svet potrebuje pozit\u00edvne my\u0161lienky a \u010dokol\u00e1du a svet tvor\u00edme aj my \ud83d\ude0a - Stredn\u00e1 zdravotn\u00edcka \u0161kola Lu\u010denec","description":"Septembrov\u00e1 13-tka nie je v\u00f4bec ne\u0161\u0165astn\u00fdm \u010d\u00edslom, sk\u00f4r naopak. Mohla by n\u00e1s nakopn\u00fa\u0165 k nie\u010domu pozit\u00edvnemu, ke\u010f\u017ee tento de\u0148 sa oslavuje ako de\u0148 pozit\u00edvneho myslenia a v ten ist\u00fd de\u0148 si pripom\u00edname aj medzin\u00e1rodn\u00fd de\u0148 \u010dokol\u00e1dy. Nako\u013eko n\u00e1m na\u0161e obohacuj\u00face povinnosti na \u0161kole nedopriali osl\u00e1vi\u0165 tieto sviatky presne 13. septembra, preto\u017ee mnoh\u00ed na\u0161i \u0161tudenti boli","canonical_url":"https:\/\/szslucnalc.sk\/?p=17963","robots":"max-image-preview:large","keywords":"","webmasterTools":{"miscellaneous":""},"schema":{"@context":"https:\/\/schema.org","@graph":[{"@type":"BlogPosting","@id":"https:\/\/szslucnalc.sk\/?p=17963#blogposting","name":"Svet potrebuje pozit\u00edvne my\u0161lienky a \u010dokol\u00e1du a svet tvor\u00edme aj my \ud83d\ude0a - Stredn\u00e1 zdravotn\u00edcka \u0161kola Lu\u010denec","headline":"Svet potrebuje pozit\u00edvne my\u0161lienky a \u010dokol\u00e1du a svet tvor\u00edme aj my \ud83d\ude0a","author":{"@id":"https:\/\/szslucnalc.sk\/?author=2#author"},"publisher":{"@id":"https:\/\/szslucnalc.sk\/#organization"},"image":{"@type":"ImageObject","url":"https:\/\/szslucnalc.sk\/wp-content\/uploads\/2022\/09\/308623802_1812121785802928_4313239046005929059_n.jpg","width":1536,"height":2048},"datePublished":"2022-09-28T10:42:04+02:00","dateModified":"2022-09-28T10:42:06+02:00","inLanguage":"sk-SK","mainEntityOfPage":{"@id":"https:\/\/szslucnalc.sk\/?p=17963#webpage"},"isPartOf":{"@id":"https:\/\/szslucnalc.sk\/?p=17963#webpage"},"articleSection":"In\u00e9"},{"@type":"BreadcrumbList","@id":"https:\/\/szslucnalc.sk\/?p=17963#breadcrumblist","itemListElement":[{"@type":"ListItem","@id":"https:\/\/szslucnalc.sk#listItem","position":1,"name":"Home","item":"https:\/\/szslucnalc.sk","nextItem":{"@type":"ListItem","@id":"https:\/\/szslucnalc.sk\/?cat=8#listItem","name":"In\u00e9"}},{"@type":"ListItem","@id":"https:\/\/szslucnalc.sk\/?cat=8#listItem","position":2,"name":"In\u00e9","item":"https:\/\/szslucnalc.sk\/?cat=8","nextItem":{"@type":"ListItem","@id":"https:\/\/szslucnalc.sk\/?p=17963#listItem","name":"Svet potrebuje pozit\u00edvne my\u0161lienky a \u010dokol\u00e1du a svet tvor\u00edme aj my \ud83d\ude0a"},"previousItem":{"@type":"ListItem","@id":"https:\/\/szslucnalc.sk#listItem","name":"Home"}},{"@type":"ListItem","@id":"https:\/\/szslucnalc.sk\/?p=17963#listItem","position":3,"name":"Svet potrebuje pozit\u00edvne my\u0161lienky a \u010dokol\u00e1du a svet tvor\u00edme aj my \ud83d\ude0a","previousItem":{"@type":"ListItem","@id":"https:\/\/szslucnalc.sk\/?cat=8#listItem","name":"In\u00e9"}}]},{"@type":"Organization","@id":"https:\/\/szslucnalc.sk\/#organization","name":"Stredn\u00e1 zdravotn\u00edcka \u0161kola Lu\u010denec","description":"Stredn\u00e1 zdravotn\u00edcka \u0161kola","url":"https:\/\/szslucnalc.sk\/"},{"@type":"Person","@id":"https:\/\/szslucnalc.sk\/?author=2#author","url":"https:\/\/szslucnalc.sk\/?author=2","name":"Miroslav Sekula"},{"@type":"WebPage","@id":"https:\/\/szslucnalc.sk\/?p=17963#webpage","url":"https:\/\/szslucnalc.sk\/?p=17963","name":"Svet potrebuje pozit\u00edvne my\u0161lienky a \u010dokol\u00e1du a svet tvor\u00edme aj my \ud83d\ude0a - Stredn\u00e1 zdravotn\u00edcka \u0161kola Lu\u010denec","description":"Septembrov\u00e1 13-tka nie je v\u00f4bec ne\u0161\u0165astn\u00fdm \u010d\u00edslom, sk\u00f4r naopak. Mohla by n\u00e1s nakopn\u00fa\u0165 k nie\u010domu pozit\u00edvnemu, ke\u010f\u017ee tento de\u0148 sa oslavuje ako de\u0148 pozit\u00edvneho myslenia a v ten ist\u00fd de\u0148 si pripom\u00edname aj medzin\u00e1rodn\u00fd de\u0148 \u010dokol\u00e1dy. Nako\u013eko n\u00e1m na\u0161e obohacuj\u00face povinnosti na \u0161kole nedopriali osl\u00e1vi\u0165 tieto sviatky presne 13. septembra, preto\u017ee mnoh\u00ed na\u0161i \u0161tudenti boli","inLanguage":"sk-SK","isPartOf":{"@id":"https:\/\/szslucnalc.sk\/#website"},"breadcrumb":{"@id":"https:\/\/szslucnalc.sk\/?p=17963#breadcrumblist"},"author":{"@id":"https:\/\/szslucnalc.sk\/?author=2#author"},"creator":{"@id":"https:\/\/szslucnalc.sk\/?author=2#author"},"image":{"@type":"ImageObject","url":"https:\/\/szslucnalc.sk\/wp-content\/uploads\/2022\/09\/308623802_1812121785802928_4313239046005929059_n.jpg","@id":"https:\/\/szslucnalc.sk\/?p=17963\/#mainImage","width":1536,"height":2048},"primaryImageOfPage":{"@id":"https:\/\/szslucnalc.sk\/?p=17963#mainImage"},"datePublished":"2022-09-28T10:42:04+02:00","dateModified":"2022-09-28T10:42:06+02:00"},{"@type":"WebSite","@id":"https:\/\/szslucnalc.sk\/#website","url":"https:\/\/szslucnalc.sk\/","name":"Stredn\u00e1 zdravotn\u00edcka \u0161kola Lu\u010denec","description":"Stredn\u00e1 zdravotn\u00edcka \u0161kola","inLanguage":"sk-SK","publisher":{"@id":"https:\/\/szslucnalc.sk\/#organization"}}]},"og:locale":"sk_SK","og:site_name":"Stredn\u00e1 zdravotn\u00edcka \u0161kola Lu\u010denec - Stredn\u00e1 zdravotn\u00edcka \u0161kola","og:type":"article","og:title":"Svet potrebuje pozit\u00edvne my\u0161lienky a \u010dokol\u00e1du a svet tvor\u00edme aj my \ud83d\ude0a - Stredn\u00e1 zdravotn\u00edcka \u0161kola Lu\u010denec","og:description":"Septembrov\u00e1 13-tka nie je v\u00f4bec ne\u0161\u0165astn\u00fdm \u010d\u00edslom, sk\u00f4r naopak. Mohla by n\u00e1s nakopn\u00fa\u0165 k nie\u010domu pozit\u00edvnemu, ke\u010f\u017ee tento de\u0148 sa oslavuje ako de\u0148 pozit\u00edvneho myslenia a v ten ist\u00fd de\u0148 si pripom\u00edname aj medzin\u00e1rodn\u00fd de\u0148 \u010dokol\u00e1dy. Nako\u013eko n\u00e1m na\u0161e obohacuj\u00face povinnosti na \u0161kole nedopriali osl\u00e1vi\u0165 tieto sviatky presne 13. septembra, preto\u017ee mnoh\u00ed na\u0161i \u0161tudenti boli","og:url":"https:\/\/szslucnalc.sk\/?p=17963","og:image":"https:\/\/szslucnalc.sk\/wp-content\/uploads\/2022\/09\/308623802_1812121785802928_4313239046005929059_n.jpg","og:image:secure_url":"https:\/\/szslucnalc.sk\/wp-content\/uploads\/2022\/09\/308623802_1812121785802928_4313239046005929059_n.jpg","og:image:width":1536,"og:image:height":2048,"article:published_time":"2022-09-28T08:42:04+00:00","article:modified_time":"2022-09-28T08:42:06+00:00","twitter:card":"summary_large_image","twitter:title":"Svet potrebuje pozit\u00edvne my\u0161lienky a \u010dokol\u00e1du a svet tvor\u00edme aj my \ud83d\ude0a - Stredn\u00e1 zdravotn\u00edcka \u0161kola Lu\u010denec","twitter:description":"Septembrov\u00e1 13-tka nie je v\u00f4bec ne\u0161\u0165astn\u00fdm \u010d\u00edslom, sk\u00f4r naopak. Mohla by n\u00e1s nakopn\u00fa\u0165 k nie\u010domu pozit\u00edvnemu, ke\u010f\u017ee tento de\u0148 sa oslavuje ako de\u0148 pozit\u00edvneho myslenia a v ten ist\u00fd de\u0148 si pripom\u00edname aj medzin\u00e1rodn\u00fd de\u0148 \u010dokol\u00e1dy. Nako\u013eko n\u00e1m na\u0161e obohacuj\u00face povinnosti na \u0161kole nedopriali osl\u00e1vi\u0165 tieto sviatky presne 13. septembra, preto\u017ee mnoh\u00ed na\u0161i \u0161tudenti boli","twitter:image":"https:\/\/szslucnalc.sk\/wp-content\/uploads\/2022\/09\/308623802_1812121785802928_4313239046005929059_n.jpg"},"aioseo_meta_data":{"post_id":"17963","title":null,"description":null,"keywords":null,"keyphrases":null,"primary_term":null,"canonical_url":null,"og_title":null,"og_description":null,"og_object_type":"default","og_image_type":"default","og_image_url":null,"og_image_width":null,"og_image_height":null,"og_image_custom_url":null,"og_image_custom_fields":null,"og_video":null,"og_custom_url":null,"og_article_section":null,"og_article_tags":null,"twitter_use_og":false,"twitter_card":"default","twitter_image_type":"default","twitter_image_url":null,"twitter_image_custom_url":null,"twitter_image_custom_fields":null,"twitter_title":null,"twitter_description":null,"schema":{"blockGraphs":[],"customGraphs":[],"default":{"data":{"Article":[],"Course":[],"Dataset":[],"FAQPage":[],"Movie":[],"Person":[],"Product":[],"ProductReview":[],"Car":[],"Recipe":[],"Service":[],"SoftwareApplication":[],"WebPage":[]},"graphName":"","isEnabled":true},"graphs":[]},"schema_type":"default","schema_type_options":null,"pillar_content":false,"robots_default":true,"robots_noindex":false,"robots_noarchive":false,"robots_nosnippet":false,"robots_nofollow":false,"robots_noimageindex":false,"robots_noodp":false,"robots_notranslate":false,"robots_max_snippet":null,"robots_max_videopreview":null,"robots_max_imagepreview":"large","priority":null,"frequency":null,"local_seo":null,"breadcrumb_settings":null,"limit_modified_date":false,"ai":null,"created":"2023-09-15 17:30:32","updated":"2025-06-26 15:08:13","seo_analyzer_scan_date":null,"focus_keyword":null,"additional_keywords":null,"truseo_locale":null},"aioseo_breadcrumb":"<div class=\"aioseo-breadcrumbs\"><span class=\"aioseo-breadcrumb\">\n\t\t\t<a href=\"https:\/\/szslucnalc.sk\" title=\"Home\">Home<\/a>\n\t\t<\/span><span class=\"aioseo-breadcrumb-separator\">&raquo;<\/span><span class=\"aioseo-breadcrumb\">\n\t\t\t<a href=\"https:\/\/szslucnalc.sk\/?cat=8\" title=\"In\u00e9\">In\u00e9<\/a>\n\t\t<\/span><span class=\"aioseo-breadcrumb-separator\">&raquo;<\/span><span class=\"aioseo-breadcrumb\">\n\t\t\tSvet potrebuje pozit\u00edvne my\u0161lienky a \u010dokol\u00e1du a svet tvor\u00edme aj my \ud83d\ude0a\n\t\t<\/span><\/div>","aioseo_breadcrumb_json":[{"label":"Home","link":"https:\/\/szslucnalc.sk"},{"label":"In\u00e9","link":"https:\/\/szslucnalc.sk\/?cat=8"},{"label":"Svet potrebuje pozit\u00edvne my\u0161lienky a \u010dokol\u00e1du a svet tvor\u00edme aj my \ud83d\ude0a","link":"https:\/\/szslucnalc.sk\/?p=17963"}],"_links":{"self":[{"href":"https:\/\/szslucnalc.sk\/index.php?rest_route=\/wp\/v2\/posts\/17963","targetHints":{"allow":["GET"]}}],"collection":[{"href":"https:\/\/szslucnalc.sk\/index.php?rest_route=\/wp\/v2\/posts"}],"about":[{"href":"https:\/\/szslucnalc.sk\/index.php?rest_route=\/wp\/v2\/types\/post"}],"author":[{"embeddable":true,"href":"https:\/\/szslucnalc.sk\/index.php?rest_route=\/wp\/v2\/users\/2"}],"replies":[{"embeddable":true,"href":"https:\/\/szslucnalc.sk\/index.php?rest_route=%2Fwp%2Fv2%2Fcomments&post=17963"}],"version-history":[{"count":1,"href":"https:\/\/szslucnalc.sk\/index.php?rest_route=\/wp\/v2\/posts\/17963\/revisions"}],"predecessor-version":[{"id":17992,"href":"https:\/\/szslucnalc.sk\/index.php?rest_route=\/wp\/v2\/posts\/17963\/revisions\/17992"}],"wp:featuredmedia":[{"embeddable":true,"href":"https:\/\/szslucnalc.sk\/index.php?rest_route=\/wp\/v2\/media\/17991"}],"wp:attachment":[{"href":"https:\/\/szslucnalc.sk\/index.php?rest_route=%2Fwp%2Fv2%2Fmedia&parent=17963"}],"wp:term":[{"taxonomy":"category","embeddable":true,"href":"https:\/\/szslucnalc.sk\/index.php?rest_route=%2Fwp%2Fv2%2Fcategories&post=17963"},{"taxonomy":"post_tag","embeddable":true,"href":"https:\/\/szslucnalc.sk\/index.php?rest_route=%2Fwp%2Fv2%2Ftags&post=17963"}],"curies":[{"name":"wp","href":"https:\/\/api.w.org\/{rel}","templated":true}]}}