{"id":17994,"date":"2022-09-30T10:56:38","date_gmt":"2022-09-30T08:56:38","guid":{"rendered":"https:\/\/szslucnalc.sk\/?p=17994"},"modified":"2022-09-30T10:56:51","modified_gmt":"2022-09-30T08:56:51","slug":"mladi-podnikavci-novohradu","status":"publish","type":"post","link":"https:\/\/szslucnalc.sk\/?p=17994","title":{"rendered":"Mlad\u00ed Podnikavci Novohradu"},"content":{"rendered":"<p>Sta\u0148 sa hviezdou regi\u00f3nu<\/p>\n<p>V Lu\u010denci \u201e neskapal pes\u201c. Presved\u010dili n\u00e1s o tom  29.septembra na p\u00f4de na\u0161ej zdravotky koordin\u00e1torky projektu Mlad\u00ed podnikavci Novohradu, ktor\u00fd za\u010d\u00edna v Lu\u010denci v pondelok 3.10. o 16.00 hod.  v coworkingu Priestor, M. R\u00e1zusa 13 v Lu\u010denci workshopom.<\/p>\n<p>H\u013eadaj\u00fa  mlad\u00fdch, akt\u00edvnych, talentovan\u00fdch \u013eud\u00ed, ktor\u00ed sa neboja uk\u00e1za\u0165 svoj potenci\u00e1l a sta\u0165 sa hviezdou (nie len) svojho regi\u00f3nu. Cie\u013eom  je vytvori\u0165 priestor, mo\u017enosti a aktivity, ktor\u00e9 by  umo\u017enili mlad\u00fdm \u013eu\u010fom v meste naplno si u\u017e\u00edva\u0165 svoj talent, stret\u00e1va\u0165 sa s rovnako tvoriv\u00fdmi mlad\u00fdmi \u013eu\u010fmi a uplatni\u0165 sa v medi\u00e1lnej oblasti- tvori\u0165 magaz\u00edn, by\u0165 s\u00fa\u010das\u0165ou redak\u010dn\u00e9ho t\u00edmu, prin\u00e1\u0161a\u0165 zauj\u00edmav\u00e9 t\u00e9my a rozhovory, report\u00e1\u017ee, stret\u00e1va\u0165 zauj\u00edmav\u00fdch \u013eud\u00ed . Projekt pon\u00faka kopec zauj\u00edmav\u00fdch workshopov, miesto redaktora \/ redaktorky, akt\u00edvneho blogera \/ blogerky, \u2026. Workshopy bud\u00fa zameran\u00e9 na kompetencie : medi\u00e1lna a digit\u00e1lna gramotnos\u0165, tvorivos\u0165, komunika\u010dn\u00e9 zru\u010dnosti, t\u00edmov\u00fa spolupr\u00e1cu, kritick\u00e9 myslenie a prezenta\u010dn\u00e9 zru\u010dnosti. \u0160tudenti maj\u00fa mo\u017enos\u0165 rozv\u00edja\u0165 svoje zru\u010dnosti v p\u00edsan\u00ed textov, h\u013eadan\u00ed zauj\u00edmav\u00fdch t\u00e9m, komunik\u00e1cii s \u013eu\u010fmi, tvorbe grafiky, moderovan\u00ed a vystupovan\u00ed na verejnosti a organizovan\u00ed.<br \/>\nPodmienkou je sp\u013a\u0148a\u0165 vekov\u00e9 krit\u00e9rium  od 16 do 30 rokov a ma\u0165 chu\u0165 medi\u00e1lne r\u00e1s\u0165.<br \/>\nPotom u\u017e sta\u010d\u00ed otvori\u0165 FB str\u00e1nku Mlad\u00ed Podnikavci Novohradu a vyplni\u0165 prihl\u00e1\u0161ku.<br \/>\nZa pokus to ur\u010dite stoj\u00ed!<br \/>\nA.B\u00e1lintov\u00e1<\/p>\n","protected":false},"excerpt":{"rendered":"<p>Sta&#328; sa hviezdou regi&oacute;nu V Lu&#269;enci &bdquo; neskapal pes&ldquo;. Presved&#269;ili n&aacute;s o tom 29.septembra na p&ocirc;de na&scaron;ej zdravotky koordin&aacute;torky projektu Mlad&iacute; podnikavci Novohradu, ktor&yacute; za&#269;&iacute;na v<span class=\"excerpt-hellip\"> [\u2026]<\/span><\/p>\n","protected":false},"author":2,"featured_media":17995,"comment_status":"closed","ping_status":"closed","sticky":false,"template":"","format":"standard","meta":{"footnotes":""},"categories":[3],"tags":[],"class_list":["post-17994","post","type-post","status-publish","format-standard","has-post-thumbnail","hentry","category-kultura"],"aioseo_notices":[],"_links":{"self":[{"href":"https:\/\/szslucnalc.sk\/index.php?rest_route=\/wp\/v2\/posts\/17994","targetHints":{"allow":["GET"]}}],"collection":[{"href":"https:\/\/szslucnalc.sk\/index.php?rest_route=\/wp\/v2\/posts"}],"about":[{"href":"https:\/\/szslucnalc.sk\/index.php?rest_route=\/wp\/v2\/types\/post"}],"author":[{"embeddable":true,"href":"https:\/\/szslucnalc.sk\/index.php?rest_route=\/wp\/v2\/users\/2"}],"replies":[{"embeddable":true,"href":"https:\/\/szslucnalc.sk\/index.php?rest_route=%2Fwp%2Fv2%2Fcomments&post=17994"}],"version-history":[{"count":1,"href":"https:\/\/szslucnalc.sk\/index.php?rest_route=\/wp\/v2\/posts\/17994\/revisions"}],"predecessor-version":[{"id":17996,"href":"https:\/\/szslucnalc.sk\/index.php?rest_route=\/wp\/v2\/posts\/17994\/revisions\/17996"}],"wp:featuredmedia":[{"embeddable":true,"href":"https:\/\/szslucnalc.sk\/index.php?rest_route=\/wp\/v2\/media\/17995"}],"wp:attachment":[{"href":"https:\/\/szslucnalc.sk\/index.php?rest_route=%2Fwp%2Fv2%2Fmedia&parent=17994"}],"wp:term":[{"taxonomy":"category","embeddable":true,"href":"https:\/\/szslucnalc.sk\/index.php?rest_route=%2Fwp%2Fv2%2Fcategories&post=17994"},{"taxonomy":"post_tag","embeddable":true,"href":"https:\/\/szslucnalc.sk\/index.php?rest_route=%2Fwp%2Fv2%2Ftags&post=17994"}],"curies":[{"name":"wp","href":"https:\/\/api.w.org\/{rel}","templated":true}]}}