{"id":17997,"date":"2022-10-03T13:24:15","date_gmt":"2022-10-03T11:24:15","guid":{"rendered":"https:\/\/szslucnalc.sk\/?p=17997"},"modified":"2022-10-03T13:24:16","modified_gmt":"2022-10-03T11:24:16","slug":"den-zdravia-na-sck","status":"publish","type":"post","link":"https:\/\/szslucnalc.sk\/?p=17997","title":{"rendered":"De\u0148 zdravia na S\u010cK"},"content":{"rendered":"<p>19.augusta 2022 sa za\u010dal nieko\u013ekot\u00fd\u017ed\u0148ov\u00fd program cezhrani\u010dnej spolupr\u00e1ce medzi Bor\u0161odsko \u2013 Abovsko \u2013 Zempl\u00ednskou \u017eupnou organiz\u00e1ciou ma\u010farsk\u00e9ho \u010cerven\u00e9ho kr\u00ed\u017ea a \u00fazemn\u00fdm spolkom S\u010cK  so s\u00eddlom v Lu\u010denci.<br \/>\nHlavn\u00fdm cie\u013eom projektu bolo zlep\u0161i\u0165 \u0161ance \u013eud\u00ed so zmenen\u00fdmi pracovn\u00fdmi schopnos\u0165ami za\u010dleni\u0165 sa na trh pr\u00e1ce. Nasledovali workshopy, remeseln\u00e9 burzy, prehliadky chr\u00e1nen\u00fdch dielni a soci\u00e1lnych podnikov. Stretnutia boli zameran\u00e9 na v\u00fdmenu  inform\u00e1ci\u00ed a sk\u00fasenosti s integr\u00e1ciou t\u00fdchto os\u00f4b na trhu pr\u00e1ce.<br \/>\nZ\u00e1vere\u010dn\u00e9 podujatie sa konalo 28.septembra 2022 na p\u00f4de \u010cerven\u00e9ho kr\u00ed\u017ea v Lu\u010denci. Z\u00fa\u010dastnilo sa ho aj 8 \u017eiakov na\u0161ej \u0161koly. V r\u00e1mci tohto d\u0148a sa  pon\u00fakali relaxa\u010dn\u00e9 slu\u017eby \u2013 mas\u00e1\u017ee, meranie krvn\u00e9ho tlaku, glyk\u00e9mie, meranie zdravia, pr\u00edpravky zdravej v\u00fd\u017eivy, bio ovocie z mestsk\u00fdch sadov.<br \/>\nSme radi, \u017ee sme sa mohli tohto podujatia z\u00fa\u010dastni\u0165 a vyu\u017ei\u0165 na\u0161e vedomosti a zru\u010dnosti pri starostlivosti o zdravie.<\/p>\n<p>Lucia Pe\u0165kov\u00e1 IV.B<\/p>\n","protected":false},"excerpt":{"rendered":"<p>19.augusta 2022 sa za&#269;al nieko&#318;kot&yacute;&#382;d&#328;ov&yacute; program cezhrani&#269;nej spolupr&aacute;ce medzi Bor&scaron;odsko &ndash; Abovsko &ndash; Zempl&iacute;nskou &#382;upnou organiz&aacute;ciou ma&#271;arsk&eacute;ho &#268;erven&eacute;ho kr&iacute;&#382;a a &uacute;zemn&yacute;m spolkom S&#268;K so s&iacute;dlom v<span class=\"excerpt-hellip\"> [\u2026]<\/span><\/p>\n","protected":false},"author":2,"featured_media":18004,"comment_status":"closed","ping_status":"closed","sticky":false,"template":"","format":"standard","meta":{"footnotes":""},"categories":[8],"tags":[],"class_list":["post-17997","post","type-post","status-publish","format-standard","has-post-thumbnail","hentry","category-ine"],"aioseo_notices":[],"_links":{"self":[{"href":"https:\/\/szslucnalc.sk\/index.php?rest_route=\/wp\/v2\/posts\/17997","targetHints":{"allow":["GET"]}}],"collection":[{"href":"https:\/\/szslucnalc.sk\/index.php?rest_route=\/wp\/v2\/posts"}],"about":[{"href":"https:\/\/szslucnalc.sk\/index.php?rest_route=\/wp\/v2\/types\/post"}],"author":[{"embeddable":true,"href":"https:\/\/szslucnalc.sk\/index.php?rest_route=\/wp\/v2\/users\/2"}],"replies":[{"embeddable":true,"href":"https:\/\/szslucnalc.sk\/index.php?rest_route=%2Fwp%2Fv2%2Fcomments&post=17997"}],"version-history":[{"count":1,"href":"https:\/\/szslucnalc.sk\/index.php?rest_route=\/wp\/v2\/posts\/17997\/revisions"}],"predecessor-version":[{"id":18018,"href":"https:\/\/szslucnalc.sk\/index.php?rest_route=\/wp\/v2\/posts\/17997\/revisions\/18018"}],"wp:featuredmedia":[{"embeddable":true,"href":"https:\/\/szslucnalc.sk\/index.php?rest_route=\/wp\/v2\/media\/18004"}],"wp:attachment":[{"href":"https:\/\/szslucnalc.sk\/index.php?rest_route=%2Fwp%2Fv2%2Fmedia&parent=17997"}],"wp:term":[{"taxonomy":"category","embeddable":true,"href":"https:\/\/szslucnalc.sk\/index.php?rest_route=%2Fwp%2Fv2%2Fcategories&post=17997"},{"taxonomy":"post_tag","embeddable":true,"href":"https:\/\/szslucnalc.sk\/index.php?rest_route=%2Fwp%2Fv2%2Ftags&post=17997"}],"curies":[{"name":"wp","href":"https:\/\/api.w.org\/{rel}","templated":true}]}}